{"id":10276,"date":"2021-09-26T21:27:21","date_gmt":"2021-09-26T21:27:21","guid":{"rendered":"http:\/\/nuevacordoba.net\/index.php\/2021\/09\/26\/san-marino-amplio-apoyo-a-la-legalizacion-del-aborto-en-el-referendo\/"},"modified":"2021-09-26T21:27:21","modified_gmt":"2021-09-26T21:27:21","slug":"san-marino-amplio-apoyo-a-la-legalizacion-del-aborto-en-el-referendo","status":"publish","type":"post","link":"http:\/\/nuevacordoba.net\/index.php\/2021\/09\/26\/san-marino-amplio-apoyo-a-la-legalizacion-del-aborto-en-el-referendo\/","title":{"rendered":"San Marino: amplio apoyo a la legalizaci\u00f3n del aborto en el referendo"},"content":{"rendered":"<div class=\"image\" id=\"image\" readability=\"7\"> <img src=\"http:\/\/nuevacordoba.net\/wp-content\/uploads\/2021\/09\/san-marino-amplio-apoyo-a-la-legalizacion-del-aborto-en-el-referendo.jpg\" alt=\"Un total de 35.411 votantes fueron llamados a las urnas.\" title=\"Un total de 35.411 votantes fueron llamados a las urnas.\"><\/p>\n<p>Un total de 35.411 votantes fueron llamados a las urnas.<\/p>\n<\/div>\n<p>En 33 de los 37 centros de votaci\u00f3n, <strong>77% de los ciudadanos se pronunci\u00f3 a favor <\/strong>de conceder a las mujeres la libre elecci\u00f3n de abortar <strong>hasta las 12 semanas de embarazo<\/strong> o en caso de amenaza para la vida de la madre o de malformaciones en el feto, seg\u00fan la agencia de noticias AFP.<\/p>\n<p>La cuesti\u00f3n de la legalizaci\u00f3n del aborto aparec\u00eda como muy controvertida en este peque\u00f1o estado de fuerte tradici\u00f3n cat\u00f3lica y geogr\u00e1ficamente rodeado por Italia, donde la interrupci\u00f3n del embarazo es legal desde hace 43 a\u00f1os.<\/p>\n<p>Los activistas a favor de la iniciativa esperaban que esta pintoresca rep\u00fablica se alineara con la mayor parte de Europa en el levantamiento de lo que actualmente es una prohibici\u00f3n absoluta de interrumpir un embarazo.<\/p>\n<p>Pero la<strong> influencia de la iglesia cat\u00f3lica sigue siendo fuerte<\/strong> y el papa Francisco reiter\u00f3 la semana pasada su posici\u00f3n inflexible afirmando que el aborto es \u00abun asesinato\u00bb.<\/p>\n<p>Un total de <strong>35.411 votantes<\/strong> fueron llamados a las urnas, un tercio de ellos en el extranjero.<\/p>\n<p>San Marino, Malta, Andorra y el Vaticano son los \u00faltimos lugares de Europa que tiene una prohibici\u00f3n total del aborto, incluso en casos de violaci\u00f3n o incesto, de graves da\u00f1os al feto o de riesgo para la vida de la madre.<\/p>\n<p>El referendo fue impulsado por la Uni\u00f3n de Mujeres de San Marino (UDS).<\/p>\n<p>La pregunta fue si se debe permitir o no el aborto hasta las 12 semanas de embarazo.<\/p>\n<p>A partir de la duod\u00e9cima semana, el aborto solo se permitir\u00eda si la vida de la madre estuviera en peligro o en caso de anomal\u00edas fetales que pudieran perjudicar a la mujer f\u00edsica o psicol\u00f3gicamente.<\/p>\n<p>\u00abEsperamos ganar, la mayor\u00eda de los j\u00f3venes est\u00e1n de nuestro lado, porque es un tema que afecta directamente sus vidas\u00bb, hab\u00eda dicho Francesca Nicolini, una m\u00e9dica de 60 a\u00f1os y miembro de la UDS.<\/p>\n<p>\u00ab<strong>Es inaceptable tratar de criminales a las mujeres que se ven obligadas a abortar\u00bb<\/strong>, sostuvo.<\/p>\n<p>En la actualidad, el aborto conlleva una pena de hasta tres a\u00f1os de prisi\u00f3n para la mujer y de seis a\u00f1os para el m\u00e9dico que realiza el procedimiento. Sin embargo, nunca se conden\u00f3 a nadie.<\/p>\n<p>Las mujeres que deciden abortar suelen viajar a Italia para hacerlo.<\/p>\n<p>La oposici\u00f3n a la despenalizaci\u00f3n del aborto parec\u00eda fuerte y estuvo liderada por el gobernante Partido Dem\u00f3crata Cristiano, de fuertes v\u00ednculos con la Iglesia cat\u00f3lica.<\/p>\n<p>El obispo de San Marino-Montefeltro, Andrea Turazzi, se\u00f1al\u00f3 que la Iglesia est\u00e1 \u00abdecididamente en contra\u00bb, recordando las palabras del papa Francisco la semana pasada.<\/p>\n<p>\u00abCient\u00edficamente es una vida humana. \u00bfEs correcto acabar con ella para resolver un problema?\u00bb, dijo el pont\u00edfice a los periodistas de regreso de su viaje a Eslovaquia.<\/p>\n<p>\u00abLa poblaci\u00f3n est\u00e1 muy dividida sobre el tema\u00bb, afirma Manuel Ciavatta, vicesecretario del Partido Dem\u00f3crata Cristiano, que cuenta con algo m\u00e1s de un tercio de los diputados.<\/p>\n<p>\u00abE incluso en el parlamento, hay miembros de partidos progresistas que est\u00e1n en contra del aborto, y diputados de la derecha que est\u00e1n a favor del derecho al aborto, especialmente en casos de violaci\u00f3n o de anomal\u00edas fetales\u00bb, indic\u00f3.<\/p>\n<p>No obstante, Ciavatta afirm\u00f3 que, sea cual sea el resultado, su partido \u00abrespetar\u00e1 la voz de los votantes\u00bb. <\/p>\n","protected":false},"excerpt":{"rendered":"<p>Un total de 35.411 votantes fueron llamados a las urnas. En 33 de los 37 centros de votaci\u00f3n, 77% de los ciudadanos se pronunci\u00f3 a favor de conceder a las mujeres la libre elecci\u00f3n de abortar hasta las 12 semanas de embarazo o en caso de amenaza para la vida de la madre o de [&hellip;]<\/p>\n","protected":false},"author":1,"featured_media":10277,"comment_status":"closed","ping_status":"closed","sticky":false,"template":"","format":"standard","meta":[],"categories":[13],"tags":[],"_links":{"self":[{"href":"http:\/\/nuevacordoba.net\/index.php\/wp-json\/wp\/v2\/posts\/10276"}],"collection":[{"href":"http:\/\/nuevacordoba.net\/index.php\/wp-json\/wp\/v2\/posts"}],"about":[{"href":"http:\/\/nuevacordoba.net\/index.php\/wp-json\/wp\/v2\/types\/post"}],"author":[{"embeddable":true,"href":"http:\/\/nuevacordoba.net\/index.php\/wp-json\/wp\/v2\/users\/1"}],"replies":[{"embeddable":true,"href":"http:\/\/nuevacordoba.net\/index.php\/wp-json\/wp\/v2\/comments?post=10276"}],"version-history":[{"count":0,"href":"http:\/\/nuevacordoba.net\/index.php\/wp-json\/wp\/v2\/posts\/10276\/revisions"}],"wp:featuredmedia":[{"embeddable":true,"href":"http:\/\/nuevacordoba.net\/index.php\/wp-json\/wp\/v2\/media\/10277"}],"wp:attachment":[{"href":"http:\/\/nuevacordoba.net\/index.php\/wp-json\/wp\/v2\/media?parent=10276"}],"wp:term":[{"taxonomy":"category","embeddable":true,"href":"http:\/\/nuevacordoba.net\/index.php\/wp-json\/wp\/v2\/categories?post=10276"},{"taxonomy":"post_tag","embeddable":true,"href":"http:\/\/nuevacordoba.net\/index.php\/wp-json\/wp\/v2\/tags?post=10276"}],"curies":[{"name":"wp","href":"https:\/\/api.w.org\/{rel}","templated":true}]}}