{"id":10392,"date":"2021-09-27T00:34:18","date_gmt":"2021-09-27T00:34:18","guid":{"rendered":"https:\/\/www.ole.com.ar\/futbol-ascenso\/barracas-instituto_0_de5j_480T.html"},"modified":"2021-09-27T00:34:18","modified_gmt":"2021-09-27T00:34:18","slug":"barracas-cayo-y-no-pudo-recuperar-la-cima","status":"publish","type":"post","link":"http:\/\/nuevacordoba.net\/index.php\/2021\/09\/27\/barracas-cayo-y-no-pudo-recuperar-la-cima\/","title":{"rendered":"Barracas cay\u00f3 y no pudo recuperar la cima"},"content":{"rendered":"<div><img src=\"http:\/\/nuevacordoba.net\/wp-content\/uploads\/2021\/09\/barracas-cayo-y-no-pudo-recuperar-la-cima.jpg\" class=\"ff-og-image-inserted\"><\/div>\n<p>Barracas Central sigue padeciendo el baj\u00f3n an\u00edmico en el que se meti\u00f3. Por m\u00e1s intento que Rodolfo de Paoli realice, su equipo sigue sufriendo en el inicio de la recta final del campeonato de la Primera Nacional. El entrenador viene probando diferentes nombres, distintos sistemas t\u00e1cticos y otras maneras de jugar, pero no hay caso: la modificaci\u00f3n de los factores no altera el producto. Ayer, cay\u00f3 en Alta C\u00f3rdoba contra Instituto y no pudo recuperar la punta de la Zona B. Ahora, el que manda es G\u00fcemes de Santiago del Estero, que viene de superar a San Mart\u00edn de San Juan.<\/p>\n<p>Si bien hizo m\u00e9ritos suficientes para llevarse algo de su excursi\u00f3n, el Guapo no tuvo precisi\u00f3n para romper con el cero en el arco de Jorge Carranza, otra de las clave para que La Gloria se quedara con los tres puntos y rompiera la mala racha en la que se encontraba (cuatro derrotas de manera consecutiva que desencadenaron en la salida de Marcelo V\u00e1zquez y en el interinato de Sarr\u00eda-Jim\u00e9nez). S\u00ed, porque el 1 fue la gran figura y el sost\u00e9n de su equipo.<\/p>\n<p>Con la apertura del marcador a trav\u00e9s del penal que convirti\u00f3 Rodrigo Garro, el local se tir\u00f3 atr\u00e1s y busc\u00f3 golpear de contra. De esa manera, tuvo varias oportunidades para liquidar el partido, aunque desperdici\u00f3 cada una de ellas. Para colmo, el \u00e1rbitro Pablo Gim\u00e9nez obvi\u00f3 algunas falta dentro del \u00e1rea de la visita que hubieran ampliado la ventaja.<\/p>\n<p>Ya en el complemento, Barracas dej\u00f3 espacios en su defensa y sali\u00f3 con la convicci\u00f3n de alcanzar el empate. Pese a la gran cantidad de jugadores de buen pie, le falt\u00f3 lucidez para encontrar los caminos al gol. Ni Iv\u00e1n Tapia, ni Chiche Valenzuela, ni Juan Manuel V\u00e1zquez estuvieron en sinton\u00eda. Los de Olavarr\u00eda y Luna dependieron demasiado del desequilibrio de Lucas Colitto por las bandas, pero nunca encontr\u00f3 compa\u00f1\u00eda.<\/p>\n<p>Por eso, Instituto se qued\u00f3 con un triunfazo y le impidi\u00f3 a su rival superar en la tabla de posiciones al Gaucho. A siete fechas del cierre del torneo regular, la Zona B est\u00e1 caliente y cualquier cosa puede pasar.<\/p>\n<p><opta-widget sport=\"football\" widget=\"timeline\" competition=\"627\" season=\"2021\" match=\"2233954\" template=\"normal\" live=\"true\" orientation=\"horizontal\" vertical_timebar_height=\"260\" show_match_header=\"true\" show_score=\"true\" show_crests=\"true\" show_assists=\"all\" show_team_formation=\"true\" show_clock=\"true\" show_period_dividers=\"true\" show_halftime_score=\"false\" show_date=\"true\" date_format=\"dddd D MMMM YYYY\" show_attendance=\"true\" show_images=\"true\" show_referee=\"true\" show_venue=\"true\" show_cards=\"all\" show_goals=\"true\" show_penalties_missed=\"true\" show_subs=\"false\" show_goals_combined=\"false\" show_shootouts=\"false\" show_competition_name=\"true\" competition_naming=\"full\" team_naming=\"full\" player_naming=\"full\" show_live=\"true\" show_logo=\"false\" show_title=\"true\" breakpoints=\"400, 700\"><\/opta-widget><opta-widget sport=\"football\" widget=\"matchstats\" competition=\"627\" season=\"2021\" match=\"2233954\" template=\"lineups\" live=\"true\" side=\"both\" column_count=\"1\" side_by_side=\"true\" show_match_header=\"true\" show_score=\"true\" show_halftime_score=\"false\" show_crests=\"false\" show_team_formation=\"true\" show_competition_name=\"true\" show_date=\"false\" date_format=\"dddd D MMMM YYYY\" order_by=\"position\" group_by_position=\"false\" show_position=\"true\" show_images=\"false\" show_key=\"false\" show_starters=\"true\" show_goalkeepers=\"true\" show_defenders=\"true\" show_midfielders=\"true\" show_forwards=\"true\" show_subs=\"true\" show_unused_subs=\"false\" show_managers=\"true\" show_captain=\"false\" show_match_events=\"true\" competition_naming=\"full\" team_naming=\"full\" player_naming=\"full\" show_live=\"false\" show_logo=\"false\" show_title=\"true\" breakpoints=\"400, 700\"><\/opta-widget><opta-widget widget=\"commentary\" competition=\"627\" season=\"2021\" match=\"2233954\" template=\"normal\" live=\"true\" data_type=\"auto\" order_by=\"time_descending\" show_event_icons=\"true\" show_minor_events=\"true\" fixed_height_comments=\"300\" show_live=\"true\" show_logo=\"false\" show_title=\"true\" breakpoints=\"400\" sport=\"football\"><\/opta-widget><opta-widget sport=\"football\" widget=\"heatmap\" competition=\"627\" season=\"2021\" match=\"2233954\" preselected_player template=\"normal\" live=\"true\" show_maps=\"all\" orientation=\"horizontal\" side=\"both\" dimension=\"2D\" one_direction=\"false\" show_match_header=\"true\" show_score=\"true\" show_halftime_score=\"false\" show_crests=\"false\" show_team_formation=\"true\" show_competition_name=\"true\" show_date=\"true\" date_format=\"dddd D MMMM YYYY\" show_team_sheets=\"true\" show_subs=\"true\" show_position=\"true\" show_timecontrols=\"true\" show_timecontrols_buttons=\"true\" show_timecontrols_bar=\"true\" show_tooltips=\"false\" competition_naming=\"full\" team_naming=\"full\" player_naming=\"full\" show_logo=\"false\" show_title=\"true\" breakpoints=\"400, 700\"><\/opta-widget><opta-widget widget=\"standings\" competition=\"627\" season=\"2021\" template=\"normal\" live=\"true\" default_nav=\"1\" side=\"combined\" data_detail=\"default\" show_key=\"true\" show_crests=\"true\" points_in_first_column=\"true\" lose_before_draw=\"false\" competition_naming=\"full\" team_naming=\"full\" date_format=\"dddd D MMMM YYYY\" sorting=\"false\" show_live=\"false\" show_relegation_average=\"true\" show_logo=\"true\" show_title=\"true\" breakpoints=\"382\" sport=\"football\"><\/opta-widget> <\/p>\n<div class=\"entry-tags\">\n<h2>TEMAS QUE APARECEN EN ESTA NOTA<\/h2>\n<\/p><\/div>\n","protected":false},"excerpt":{"rendered":"<p>Barracas Central sigue padeciendo el baj\u00f3n an\u00edmico en el que se meti\u00f3. Por m\u00e1s intento que Rodolfo de Paoli realice, su equipo sigue sufriendo en el inicio de la recta final del campeonato de la Primera Nacional. El entrenador viene probando diferentes nombres, distintos sistemas t\u00e1cticos y otras maneras de jugar, pero no hay caso: [&hellip;]<\/p>\n","protected":false},"author":1,"featured_media":10393,"comment_status":"closed","ping_status":"closed","sticky":false,"template":"","format":"standard","meta":[],"categories":[10],"tags":[],"_links":{"self":[{"href":"http:\/\/nuevacordoba.net\/index.php\/wp-json\/wp\/v2\/posts\/10392"}],"collection":[{"href":"http:\/\/nuevacordoba.net\/index.php\/wp-json\/wp\/v2\/posts"}],"about":[{"href":"http:\/\/nuevacordoba.net\/index.php\/wp-json\/wp\/v2\/types\/post"}],"author":[{"embeddable":true,"href":"http:\/\/nuevacordoba.net\/index.php\/wp-json\/wp\/v2\/users\/1"}],"replies":[{"embeddable":true,"href":"http:\/\/nuevacordoba.net\/index.php\/wp-json\/wp\/v2\/comments?post=10392"}],"version-history":[{"count":0,"href":"http:\/\/nuevacordoba.net\/index.php\/wp-json\/wp\/v2\/posts\/10392\/revisions"}],"wp:featuredmedia":[{"embeddable":true,"href":"http:\/\/nuevacordoba.net\/index.php\/wp-json\/wp\/v2\/media\/10393"}],"wp:attachment":[{"href":"http:\/\/nuevacordoba.net\/index.php\/wp-json\/wp\/v2\/media?parent=10392"}],"wp:term":[{"taxonomy":"category","embeddable":true,"href":"http:\/\/nuevacordoba.net\/index.php\/wp-json\/wp\/v2\/categories?post=10392"},{"taxonomy":"post_tag","embeddable":true,"href":"http:\/\/nuevacordoba.net\/index.php\/wp-json\/wp\/v2\/tags?post=10392"}],"curies":[{"name":"wp","href":"https:\/\/api.w.org\/{rel}","templated":true}]}}