{"id":10396,"date":"2021-09-29T09:05:47","date_gmt":"2021-09-29T09:05:47","guid":{"rendered":"https:\/\/www.bbc.com\/mundo\/noticias-internacional-58729485"},"modified":"2021-09-29T09:05:47","modified_gmt":"2021-09-29T09:05:47","slug":"volcan-de-la-palma-la-lava-llega-al-mar-y-causa-preocupacion-por-la-emision-de-gases-nocivos","status":"publish","type":"post","link":"http:\/\/nuevacordoba.net\/index.php\/2021\/09\/29\/volcan-de-la-palma-la-lava-llega-al-mar-y-causa-preocupacion-por-la-emision-de-gases-nocivos\/","title":{"rendered":"Volc\u00e1n de La Palma: la lava llega al mar y causa preocupaci\u00f3n por la emisi\u00f3n de gases nocivos"},"content":{"rendered":"<div dir=\"ltr\" class=\"e1j2237y5 bbc-q4ibpr e57qer20\">\n<div class=\"bbc-1atl7vu e1c9i7u14\">\n<ul role=\"list\" class=\"bbc-cdrraw e1c9i7u12\">\n<li role=\"listitem\" class=\"bbc-1a3w4ok e1c9i7u11\">Redacci\u00f3n <\/li>\n<li role=\"listitem\" class=\"bbc-1p92jtu e1c9i7u10\">BBC News Mundo<\/li>\n<\/ul>\n<\/div>\n<\/div>\n<p><time datetime=\"2021-09-29\" class=\"bbc-14xtggo e4zesg50\">7 horas<\/time><\/p>\n<div dir=\"ltr\" class=\"bbc-1ka88fa e57qer20\">\n<figure class=\"bbc-1qdcvv9 e6bmn90\">\n<div dir=\"ltr\" class=\"bbc-172p16q e57qer20\">\n<div dir=\"ltr\" class=\"bbc-189y18v e57qer20\" readability=\"6.5\">\n<div data-e2e=\"image-placeholder\" class=\"bbc-997y1y e1whu0\" readability=\"8\"><img loading=\"lazy\" srcset=\"http:\/\/nuevacordoba.net\/wp-content\/uploads\/2021\/09\/volcan-de-la-palma-la-lava-llega-al-mar-y-causa-preocupacion-por-la-emision-de-gases-nocivos-5.jpg 240w, http:\/\/nuevacordoba.net\/wp-content\/uploads\/2021\/09\/volcan-de-la-palma-la-lava-llega-al-mar-y-causa-preocupacion-por-la-emision-de-gases-nocivos-6.jpg 320w, http:\/\/nuevacordoba.net\/wp-content\/uploads\/2021\/09\/volcan-de-la-palma-la-lava-llega-al-mar-y-causa-preocupacion-por-la-emision-de-gases-nocivos-7.jpg 480w, http:\/\/nuevacordoba.net\/wp-content\/uploads\/2021\/09\/volcan-de-la-palma-la-lava-llega-al-mar-y-causa-preocupacion-por-la-emision-de-gases-nocivos-8.jpg 624w, http:\/\/nuevacordoba.net\/wp-content\/uploads\/2021\/09\/volcan-de-la-palma-la-lava-llega-al-mar-y-causa-preocupacion-por-la-emision-de-gases-nocivos-9.jpg 800w\" alt=\"Una mujer viendo la lava llegando al mar\" src=\"http:\/\/nuevacordoba.net\/wp-content\/uploads\/2021\/09\/volcan-de-la-palma-la-lava-llega-al-mar-y-causa-preocupacion-por-la-emision-de-gases-nocivos.jpg\" sizes=\"(min-width: 1008px) 645px, 100vw\" width=\"976\" height=\"549\" class=\"eehpdyc0 bbc-100dhyn e1enwo3v0\"><\/p>\n<p role=\"text\" class=\"bbc-1s1cxbv etq3yw90\"><span class=\"bbc-1gnhmg2 e1yt7oin0\">Fuente de la imagen, <\/span><span lang=\"en-GB\">Reuters<\/span><\/p>\n<\/div>\n<\/div>\n<div dir=\"ltr\" class=\"bbc-3edg7g e57qer20\" readability=\"6\"><figcaption dir=\"ltr\" class=\"bbc-1t9zlwf eede9f50\" readability=\"2\"><span class=\"bbc-1gnhmg2 e1yt7oin0\">Pie de foto, <\/span><\/p>\n<p>La lava lleg\u00f3 al mar este martes.<\/p>\n<\/figcaption><\/div>\n<\/div>\n<\/figure>\n<\/div>\n<div dir=\"ltr\" class=\"bbc-19j92fr e57qer20\" readability=\"11\">\n<p dir=\"ltr\" class=\"bbc-bm53ic e1cc2ql70\"><b>La lava del volc\u00e1n de la isla de La Palma, en las Islas Canarias (Espa\u00f1a), que entr\u00f3 en erupci\u00f3n hace nueve d\u00edas, lleg\u00f3 al oc\u00e9ano Atl\u00e1ntico este martes en la noche.<\/b><\/p>\n<\/div>\n<div dir=\"ltr\" class=\"bbc-19j92fr e57qer20\" readability=\"8\">\n<p dir=\"ltr\" class=\"bbc-bm53ic e1cc2ql70\">Im\u00e1genes de televisi\u00f3n mostraron un r\u00edo de lava cayendo desde un acantilado hacia el agua y produciendo una gran nube de humo.<\/p>\n<\/div>\n<div dir=\"ltr\" class=\"bbc-19j92fr e57qer20\" readability=\"10\">\n<p dir=\"ltr\" class=\"bbc-bm53ic e1cc2ql70\">Expertos del Instituto Espa\u00f1ol de Oceanograf\u00eda que siguen en directo el avance de la lava, dijeron que \u00abse est\u00e1 generando un impresionante dep\u00f3sito de m\u00e1s de 50 metros de altura\u00bb que sigue creciendo.<\/p>\n<\/div>\n<div dir=\"ltr\" class=\"bbc-19j92fr e57qer20\" readability=\"11\">\n<p dir=\"ltr\" class=\"bbc-bm53ic e1cc2ql70\">Este acontecimiento, que ya preocupaba a las autoridades, oblig\u00f3 al Plan de Emergencias Volc\u00e1nicas de Canarias (Pevolca) a pedirles a los vecinos de los barrios cercanos que permanecieran en el interior de sus viviendas.<\/p>\n<\/div>\n<div dir=\"ltr\" class=\"bbc-19j92fr e57qer20\" readability=\"12\">\n<p dir=\"ltr\" class=\"bbc-bm53ic e1cc2ql70\">\u00abCuando la lava llega al mar, se debe observar estrictamente el encierro\u00bb, dijo Miguel Angel Morcuende, director del Comit\u00e9 de respuesta de Pevolca, este martes.<\/p>\n<\/div>\n<div dir=\"ltr\" class=\"bbc-19j92fr e57qer20\" readability=\"9\">\n<p dir=\"ltr\" class=\"bbc-bm53ic e1cc2ql70\">Adem\u00e1s, tambi\u00e9n se ampli\u00f3 el per\u00edmetro de exclusi\u00f3n en la costa para evitar que la gente se acerque a la zona.<\/p>\n<\/div>\n<div dir=\"ltr\" class=\"bbc-19j92fr e57qer20\" readability=\"9\">\n<p dir=\"ltr\" class=\"bbc-bm53ic e1cc2ql70\"><b>Ya desde lunes, las autoridades hab\u00edan ordenado el confinamiento de tres pueblos costeros ante la inminente llegada de la lava al mar<\/b>.<\/p>\n<\/div>\n<div dir=\"ltr\" class=\"bbc-19j92fr e57qer20\" readability=\"10\">\n<p dir=\"ltr\" class=\"bbc-bm53ic e1cc2ql70\">En varias zonas de de Tazacorte, un pueblo costero, los residentes tambi\u00e9n recibieron instrucciones de quedarse en casa.<\/p>\n<\/div>\n<div dir=\"ltr\" class=\"bbc-19j92fr e57qer20\" readability=\"10\">\n<p dir=\"ltr\" class=\"bbc-bm53ic e1cc2ql70\">Cuando la lava de un volc\u00e1n como el de La Palma entra en contacto con el agua salada, pueden producirse \u00abexplosiones y emisi\u00f3n de gases nocivos\u00bb, detalla Pevolca.<\/p>\n<\/div>\n<div dir=\"ltr\" class=\"bbc-19j92fr e57qer20\" readability=\"15\">\n<p dir=\"ltr\" class=\"bbc-bm53ic e1cc2ql70\">\u00abCuando el magma toca el mar, se van a formar unas grandes columnas de vapor de agua porque gran parte del agua del mar se va a vaporizar. Eso se debe al gran contraste t\u00e9rmico que hay entre ambos: la lava tiene una temperatura de m\u00e1s de 900\u00b0C, mientras que el agua tiene unos 23\u00b0C\u00bb, explic\u00f3 hace unos d\u00edas Jos\u00e9 Mangas, profesor de geolog\u00eda de Universidad de Las Palmas de Gran Canaria, a BBC Mundo.<\/p>\n<\/div>\n<div dir=\"ltr\" class=\"bbc-1ka88fa e57qer20\">\n<figure class=\"bbc-1qdcvv9 e6bmn90\">\n<div dir=\"ltr\" class=\"bbc-172p16q e57qer20\">\n<div dir=\"ltr\" class=\"bbc-189y18v e57qer20\">\n<div data-e2e=\"image-placeholder\" class=\"bbc-997y1y e1whu0\"><noscript><img loading=\"lazy\" srcset=\"http:\/\/nuevacordoba.net\/wp-content\/uploads\/2021\/09\/volcan-de-la-palma-la-lava-llega-al-mar-y-causa-preocupacion-por-la-emision-de-gases-nocivos-10.jpg 240w, http:\/\/nuevacordoba.net\/wp-content\/uploads\/2021\/09\/volcan-de-la-palma-la-lava-llega-al-mar-y-causa-preocupacion-por-la-emision-de-gases-nocivos-11.jpg 320w, http:\/\/nuevacordoba.net\/wp-content\/uploads\/2021\/09\/volcan-de-la-palma-la-lava-llega-al-mar-y-causa-preocupacion-por-la-emision-de-gases-nocivos-12.jpg 480w, http:\/\/nuevacordoba.net\/wp-content\/uploads\/2021\/09\/volcan-de-la-palma-la-lava-llega-al-mar-y-causa-preocupacion-por-la-emision-de-gases-nocivos-13.jpg 624w, http:\/\/nuevacordoba.net\/wp-content\/uploads\/2021\/09\/volcan-de-la-palma-la-lava-llega-al-mar-y-causa-preocupacion-por-la-emision-de-gases-nocivos-14.jpg 800w\" alt=\"Lava del volc\u00e1n de La Palma llegando al mar\" src=\"http:\/\/nuevacordoba.net\/wp-content\/uploads\/2021\/09\/volcan-de-la-palma-la-lava-llega-al-mar-y-causa-preocupacion-por-la-emision-de-gases-nocivos-1.jpg\" sizes=\"(min-width: 1008px) 645px, 100vw\" width=\"976\" height=\"549\" class=\"eehpdyc0 bbc-100dhyn e1enwo3v0\"><\/noscript><\/p>\n<p role=\"text\" class=\"bbc-1s1cxbv etq3yw90\"><span class=\"bbc-1gnhmg2 e1yt7oin0\">Fuente de la imagen, <\/span><span lang=\"en-GB\">EPA<\/span><\/p>\n<\/div>\n<\/div>\n<div dir=\"ltr\" class=\"bbc-3edg7g e57qer20\" readability=\"6\"><figcaption dir=\"ltr\" class=\"bbc-1t9zlwf eede9f50\" readability=\"2\"><span class=\"bbc-1gnhmg2 e1yt7oin0\">Pie de foto, <\/span><\/p>\n<p>La lava del volc\u00e1n de La Palma llegando al mar.<\/p>\n<\/figcaption><\/div>\n<\/div>\n<\/figure>\n<\/div>\n<div dir=\"ltr\" class=\"bbc-19j92fr e57qer20\" readability=\"13\">\n<p dir=\"ltr\" class=\"bbc-bm53ic e1cc2ql70\">\u00abPero como el agua tiene cloruros, sulfatos, carbonatos, fl\u00faor y iodo (entre otras cosas), se van a volatilizar tambi\u00e9n gases t\u00f3xicos\u00bb, dijo el acad\u00e9mico.<\/p>\n<\/div>\n<div dir=\"ltr\" class=\"bbc-19j92fr e57qer20\" readability=\"8\">\n<p dir=\"ltr\" class=\"bbc-bm53ic e1cc2ql70\"><b>Estos gases pueden provocar irritaci\u00f3n en la piel, los ojos y las v\u00edas respiratorias<\/b>.<\/p>\n<\/div>\n<div dir=\"ltr\" class=\"bbc-19j92fr e57qer20\" readability=\"7\">\n<p dir=\"ltr\" class=\"bbc-bm53ic e1cc2ql70\">Tambi\u00e9n se teme que partes de la costa puedan colapsar y provocar explosiones.<\/p>\n<\/div>\n<div dir=\"ltr\" class=\"bbc-19j92fr e57qer20\" readability=\"10\">\n<p dir=\"ltr\" class=\"bbc-bm53ic e1cc2ql70\">Desde que el volc\u00e1n de Cumbre Vieja entr\u00f3 en erupci\u00f3n, el domingo 19 de septiembre, la lava ha destruido cientos de casas y numerosos cultivos de pl\u00e1tano. <\/p>\n<\/div>\n<div dir=\"ltr\" class=\"bbc-19j92fr e57qer20\" readability=\"8\">\n<p dir=\"ltr\" class=\"bbc-bm53ic e1cc2ql70\">Adem\u00e1s, m\u00e1s de 6.000 personas han sido evacuadas.<\/p>\n<\/div>\n<div dir=\"ltr\" class=\"bbc-1ka88fa e57qer20\">\n<figure class=\"bbc-1qdcvv9 e6bmn90\">\n<div dir=\"ltr\" class=\"bbc-172p16q e57qer20\">\n<div dir=\"ltr\" class=\"bbc-189y18v e57qer20\" readability=\"6.5\">\n<div data-e2e=\"image-placeholder\" class=\"bbc-997y1y e1whu0\" readability=\"8\"><noscript><img loading=\"lazy\" srcset=\"http:\/\/nuevacordoba.net\/wp-content\/uploads\/2021\/09\/volcan-de-la-palma-la-lava-llega-al-mar-y-causa-preocupacion-por-la-emision-de-gases-nocivos-15.jpg 240w, http:\/\/nuevacordoba.net\/wp-content\/uploads\/2021\/09\/volcan-de-la-palma-la-lava-llega-al-mar-y-causa-preocupacion-por-la-emision-de-gases-nocivos-16.jpg 320w, http:\/\/nuevacordoba.net\/wp-content\/uploads\/2021\/09\/volcan-de-la-palma-la-lava-llega-al-mar-y-causa-preocupacion-por-la-emision-de-gases-nocivos-17.jpg 480w, http:\/\/nuevacordoba.net\/wp-content\/uploads\/2021\/09\/volcan-de-la-palma-la-lava-llega-al-mar-y-causa-preocupacion-por-la-emision-de-gases-nocivos-18.jpg 624w, http:\/\/nuevacordoba.net\/wp-content\/uploads\/2021\/09\/volcan-de-la-palma-la-lava-llega-al-mar-y-causa-preocupacion-por-la-emision-de-gases-nocivos-19.jpg 800w\" alt=\"Lava llegando al mar en La Palma\" src=\"http:\/\/nuevacordoba.net\/wp-content\/uploads\/2021\/09\/volcan-de-la-palma-la-lava-llega-al-mar-y-causa-preocupacion-por-la-emision-de-gases-nocivos-2.jpg\" sizes=\"(min-width: 1008px) 645px, 100vw\" width=\"976\" height=\"549\" class=\"eehpdyc0 bbc-100dhyn e1enwo3v0\"><\/noscript><\/p>\n<p role=\"text\" class=\"bbc-1s1cxbv etq3yw90\"><span class=\"bbc-1gnhmg2 e1yt7oin0\">Fuente de la imagen, <\/span><span lang=\"en-GB\">Reuters<\/span><\/p>\n<\/div>\n<\/div>\n<div dir=\"ltr\" class=\"bbc-3edg7g e57qer20\" readability=\"6.5\"><figcaption dir=\"ltr\" class=\"bbc-1t9zlwf eede9f50\" readability=\"3\"><span class=\"bbc-1gnhmg2 e1yt7oin0\">Pie de foto, <\/span><\/p>\n<p>Al llegar al mar, la lava empez\u00f3 a producir gases t\u00f3xicos.<\/p>\n<\/figcaption><\/div>\n<\/div>\n<\/figure>\n<\/div>\n<div dir=\"ltr\" class=\"bbc-1ka88fa e57qer20\">\n<figure class=\"bbc-1qdcvv9 e6bmn90\">\n<div dir=\"ltr\" class=\"bbc-172p16q e57qer20\">\n<div dir=\"ltr\" class=\"bbc-189y18v e57qer20\" readability=\"6.5\">\n<div data-e2e=\"image-placeholder\" class=\"bbc-997y1y e1whu0\" readability=\"8\"><noscript><img loading=\"lazy\" srcset=\"http:\/\/nuevacordoba.net\/wp-content\/uploads\/2021\/09\/volcan-de-la-palma-la-lava-llega-al-mar-y-causa-preocupacion-por-la-emision-de-gases-nocivos-20.jpg 240w, http:\/\/nuevacordoba.net\/wp-content\/uploads\/2021\/09\/volcan-de-la-palma-la-lava-llega-al-mar-y-causa-preocupacion-por-la-emision-de-gases-nocivos-21.jpg 320w, http:\/\/nuevacordoba.net\/wp-content\/uploads\/2021\/09\/volcan-de-la-palma-la-lava-llega-al-mar-y-causa-preocupacion-por-la-emision-de-gases-nocivos-22.jpg 480w, http:\/\/nuevacordoba.net\/wp-content\/uploads\/2021\/09\/volcan-de-la-palma-la-lava-llega-al-mar-y-causa-preocupacion-por-la-emision-de-gases-nocivos-23.jpg 624w, http:\/\/nuevacordoba.net\/wp-content\/uploads\/2021\/09\/volcan-de-la-palma-la-lava-llega-al-mar-y-causa-preocupacion-por-la-emision-de-gases-nocivos-24.jpg 800w\" alt=\"La lava a trav\u00e9s de una ventana.\" src=\"http:\/\/nuevacordoba.net\/wp-content\/uploads\/2021\/09\/volcan-de-la-palma-la-lava-llega-al-mar-y-causa-preocupacion-por-la-emision-de-gases-nocivos-3.jpg\" sizes=\"(min-width: 1008px) 645px, 100vw\" width=\"976\" height=\"549\" class=\"eehpdyc0 bbc-100dhyn e1enwo3v0\"><\/noscript><\/p>\n<p role=\"text\" class=\"bbc-1s1cxbv etq3yw90\"><span class=\"bbc-1gnhmg2 e1yt7oin0\">Fuente de la imagen, <\/span><span lang=\"en-GB\">Reuters<\/span><\/p>\n<\/div>\n<\/div>\n<\/div>\n<\/figure>\n<\/div>\n<div dir=\"ltr\" class=\"bbc-19j92fr e57qer20\" readability=\"13\">\n<p dir=\"ltr\" class=\"bbc-bm53ic e1cc2ql70\">Ante la devastaci\u00f3n, este martes, el gobierno de Espa\u00f1a declar\u00f3 a La Palma como \u00abzona de desastre\u00bb, lo que permitir\u00e1 transferirle fondos por unos US$12,3 millones a la isla para darle vivienda a las personas que lo necesiten.<\/p>\n<\/div>\n<div dir=\"ltr\" class=\"bbc-19j92fr e57qer20\" readability=\"9\">\n<p dir=\"ltr\" class=\"bbc-bm53ic e1cc2ql70\">Algunos expertos temen que la erupci\u00f3n pueda durar varias semanas o hasta meses, de acuerdo a la agencia AFP.<\/p>\n<\/div>\n<div dir=\"ltr\" class=\"bbc-1ka88fa e57qer20\">\n<figure class=\"bbc-1qdcvv9 e6bmn90\">\n<div dir=\"ltr\" class=\"bbc-172p16q e57qer20\">\n<div dir=\"ltr\" class=\"bbc-189y18v e57qer20\">\n<div data-e2e=\"image-placeholder\" class=\"bbc-997y1y e1whu0\"><noscript><img loading=\"lazy\" srcset=\"http:\/\/nuevacordoba.net\/wp-content\/uploads\/2021\/09\/volcan-de-la-palma-la-lava-llega-al-mar-y-causa-preocupacion-por-la-emision-de-gases-nocivos-25.jpg 240w, http:\/\/nuevacordoba.net\/wp-content\/uploads\/2021\/09\/volcan-de-la-palma-la-lava-llega-al-mar-y-causa-preocupacion-por-la-emision-de-gases-nocivos-26.jpg 320w, http:\/\/nuevacordoba.net\/wp-content\/uploads\/2021\/09\/volcan-de-la-palma-la-lava-llega-al-mar-y-causa-preocupacion-por-la-emision-de-gases-nocivos-27.jpg 464w\" alt=\"L\u00ednea\" src=\"http:\/\/nuevacordoba.net\/wp-content\/uploads\/2021\/09\/volcan-de-la-palma-la-lava-llega-al-mar-y-causa-preocupacion-por-la-emision-de-gases-nocivos-4.jpg\" sizes=\"(min-width: 1008px) 645px, 100vw\" width=\"464\" height=\"2\" class=\"eehpdyc0 bbc-100dhyn e1enwo3v0\"><\/noscript><\/div>\n<\/div>\n<\/div>\n<\/figure>\n<\/div>\n<div dir=\"ltr\" class=\"bbc-19j92fr e57qer20\" readability=\"8\">\n<p dir=\"ltr\" class=\"bbc-bm53ic e1cc2ql70\"><i class=\"bbc-h1y5j7 ewc4zcb0\">Ahora puedes recibir notificaciones de BBC Mundo. Descarga la nueva versi\u00f3n de nuestra app y act\u00edvalas para no perderte nuestro mejor contenido.<\/i><\/p>\n<\/div>\n","protected":false},"excerpt":{"rendered":"<p>Redacci\u00f3n BBC News Mundo 7 horas Fuente de la imagen, Reuters Pie de foto, La lava lleg\u00f3 al mar este martes. La lava del volc\u00e1n de la isla de La Palma, en las Islas Canarias (Espa\u00f1a), que entr\u00f3 en erupci\u00f3n hace nueve d\u00edas, lleg\u00f3 al oc\u00e9ano Atl\u00e1ntico este martes en la noche. Im\u00e1genes de televisi\u00f3n [&hellip;]<\/p>\n","protected":false},"author":1,"featured_media":10397,"comment_status":"closed","ping_status":"closed","sticky":false,"template":"","format":"standard","meta":[],"categories":[13],"tags":[],"_links":{"self":[{"href":"http:\/\/nuevacordoba.net\/index.php\/wp-json\/wp\/v2\/posts\/10396"}],"collection":[{"href":"http:\/\/nuevacordoba.net\/index.php\/wp-json\/wp\/v2\/posts"}],"about":[{"href":"http:\/\/nuevacordoba.net\/index.php\/wp-json\/wp\/v2\/types\/post"}],"author":[{"embeddable":true,"href":"http:\/\/nuevacordoba.net\/index.php\/wp-json\/wp\/v2\/users\/1"}],"replies":[{"embeddable":true,"href":"http:\/\/nuevacordoba.net\/index.php\/wp-json\/wp\/v2\/comments?post=10396"}],"version-history":[{"count":0,"href":"http:\/\/nuevacordoba.net\/index.php\/wp-json\/wp\/v2\/posts\/10396\/revisions"}],"wp:featuredmedia":[{"embeddable":true,"href":"http:\/\/nuevacordoba.net\/index.php\/wp-json\/wp\/v2\/media\/10397"}],"wp:attachment":[{"href":"http:\/\/nuevacordoba.net\/index.php\/wp-json\/wp\/v2\/media?parent=10396"}],"wp:term":[{"taxonomy":"category","embeddable":true,"href":"http:\/\/nuevacordoba.net\/index.php\/wp-json\/wp\/v2\/categories?post=10396"},{"taxonomy":"post_tag","embeddable":true,"href":"http:\/\/nuevacordoba.net\/index.php\/wp-json\/wp\/v2\/tags?post=10396"}],"curies":[{"name":"wp","href":"https:\/\/api.w.org\/{rel}","templated":true}]}}