{"id":10398,"date":"2021-09-29T09:15:20","date_gmt":"2021-09-29T09:15:20","guid":{"rendered":"http:\/\/nuevacordoba.net\/index.php\/2021\/09\/29\/arranca-experimentalia-un-clasico-de-cordoba-y-de-la-musica-experimental\/"},"modified":"2021-09-29T09:15:20","modified_gmt":"2021-09-29T09:15:20","slug":"arranca-experimentalia-un-clasico-de-cordoba-y-de-la-musica-experimental","status":"publish","type":"post","link":"http:\/\/nuevacordoba.net\/index.php\/2021\/09\/29\/arranca-experimentalia-un-clasico-de-cordoba-y-de-la-musica-experimental\/","title":{"rendered":"Arranca Experimentalia, un cl\u00e1sico de C\u00f3rdoba y de la m\u00fasica experimental"},"content":{"rendered":"<div class=\"image\" id=\"image\" readability=\"7\"> <img src=\"http:\/\/nuevacordoba.net\/wp-content\/uploads\/2021\/09\/arranca-experimentalia-un-clasico-de-cordoba-y-de-la-musica-experimental.jpg\" alt=\"El festival arrancar\u00e1 con el documental &quot;Sisters With Transistors&quot;.\" title=\"El festival arrancar\u00e1 con el documental &quot;Sisters With Transistors&quot;.\"><\/p>\n<p>El festival arrancar\u00e1 con el documental \u00abSisters With Transistors\u00bb.<\/p>\n<\/div>\n<p>La edici\u00f3n n\u00famero 12 del <strong>Festival Experimentalia llega ma\u00f1ana al Centro Cultural Espa\u00f1a C\u00f3rdoba <\/strong>(CCEC) en lo que ya es un cl\u00e1sico de la ciudad cordobesa con un g\u00e9nero musical, el denominado experimental, que logra romper las paredes del claustro para posicionarse entre los m\u00fasicos y el p\u00fablico de la provincia mediterr\u00e1nea.<\/p>\n<p><strong>\u00abExperimentalia naci\u00f3 de la mano de Gonzalo Biffarella. Con el esp\u00edritu de sacar la Facu a la calle comenz\u00f3 todo y tuvo otra gran idea de transferir la curador\u00eda del ciclo a distintas personas a\u00f1o a a\u00f1o. Eso permiti\u00f3 una enorme diversidad de propuestas. El ciclo se expandi\u00f3 y dej\u00f3 de ser un espacio de corte acad\u00e9mico\u00bb<\/strong>, dijo a T\u00e9lam <strong>Franco Pellini<\/strong>, uno de sus coordinadores.<\/p>\n<p><strong>\u00abPensamos <\/strong>-agreg\u00f3 Andr\u00e9s Asia, otro de los coordinadores-<strong> en hacer una edici\u00f3n variada y abierta en pos de generar curiosidad tanto a amantes de sonidos calmos y viajeros como a quienes gustan de experiencias m\u00e1s picantes, ruidosas y potentes dejando lugar para que la experiencia durante el festival nos llene de nuevas preguntas\u00bb.<\/strong><\/p>\n<div class=\"image\" id=\"image\" readability=\"7\"> <img src=\"http:\/\/nuevacordoba.net\/wp-content\/uploads\/2021\/09\/arranca-experimentalia-un-clasico-de-cordoba-y-de-la-musica-experimental-1.jpg\" alt=\"El encuentro se propone resolver de qu\u00e9 se trata la m\u00fasica experimental hoy.\" title=\"El encuentro se propone resolver de qu\u00e9 se trata la m\u00fasica experimental hoy.\"><\/p>\n<p>El encuentro se propone resolver de qu\u00e9 se trata la m\u00fasica experimental hoy.<\/p>\n<\/div>\n<p>El evento abrir\u00e1 con el estreno argentino del documental sobre las pioneras de la m\u00fasica electr\u00f3nica <strong>\u00abSisters With Transistors\u00bb<\/strong> dirigido por la franco-norteamericana <strong>Lisa Rovner<\/strong>, quien luego dar\u00e1 una entrevista online. Tambi\u00e9n habr\u00e1 una mesa con <strong>David Toop<\/strong>, m\u00fasico, escritor, curador y artista sonoro londinense y una ponencia, siempre online, con la colombiana <strong>Ana Mar\u00eda Romano.<\/strong> Y presentaciones en vivo, desde Espa\u00f1a, de <strong>Primo Gabbiano + Visual Pal, Wade Matthews + Carmen Morales y N\u00faria \u00c1nodrr\u00e0.<\/strong><\/p>\n<p>En cuanto a lo nacional, a la cita acudir\u00e1n<strong> Vic Bang, Gaffacan + Valentina Cuello, Ulular, Alexis Perepelicya, \u00d1\u00d1\u00d1\u00d1, TR3NES &#8211; Ramos, Funes, Cci Ki\u00fa, Santiago Guerrero<\/strong> y la <strong>Fantasio Sound Machine, Cabo Pozo<\/strong> y los eternos <strong>Tomates Asesinos<\/strong>.<\/p>\n<p><strong>\u00abPara la programaci\u00f3n comenzamos con preguntarnos de qu\u00e9 se trata hoy la m\u00fasica experimental para nosotros, y partimos desde ah\u00ed para convocar proyectos cordobeses que trabajen experimentando con sonido, proyectos disruptivos y cambiantes, nuevos y establecidos. Convocamos tambi\u00e9n proyectos de otras provincias, es importante para nosotros que se crucen las escenas de diferentes lugares del pa\u00eds\u00bb<\/strong>, dijo Pellini.<\/p>\n<p><strong>\u00abNos planteamos como objetivo -coment\u00f3 Asia- ofrecer artistas que experimenten con la tecnolog\u00eda, el cuerpo, el entorno, la imagen, la propia virtualidad y por supuesto el sonido; pensamos propuestas que se relacionen bien entre s\u00ed y que tengan calidad, variedad y diversidad\u00bb<\/strong>.<\/p>\n<div class=\"image\" id=\"image\" readability=\"9\"> <img src=\"http:\/\/nuevacordoba.net\/wp-content\/uploads\/2021\/09\/arranca-experimentalia-un-clasico-de-cordoba-y-de-la-musica-experimental-2.jpg\" alt=\"Pellini: &quot;Pensamos propuestas que se relacionen bien entre s\u00ed y que tengan calidad, variedad y diversidad&quot;.\" title=\"Pellini: &quot;Pensamos propuestas que se relacionen bien entre s\u00ed y que tengan calidad, variedad y diversidad&quot;.\"><\/p>\n<p>Pellini: \u00abPensamos propuestas que se relacionen bien entre s\u00ed y que tengan calidad, variedad y diversidad\u00bb.<\/p>\n<\/div>\n<p><strong>T\u00e9lam: \u00bfQu\u00e9 tan complicado es armar un evento internacional desde Argentina?<\/strong><\/p>\n<p>Andr\u00e9s Asia: Es dif\u00edcil teniendo en cuenta desde d\u00f3nde se lo hace, cu\u00e1ndo y cu\u00e1nto se hace. Mucho m\u00e1s en el contexto actual, hacer esto en medio de una pandemia &#8211; o en esta extra\u00f1a y mal llamada post pandemia &#8211; sabiendo que semana a semana el panorama cambia es todo un desaf\u00edo. A diferencia del a\u00f1o pasado se pudo dar el hecho de que sea presencial con capacidad limitada, lo cual es mas motivante sin dejar de lado la virtualidad que lleg\u00f3 para quedarse. Por ello tambi\u00e9n transmitiremos todo el ciclo por el canal de YouTube del CCEC.<\/p>\n<p><strong>T: \u00bfC\u00f3mo se inserta el festival dentro del circuito internacional de la escena?<\/strong><\/p>\n<p>Andr\u00e9s Asia: Experimentalia tiene 12 a\u00f1os de existencia, con el tiempo se expandi\u00f3 y todas las primaveras en la ciudad tiene su momento experimental. Todo comenz\u00f3 como para fomentar peque\u00f1os estrenos de m\u00fasicas, encuentros y cruces. Creemos que eso fue una semilla que ha crecido hacia afuera, arriba y como un rizoma. Es por ello que Experimentalia se ha ganado su lugar entre varios festivales de C\u00f3rdoba y el pa\u00eds. Se ha tornado en una suerte de tradici\u00f3n con una fuerte solidez en la ciudad, ese comienzo de la primavera experimental que mencionamos antes; formando parte del acervo cultural cordob\u00e9s. Trabajamos duro, y lo seguiremos haciendo para continuar perfil\u00e1ndolo como a un importante festival internacional de m\u00fasica nueva y arte sonoro, de Argentina, para el mundo. <\/p>\n","protected":false},"excerpt":{"rendered":"<p>El festival arrancar\u00e1 con el documental \u00abSisters With Transistors\u00bb. La edici\u00f3n n\u00famero 12 del Festival Experimentalia llega ma\u00f1ana al Centro Cultural Espa\u00f1a C\u00f3rdoba (CCEC) en lo que ya es un cl\u00e1sico de la ciudad cordobesa con un g\u00e9nero musical, el denominado experimental, que logra romper las paredes del claustro para posicionarse entre los m\u00fasicos y [&hellip;]<\/p>\n","protected":false},"author":1,"featured_media":10399,"comment_status":"closed","ping_status":"closed","sticky":false,"template":"","format":"standard","meta":[],"categories":[9],"tags":[],"_links":{"self":[{"href":"http:\/\/nuevacordoba.net\/index.php\/wp-json\/wp\/v2\/posts\/10398"}],"collection":[{"href":"http:\/\/nuevacordoba.net\/index.php\/wp-json\/wp\/v2\/posts"}],"about":[{"href":"http:\/\/nuevacordoba.net\/index.php\/wp-json\/wp\/v2\/types\/post"}],"author":[{"embeddable":true,"href":"http:\/\/nuevacordoba.net\/index.php\/wp-json\/wp\/v2\/users\/1"}],"replies":[{"embeddable":true,"href":"http:\/\/nuevacordoba.net\/index.php\/wp-json\/wp\/v2\/comments?post=10398"}],"version-history":[{"count":0,"href":"http:\/\/nuevacordoba.net\/index.php\/wp-json\/wp\/v2\/posts\/10398\/revisions"}],"wp:featuredmedia":[{"embeddable":true,"href":"http:\/\/nuevacordoba.net\/index.php\/wp-json\/wp\/v2\/media\/10399"}],"wp:attachment":[{"href":"http:\/\/nuevacordoba.net\/index.php\/wp-json\/wp\/v2\/media?parent=10398"}],"wp:term":[{"taxonomy":"category","embeddable":true,"href":"http:\/\/nuevacordoba.net\/index.php\/wp-json\/wp\/v2\/categories?post=10398"},{"taxonomy":"post_tag","embeddable":true,"href":"http:\/\/nuevacordoba.net\/index.php\/wp-json\/wp\/v2\/tags?post=10398"}],"curies":[{"name":"wp","href":"https:\/\/api.w.org\/{rel}","templated":true}]}}