{"id":10409,"date":"2021-09-29T13:48:32","date_gmt":"2021-09-29T13:48:32","guid":{"rendered":"http:\/\/cordobanewsnet.wordpress.com\/?p=6225"},"modified":"2021-09-29T13:48:32","modified_gmt":"2021-09-29T13:48:32","slug":"el-gobierno-anunciara-la-jubilacion-anticipada-desde-los-55-anos","status":"publish","type":"post","link":"http:\/\/nuevacordoba.net\/index.php\/2021\/09\/29\/el-gobierno-anunciara-la-jubilacion-anticipada-desde-los-55-anos\/","title":{"rendered":"El Gobierno anunciar\u00e1 la jubilaci\u00f3n anticipada desde los 55 a\u00f1os"},"content":{"rendered":"<div><img src=\"http:\/\/nuevacordoba.net\/wp-content\/uploads\/2021\/09\/el-gobierno-anunciara-la-jubilacion-anticipada-desde-los-55-anos.jpg\" class=\"ff-og-image-inserted\"><\/div>\n<p>El jefe de Gabinete, Juan Manzur, y la titular de la Anses, Fernanda Raverta, anunciar\u00e1n hoy la implementaci\u00f3n de la jubilaci\u00f3n anticipada, para personas que ya cuentan con los 30 a\u00f1os de aportes requeridos, les faltan 5 a\u00f1os o menos de edad para jubilarse y se encontraban al 30 de junio de 2021 desocupadas o desocupados, informaron fuentes oficiales.<\/p>\n<p>Los detalles de la iniciativa ser\u00e1n presentados a las 10.45 en el Museo del Bicentenario, con motivo de la entrega de las primeras jubilaciones por Reconocimiento de Aportes de Tareas de Cuidado a madres de todo el pa\u00eds.<\/p>\n<p>D\u00edas atr\u00e1s, Raverta hab\u00eda revelado que el Gobierno nacional estaba trabajando en un Decreto de Necesidad y Urgencia (DNU) para implementar una jubilaci\u00f3n anticipada.<\/p>\n<p>La jubilaci\u00f3n anticipada alcanzar\u00e1 a hombres de entre 60 y 64 a\u00f1os y mujeres entre 55 y 59 a\u00f1os, a quienes garantizar\u00e1 la cobertura social y el 80 por ciento del haber que le corresponda.<\/p>\n<p>Una vez alcanzada la edad jubilatoria requerida -60 a\u00f1os las mujeres y 65 a\u00f1os los hombres-, estas personas pasar\u00e1n a percibir el 100 por ciento del haber de forma autom\u00e1tica.<\/p>\n<p>Con esta medida, la Anses prev\u00e9 que entre 20 y 30 mil ciudadanos y ciudadanas podr\u00e1n jubilarse en 2021, con un haber promedio de 50.000 pesos. Seg\u00fan la proyecci\u00f3n realizada por el organismo, el 85 por ciento de los beneficiarios son varones que se desempe\u00f1aron, mayormente, como trabajadores industriales, un sector que sufri\u00f3 una gran ca\u00edda en el empleo durante el per\u00edodo 2016-2019.<\/p>\n<p>\u201cEstamos construyendo una pol\u00edtica que da respuesta a un problema que tenemos las argentinas y argentinos: hay personas que trabajaron toda su vida, que tienen sus 30 a\u00f1os de aportes y que, en los \u00faltimos a\u00f1os del gobierno anterior o incluso en la pandemia, perdieron su trabajo, no se pueden jubilar todav\u00eda y por su edad tienen una enorme dificultad para reincorporarse al mercado formal de trabajo\u201d, dijo Raverta d\u00edas atr\u00e1s.<\/p>\n<div id=\"jp-post-flair\" class=\"sharedaddy sd-like-enabled sd-sharing-enabled\">\n<div class=\"sharedaddy sd-sharing-enabled\">\n<div class=\"robots-nocontent sd-block sd-social sd-social-icon-text sd-sharing\">\n<h3 class=\"sd-title\">Share this:<\/h3>\n<\/div>\n<\/div>\n<div class=\"sharedaddy sd-block sd-like jetpack-likes-widget-wrapper jetpack-likes-widget-unloaded\" id=\"like-post-wrapper-143108178-6225-6154d548b3b6c\" data-src=\"\/\/widgets.wp.com\/likes\/index.html?ver=20210818#blog_id=143108178&amp;post_id=6225&amp;origin=cordobanewsnet.wordpress.com&amp;obj_id=143108178-6225-6154d548b3b6c\" data-name=\"like-post-frame-143108178-6225-6154d548b3b6c\" data-title=\"Me gusta o Compartir\">\n<h3 class=\"sd-title\">Me gusta esto:<\/h3>\n<p><span class=\"button\"><span>Me gusta<\/span><\/span> <span class=\"loading\">Cargando&#8230;<\/span><\/p>\n<p><span class=\"sd-text-color\"><\/span><\/div>\n<p><h3 class=\"jp-relatedposts-headline\"><em>Relacionado<\/em><\/h3>\n<\/p>\n<\/div>\n","protected":false},"excerpt":{"rendered":"<p>El jefe de Gabinete, Juan Manzur, y la titular de la Anses, Fernanda Raverta, anunciar\u00e1n hoy la implementaci\u00f3n de la jubilaci\u00f3n anticipada, para personas que ya cuentan con los 30 a\u00f1os de aportes requeridos, les faltan 5 a\u00f1os o menos de edad para jubilarse y se encontraban al 30 de junio de 2021 desocupadas o [&hellip;]<\/p>\n","protected":false},"author":1,"featured_media":10410,"comment_status":"closed","ping_status":"closed","sticky":false,"template":"","format":"standard","meta":[],"categories":[14],"tags":[],"_links":{"self":[{"href":"http:\/\/nuevacordoba.net\/index.php\/wp-json\/wp\/v2\/posts\/10409"}],"collection":[{"href":"http:\/\/nuevacordoba.net\/index.php\/wp-json\/wp\/v2\/posts"}],"about":[{"href":"http:\/\/nuevacordoba.net\/index.php\/wp-json\/wp\/v2\/types\/post"}],"author":[{"embeddable":true,"href":"http:\/\/nuevacordoba.net\/index.php\/wp-json\/wp\/v2\/users\/1"}],"replies":[{"embeddable":true,"href":"http:\/\/nuevacordoba.net\/index.php\/wp-json\/wp\/v2\/comments?post=10409"}],"version-history":[{"count":0,"href":"http:\/\/nuevacordoba.net\/index.php\/wp-json\/wp\/v2\/posts\/10409\/revisions"}],"wp:featuredmedia":[{"embeddable":true,"href":"http:\/\/nuevacordoba.net\/index.php\/wp-json\/wp\/v2\/media\/10410"}],"wp:attachment":[{"href":"http:\/\/nuevacordoba.net\/index.php\/wp-json\/wp\/v2\/media?parent=10409"}],"wp:term":[{"taxonomy":"category","embeddable":true,"href":"http:\/\/nuevacordoba.net\/index.php\/wp-json\/wp\/v2\/categories?post=10409"},{"taxonomy":"post_tag","embeddable":true,"href":"http:\/\/nuevacordoba.net\/index.php\/wp-json\/wp\/v2\/tags?post=10409"}],"curies":[{"name":"wp","href":"https:\/\/api.w.org\/{rel}","templated":true}]}}