{"id":10440,"date":"2021-09-30T03:02:31","date_gmt":"2021-09-30T03:02:31","guid":{"rendered":"https:\/\/puntoapunto.com.ar\/?p=316932"},"modified":"2021-09-30T03:02:31","modified_gmt":"2021-09-30T03:02:31","slug":"como-es-la-pelea-por-el-voto-anti-k-de-schiaretti-con-el-armado-juez-de-loredo","status":"publish","type":"post","link":"http:\/\/nuevacordoba.net\/index.php\/2021\/09\/30\/como-es-la-pelea-por-el-voto-anti-k-de-schiaretti-con-el-armado-juez-de-loredo\/","title":{"rendered":"C\u00f3mo es la pelea por el voto anti K de Schiaretti con el armado Juez-De Loredo"},"content":{"rendered":"<div class=\"td-post-featured-image\"><a href=\"http:\/\/nuevacordoba.net\/wp-content\/uploads\/2021\/09\/como-es-la-pelea-por-el-voto-anti-k-de-schiaretti-con-el-armado-juez-de-loredo-11.jpg\" data-caption><img loading=\"lazy\" width=\"696\" height=\"478\" class=\"entry-thumb td-modal-image\" src=\"http:\/\/nuevacordoba.net\/wp-content\/uploads\/2021\/09\/como-es-la-pelea-por-el-voto-anti-k-de-schiaretti-con-el-armado-juez-de-loredo.jpg\" srcset=\"http:\/\/nuevacordoba.net\/wp-content\/uploads\/2021\/09\/como-es-la-pelea-por-el-voto-anti-k-de-schiaretti-con-el-armado-juez-de-loredo.jpg 696w, http:\/\/nuevacordoba.net\/wp-content\/uploads\/2021\/09\/como-es-la-pelea-por-el-voto-anti-k-de-schiaretti-con-el-armado-juez-de-loredo-2.jpg 300w, http:\/\/nuevacordoba.net\/wp-content\/uploads\/2021\/09\/como-es-la-pelea-por-el-voto-anti-k-de-schiaretti-con-el-armado-juez-de-loredo-3.jpg 1024w, http:\/\/nuevacordoba.net\/wp-content\/uploads\/2021\/09\/como-es-la-pelea-por-el-voto-anti-k-de-schiaretti-con-el-armado-juez-de-loredo-4.jpg 768w, http:\/\/nuevacordoba.net\/wp-content\/uploads\/2021\/09\/como-es-la-pelea-por-el-voto-anti-k-de-schiaretti-con-el-armado-juez-de-loredo-5.jpg 1536w, http:\/\/nuevacordoba.net\/wp-content\/uploads\/2021\/09\/como-es-la-pelea-por-el-voto-anti-k-de-schiaretti-con-el-armado-juez-de-loredo-6.jpg 150w, http:\/\/nuevacordoba.net\/wp-content\/uploads\/2021\/09\/como-es-la-pelea-por-el-voto-anti-k-de-schiaretti-con-el-armado-juez-de-loredo-7.jpg 218w, http:\/\/nuevacordoba.net\/wp-content\/uploads\/2021\/09\/como-es-la-pelea-por-el-voto-anti-k-de-schiaretti-con-el-armado-juez-de-loredo-8.jpg 1068w, http:\/\/nuevacordoba.net\/wp-content\/uploads\/2021\/09\/como-es-la-pelea-por-el-voto-anti-k-de-schiaretti-con-el-armado-juez-de-loredo-9.jpg 612w, http:\/\/nuevacordoba.net\/wp-content\/uploads\/2021\/09\/como-es-la-pelea-por-el-voto-anti-k-de-schiaretti-con-el-armado-juez-de-loredo-10.jpg 100w, http:\/\/nuevacordoba.net\/wp-content\/uploads\/2021\/09\/como-es-la-pelea-por-el-voto-anti-k-de-schiaretti-con-el-armado-juez-de-loredo-11.jpg 1571w\" sizes=\"(max-width: 696px) 100vw, 696px\" alt title=\"schiaretti acto perfil\"><\/a><\/div>\n<p>En los \u00faltimos d\u00edas hubo algunos hechos que ayudan a entender por d\u00f3nde arrancar\u00e1 la<br \/>disputa en la campa\u00f1a para las Legislativas que se inicia en unos d\u00edas. Por un lado, en el<br \/>schiarettismo acusaron el golpe del paso de <strong>Patricia Bullrich<\/strong> y les sirvi\u00f3 para tomar nota<br \/>que <strong>Juntos por el Cambio<\/strong> jugar\u00e1 en serio la elecci\u00f3n en la provincia; y, por el otro, en el<br \/>mismo Centro C\u00edvico trataron de contener y moderar el desenfrenado optimismo de<br \/>algunos con el lanzamiento <strong>\u2018Schiaretti 2023\u2019.<\/strong><\/p>\n<p>La diferencia entre ambos hechos, que ocurrieron con la diferencia de un pu\u00f1ado de<br \/>d\u00edas, es que el segundo es controlable, y se hizo con un par de llamados. Mientras que el<br \/>primero, no. Por el contrario, hoy el peronismo provincial trata de ver c\u00f3mo jugar\u00e1 en<br \/>los resabios de fuego amigo que quedaron entre la oposici\u00f3n cordobesa, aunque sabe<br \/>que la incidencia de las figuras nacionales de la coalici\u00f3n esta vez se concretar\u00e1 con<br \/>figuras de primer nivel.<\/p>\n<p>A diferencia de lo ocurrido en las <a href=\"https:\/\/puntoapunto.com.ar\/que-esperan-los-empresarios-tras-la-derrota-del-gobierno-en-las-paso\/\" target=\"_blank\" rel=\"noopener\">Paso<\/a>, cuando los integrantes de la primera l\u00ednea<br \/>decidieron no bajar a C\u00f3rdoba y enviaron a actores de reparto, en esta ocasi\u00f3n habr\u00e1<br \/>m\u00e1s presencia de Bullrich, vendr\u00e1 <strong>Horacio Rodr\u00edguez Larreta<\/strong>, estar\u00e1 <strong>Elisa Carri\u00f3<\/strong> y hay<br \/>que ver de qu\u00e9 manera, tras la derrota de su bendecido Gustavo Santos, vuelve a la<br \/>provincia el expresidente <strong>Mauricio Macri.<\/strong><\/p>\n<p>Con esto sobre la mesa, y un discurso que ser\u00e1 a\u00fan m\u00e1s duro por parte de Luis Juez y<br \/>Rodrigo de Loredo, candidatos al Senado y Diputados, respectivamente, la estrategia del<br \/>Centro C\u00edvico de tomar a\u00fan m\u00e1s distancia de Casa Rosada tambi\u00e9n qued\u00f3 evidenciada<br \/>en los \u00faltimos d\u00edas.<\/p>\n<p><strong>\u201cSchiaretti ya se mueve como opositor\u201d<\/strong>, reconocen en off y p\u00fablicamente desde El<br \/>Panal pero tambi\u00e9n lo manifiesta el propio senador nacional y candidato del FdT, Carlos<br \/>Caserio. Y, como reconoci\u00f3 a Punto a Punto un intendente schiarettista del Gran<br \/>C\u00f3rdoba \u201ces la mejor campa\u00f1a que nos pueden hacer\u201d.<\/p>\n<p>\u201cQue Caserio haya salido a decir que se nos cay\u00f3 la careta y somos opositores a la<br \/>Naci\u00f3n es lo mejor que nos puede pasar\u201d, sostuvo el jefe comunal en relaci\u00f3n a las<br \/>declaraciones del senador en el programa D\u00eda Siete, que se emite por Canal 10.<\/p>\n<p>Es, precisamente esto, lo que pone a Hacemos por C\u00f3rdoba y Juntos por el Cambio a<br \/>pescar en una misma pecera de cara a noviembre. Porque, cabe se\u00f1alar, que en El Panal<br \/>afirman que el voto duro del peronismo ya lo tienen asegurado y no creen que el FdT<br \/>engrose demasiado sus n\u00fameros cordobeses con respecto a las Paso (m\u00e1s bien creen loopuesto) y ahora la pelea es por el voto anti K.<\/p>\n<h5><strong>La \u2018nacionalizaci\u00f3n\u2019, en pausa<\/strong><\/h5>\n<p>Hace dos domingos, <strong>Perfil C\u00f3rdoba<\/strong> dijo que Schiaretti pondr\u00eda su lanzamiento nacional<br \/>en pausa, ya que ven\u00edan advirtiendo en la mesa chica del mandatario provincial que no<br \/>es el momento, que se debe esperar. Y eso fue lo que ocurri\u00f3 a principios de esta<br \/>semana, cuando se baj\u00f3 un acto que hab\u00edan preparado intendentes del departamento<br \/>Col\u00f3n para el lanzamiento de \u2018Schiaretti 2023\u2019.<\/p>\n<p>Cuentan en El Panal que esto no disgust\u00f3 al gobernador. M\u00e1s bien lo tiene ah\u00ed, lo observa y pide que sus funcionarios m\u00e1s cercanos sondeen a aquellos que impulsan este tipo de iniciativas. \u201cSe va a lanzar, est\u00e1 cada vez m\u00e1s lejos de la Naci\u00f3n, y puede cerrar la grieta. Adem\u00e1s, hay gesti\u00f3n para mostrar y a veces se adelanta a la agenda nacional, como pas\u00f3 con la Mesa de Enlace y el cepo a la carne, pero nada de esto quiere decir que sea el momento indicado para lanzarse. Todo a su debido tiempo\u201d, sintetiz\u00f3 un<br \/>experimentado dirigente.<\/p>\n<p>De todas maneras, hasta en JxC saben que puede haber proyecci\u00f3n nacional y que<br \/>deber\u00e1n manejarse en una delgada l\u00ednea en las cr\u00edticas al mandatario provincial en la<br \/>campa\u00f1a.<\/p>\n<div class=\"saboxplugin-wrap\" itemtype=\"http:\/\/schema.org\/Person\" itemscope itemprop=\"author\">\n<div class=\"saboxplugin-tab\">\n<div class=\"saboxplugin-gravatar\"><img alt src=\"http:\/\/nuevacordoba.net\/wp-content\/uploads\/2021\/09\/como-es-la-pelea-por-el-voto-anti-k-de-schiaretti-con-el-armado-juez-de-loredo-1.jpg\" srcset=\"http:\/\/nuevacordoba.net\/wp-content\/uploads\/2021\/09\/como-es-la-pelea-por-el-voto-anti-k-de-schiaretti-con-el-armado-juez-de-loredo-12.jpg 2x\" class=\"avatar avatar-100 photo\" height=\"100\" width=\"100\" itemprop=\"image\" loading=\"lazy\"><\/div>\n<div class=\"saboxplugin-desc\">\n<div itemprop=\"description\">\n<p>Redacci\u00f3n.<\/p>\n<\/div>\n<\/div>\n<\/div>\n<\/div>\n","protected":false},"excerpt":{"rendered":"<p>En los \u00faltimos d\u00edas hubo algunos hechos que ayudan a entender por d\u00f3nde arrancar\u00e1 ladisputa en la campa\u00f1a para las Legislativas que se inicia en unos d\u00edas. Por un lado, en elschiarettismo acusaron el golpe del paso de Patricia Bullrich y les sirvi\u00f3 para tomar notaque Juntos por el Cambio jugar\u00e1 en serio la elecci\u00f3n [&hellip;]<\/p>\n","protected":false},"author":1,"featured_media":10441,"comment_status":"open","ping_status":"closed","sticky":false,"template":"","format":"standard","meta":[],"categories":[12,14],"tags":[],"_links":{"self":[{"href":"http:\/\/nuevacordoba.net\/index.php\/wp-json\/wp\/v2\/posts\/10440"}],"collection":[{"href":"http:\/\/nuevacordoba.net\/index.php\/wp-json\/wp\/v2\/posts"}],"about":[{"href":"http:\/\/nuevacordoba.net\/index.php\/wp-json\/wp\/v2\/types\/post"}],"author":[{"embeddable":true,"href":"http:\/\/nuevacordoba.net\/index.php\/wp-json\/wp\/v2\/users\/1"}],"replies":[{"embeddable":true,"href":"http:\/\/nuevacordoba.net\/index.php\/wp-json\/wp\/v2\/comments?post=10440"}],"version-history":[{"count":0,"href":"http:\/\/nuevacordoba.net\/index.php\/wp-json\/wp\/v2\/posts\/10440\/revisions"}],"wp:featuredmedia":[{"embeddable":true,"href":"http:\/\/nuevacordoba.net\/index.php\/wp-json\/wp\/v2\/media\/10441"}],"wp:attachment":[{"href":"http:\/\/nuevacordoba.net\/index.php\/wp-json\/wp\/v2\/media?parent=10440"}],"wp:term":[{"taxonomy":"category","embeddable":true,"href":"http:\/\/nuevacordoba.net\/index.php\/wp-json\/wp\/v2\/categories?post=10440"},{"taxonomy":"post_tag","embeddable":true,"href":"http:\/\/nuevacordoba.net\/index.php\/wp-json\/wp\/v2\/tags?post=10440"}],"curies":[{"name":"wp","href":"https:\/\/api.w.org\/{rel}","templated":true}]}}