{"id":1049,"date":"2021-02-15T15:49:35","date_gmt":"2021-02-15T15:49:35","guid":{"rendered":"http:\/\/nuevacordoba.net\/index.php\/2021\/02\/15\/eduardo-menem-las-acusaciones-por-rio-tercero-por-las-explosiones-son-una-infamia\/"},"modified":"2021-02-15T15:49:35","modified_gmt":"2021-02-15T15:49:35","slug":"eduardo-menem-las-acusaciones-por-rio-tercero-por-las-explosiones-son-una-infamia","status":"publish","type":"post","link":"http:\/\/nuevacordoba.net\/index.php\/2021\/02\/15\/eduardo-menem-las-acusaciones-por-rio-tercero-por-las-explosiones-son-una-infamia\/","title":{"rendered":"Eduardo Menem: las acusaciones por R\u00edo Tercero por las explosiones son \u00abuna infamia\u00bb"},"content":{"rendered":"<div><img src=\"http:\/\/nuevacordoba.net\/wp-content\/uploads\/2021\/02\/eduardo-menem-las-acusaciones-por-rio-tercero-por-las-explosiones-son-una-infamia.jpg\" class=\"ff-og-image-inserted\"><\/div>\n<p>El exsenador Eduardo Menem dijo este lunes que su fallecido hermano&nbsp;<a href=\"http:\/\/www.lavoz.com.ar\/personas\/carlos-saul-menem\" target=\"_blank\" rel=\"noopener\">Carlos Menem<\/a>&nbsp;dej\u00f3 como ense\u00f1anza una construcci\u00f3n de la pol\u00edtica donde no prima la \u201cdescalificaci\u00f3n\u201d, al tiempo que fustig\u00f3 a los sectores que en las \u00faltimas horas hicieron se\u00f1alamientos contra el expresidente riojano por la explosi\u00f3n de la F\u00e1brica Militar de R\u00edo Tercero y los atentados a la embajada de Israel y a la Amia.<\/p>\n<p>En declaraciones a la prensa en las puertas del Congreso, donde el expresidente ser\u00e1 velado hasta las 15, Eduardo Menem dijo que las acusaciones contra su hermano son \u201cuna forma de desacreditarlo\u201d.<\/p>\n<p>\u201cQue Dios los perdone por esa infamia que est\u00e1n cometiendo al acusarlo sin ning\u00fan tipo de pruebas ni elementos sobre R\u00edo Tercero. Menos mal que no le echan la culpa de las Torres Gemelas\u201d, ironiz\u00f3.<\/p>\n<div class=\"block-ad-node\">\n<div>\n<p> <span>Publicidad<\/span> <\/p>\n<\/div>\n<\/div>\n<p>Tambi\u00e9n calific\u00f3 como \u201clastimoso\u201d el <a href=\"https:\/\/www.lavoz.com.ar\/politica\/duro-comunicado-de-daia-por-muerte-de-carlos-menem\" target=\"_blank\" rel=\"noopener\">comunicado emitido por la Delegaci\u00f3n de Asociaciones Israelitas Argentinas (Daia)<\/a>, que critic\u00f3 duramente a Menem por la \u00abimpunidad\u00bb en torno a los atentados contra la embajada de Israel y la AMIA y los indultos a los responsables de cr\u00edmenes de lesa humanidad cometidos durante la \u00faltima dictadura militar.<\/p>\n<p>\u201cMenem fue el primer presidente que visit\u00f3 Israel y tuvo un trato excelente. Que saquen ese comunicado es una barbaridad y tiene algo de racismo tambi\u00e9n\u201d, dijo el exsenador.<\/p>\n<p>Consultado sobre los indultos que beneficiaron a las Juntas Militares y a dirigentes de organizaciones armadas, Eduardo Menem dijo que \u00abesa fue la forma en la que Carlos entendi\u00f3 que se pod\u00eda pacificar al pa\u00eds\u00bb.<\/p>\n<p>\u201cTuvimos un pa\u00eds en paz por 10 a\u00f1os, y el \u00faltimo golpe militar lo reprimi\u00f3 Carlos Menem como comandante en Jefe de las Fuerzas Armadas. Un civil le dio la orden a un militar de que vaya a reprimir a sus camaradas y se hizo\u201d, a\u00f1adi\u00f3.<\/p>\n<div class=\"block-ad-node\">\n<div>\n<p> <span>Publicidad<\/span> <\/p>\n<\/div>\n<\/div>\n<p>Finalmente, Eduardo Menem record\u00f3 que su hermano \u201casumi\u00f3 el gobierno 6 meses antes, en medio de saqueos, de cortes de luz, de cortes de agua\u201d y pidi\u00f3 recordar \u201ctodo eso para juzgar\u201d.<\/p>\n<div class=\"ctaNewsNotaContainer\" readability=\"6.5\">\n<div class=\"newsletterTextContainer\" readability=\"33\">\n<p> S\u00cdNTESIS POL\u00cdTICA<\/p>\n<p> Informaci\u00f3n exclusiva y el mejor an\u00e1lisis, los lunes en tu correo.<\/p>\n<form method=\"post\" action-xhr=\"https:\/\/www.lavoz.com.ar\/newsletters\/sintesis-politica\/signup\" id=\"newsletter-signup\" class=\"newsletterForm\" target=\"_blank\" custom-validation-reporting=\"as-you-go\" on=\"submit:AMP.setState({formLoading:true});submit-success:AMP.setState({formSuccess:true})\">\n<div submit-success class=\"is-paddingless-l\" readability=\"6\"> <template type=\"amp-mustache\" readability=\"2\"><\/p>\n<p> <strong>\u00a1Gracias por suscribirte!<\/strong><\/p>\n<p> <\/template><\/div>\n<div submit-error class=\"is-paddingless-l\" readability=\"6.5\"> <template type=\"amp-mustache\" readability=\"3\"><\/p>\n<p> <strong>Ha ocurrido un error, por favor intente nuevamente m\u00e1s tarde.<\/strong><\/p>\n<p> <\/template><\/div>\n<\/form>\n<\/div>\n<\/div>\n<div>\n<p> <span>Publicidad<\/span> <\/p>\n<\/div>\n","protected":false},"excerpt":{"rendered":"<p>El exsenador Eduardo Menem dijo este lunes que su fallecido hermano&nbsp;Carlos Menem&nbsp;dej\u00f3 como ense\u00f1anza una construcci\u00f3n de la pol\u00edtica donde no prima la \u201cdescalificaci\u00f3n\u201d, al tiempo que fustig\u00f3 a los sectores que en las \u00faltimas horas hicieron se\u00f1alamientos contra el expresidente riojano por la explosi\u00f3n de la F\u00e1brica Militar de R\u00edo Tercero y los atentados [&hellip;]<\/p>\n","protected":false},"author":1,"featured_media":1050,"comment_status":"closed","ping_status":"closed","sticky":false,"template":"","format":"standard","meta":[],"categories":[12],"tags":[],"_links":{"self":[{"href":"http:\/\/nuevacordoba.net\/index.php\/wp-json\/wp\/v2\/posts\/1049"}],"collection":[{"href":"http:\/\/nuevacordoba.net\/index.php\/wp-json\/wp\/v2\/posts"}],"about":[{"href":"http:\/\/nuevacordoba.net\/index.php\/wp-json\/wp\/v2\/types\/post"}],"author":[{"embeddable":true,"href":"http:\/\/nuevacordoba.net\/index.php\/wp-json\/wp\/v2\/users\/1"}],"replies":[{"embeddable":true,"href":"http:\/\/nuevacordoba.net\/index.php\/wp-json\/wp\/v2\/comments?post=1049"}],"version-history":[{"count":0,"href":"http:\/\/nuevacordoba.net\/index.php\/wp-json\/wp\/v2\/posts\/1049\/revisions"}],"wp:featuredmedia":[{"embeddable":true,"href":"http:\/\/nuevacordoba.net\/index.php\/wp-json\/wp\/v2\/media\/1050"}],"wp:attachment":[{"href":"http:\/\/nuevacordoba.net\/index.php\/wp-json\/wp\/v2\/media?parent=1049"}],"wp:term":[{"taxonomy":"category","embeddable":true,"href":"http:\/\/nuevacordoba.net\/index.php\/wp-json\/wp\/v2\/categories?post=1049"},{"taxonomy":"post_tag","embeddable":true,"href":"http:\/\/nuevacordoba.net\/index.php\/wp-json\/wp\/v2\/tags?post=1049"}],"curies":[{"name":"wp","href":"https:\/\/api.w.org\/{rel}","templated":true}]}}