{"id":1053,"date":"2021-02-15T16:45:28","date_gmt":"2021-02-15T16:45:28","guid":{"rendered":"http:\/\/nuevacordoba.net\/index.php\/2021\/02\/15\/los-independentistas-catalanes-listos-para-renovarse-en-el-poder-tras-los-comicios-regionales\/"},"modified":"2021-02-15T16:45:28","modified_gmt":"2021-02-15T16:45:28","slug":"los-independentistas-catalanes-listos-para-renovarse-en-el-poder-tras-los-comicios-regionales","status":"publish","type":"post","link":"http:\/\/nuevacordoba.net\/index.php\/2021\/02\/15\/los-independentistas-catalanes-listos-para-renovarse-en-el-poder-tras-los-comicios-regionales\/","title":{"rendered":"Los independentistas catalanes, listos para renovarse en el poder tras los comicios regionales"},"content":{"rendered":"<div class=\"image\" id=\"image\" readability=\"9\"> <img src=\"http:\/\/nuevacordoba.net\/wp-content\/uploads\/2021\/02\/los-independentistas-catalanes-listos-para-renovarse-en-el-poder-tras-los-comicios-regionales.jpg\" alt=\"Pere Aragon\u00e9s, separatista moderado, el favorito para presidir la regi\u00f3n.\" title=\"Pere Aragon\u00e9s, separatista moderado, el favorito para presidir la regi\u00f3n.\"><\/p>\n<p>Pere Aragon\u00e9s, separatista moderado, el favorito para presidir la regi\u00f3n.<\/p>\n<\/div>\n<p>El candidato del partido independentista m\u00e1s votado en las elecciones de Catalu\u00f1a<strong> llam\u00f3 a las dem\u00e1s fuerzas separatistas a formar r\u00e1pidamente un Gobierno favorable a la ruptura <\/strong>con Espa\u00f1a, un d\u00eda despu\u00e9s de que los secesionistas reforzaran su mayor\u00eda en el Parlamento de la rica regi\u00f3n norte\u00f1a.<\/p>\n<p>El avance independentista <strong>neutraliz\u00f3 la victoria m\u00ednima de los socialistas del presidente del Gobierno espa\u00f1ol, Pedro S\u00e1nchez<\/strong>, cuyo candidato a presidente de Catalu\u00f1a, Salvador Illa, el exministro de Salud que gestion\u00f3 el coronavirus, fue el m\u00e1s votado pero sin apenas posibilidades de presidir esta regi\u00f3n de 7,8 millones de habitantes.<\/p>\n<p>Pese a no poder desbancar a los separatistas, el resultado de los comicios fue interpretado como muy positivo para S\u00e1nchez, porque el partido independentista moderado que se prev\u00e9 encabezar\u00e1 el Gobierno catal\u00e1n es su aliado en el Parlamento central espa\u00f1ol, lo que anticipa una relaci\u00f3n menos compleja.<\/p>\n<blockquote readability=\"6\">\n<p>La jornada fue eclipsada por el coronavirus, que dej\u00f3 una abstenci\u00f3n hist\u00f3rica<span class=\"comilla\">\u201d<\/span><\/p>\n<\/blockquote>\n<p>Adem\u00e1s, el triunfo de Illa en Catalu\u00f1a, <strong>el primero de los socialistas en la regi\u00f3n en 22 a\u00f1os<\/strong>, valida la pol\u00edtica de Gobierno, mientras que sus rivales y cr\u00edticos de derecha y centroderecha, el Partido Popular y Ciudadanos, sufrieron un descalabro y se vieron superados por el partido de extrema derecha Vox, ahora cuarta fuerza en la regi\u00f3n.<\/p>\n<p>La jornada fue eclipsada por el coronavirus, que dej\u00f3 una abstenci\u00f3n hist\u00f3rica y la imagen del personal desplegado en los centros de votaci\u00f3n protegido de pies a cabeza para permitir el sufragio presencial de electores enfermos de Covid-19 o en cuarentena.<\/p>\n<p>A pesar de las divisiones internas surgidas tras el fracaso de la tentativa de secesi\u00f3n de octubre 2017,<strong> los separatistas en el poder ampliaron su mayor\u00eda parlamentaria <\/strong>e incluso superaron por primera vez en unos comicios regionales el 50% de los votos.<\/p>\n<p>Esto diluy\u00f3 la p\u00edrrica victoria de los socialistas de S\u00e1nchez, que se encomend\u00f3 a la popularidad de su exministro de Salud y timonel de la lucha contra el virus en Espa\u00f1a para conquistar la regi\u00f3n.<\/p>\n<div class=\"image\" id=\"image\" readability=\"9\"> <img src=\"http:\/\/nuevacordoba.net\/wp-content\/uploads\/2021\/02\/los-independentistas-catalanes-listos-para-renovarse-en-el-poder-tras-los-comicios-regionales-1.jpg\" alt=\"Con un 23% de votos, Illa qued\u00f3 en cabeza pero con solo 33 de los 135 esca\u00f1os del Parlamento regional\" title=\"Con un 23% de votos, Illa qued\u00f3 en cabeza pero con solo 33 de los 135 esca\u00f1os del Parlamento regional\"><\/p>\n<p>Con un 23% de votos, Illa qued\u00f3 en cabeza pero con solo 33 de los 135 esca\u00f1os del Parlamento regional<\/p>\n<\/div>\n<p>Con un 23% de votos, Illa qued\u00f3 en cabeza pero con solo 33 de los 135 esca\u00f1os del Parlamento regional, con lo que le ser\u00e1 pr\u00e1cticamente imposible llegar al poder, ya que los independentistas se comprometieron a no pactar el Gobierno con \u00e9l.<\/p>\n<p>Pis\u00e1ndole los talones quedaron las dos formaciones del Gobierno regional, Izquierda Republicana (ERC) con los mismos esca\u00f1os pero un 21,3% de votos, y Juntos por Catalu\u00f1a (JxC) con 32.<\/p>\n<p>Con los nueve asientos de la izquierda radical CUP, <strong>los independentistas pasar\u00edan de 70 a 74 esca\u00f1os y podr\u00edan formar Gobierno si salvan las fuertes discrepancias surgidas desde el fracaso de 2017.<\/strong><\/p>\n<blockquote readability=\"8\">\n<p>Un d\u00eda despu\u00e9s de los comicios, Aragon\u00e9s emplaz\u00f3 a JxC, a la CUP y a un partido de izquierda a formar un Gobierno que defienda la independencia de Espa\u00f1a<span class=\"comilla\">\u201d<\/span><\/p>\n<\/blockquote>\n<p>ERC super\u00f3 a sus socios de coalici\u00f3n JxC, lo que sit\u00faa a su candidato <strong>Pere Aragon\u00e9s, un separatista moderado, como favorito para presidir la regi\u00f3n.<\/strong><\/p>\n<p>Un d\u00eda despu\u00e9s de los comicios, Aragon\u00e9s emplaz\u00f3 a JxC, a la CUP y a un partido de izquierda a formar un Gobierno que defienda la independencia de Espa\u00f1a y abogue por la libertad de los dirigentes encarcelados por el intento de secesi\u00f3n de 2017.<\/p>\n<p>\u00abEn los pr\u00f3ximos d\u00edas, hoy o esta semana, tenemos que poder avanzar bastante en las conversaciones\u00bb entre ERC, JxC, la CUP y la coalici\u00f3n de partidos de izquierda En Com\u00fa Podem, dijo Aragon\u00e9s, quien revel\u00f3 que ya habl\u00f3 con los l\u00edderes de esos partidos.<\/p>\n<p>\u00abEl 12 de marzo es la fecha l\u00edmite para la conformaci\u00f3n del nuevo Parlament, pero espero que el acuerdo sea mucho antes\u00bb, agreg\u00f3 Aragon\u00e9s, citado por el diario espa\u00f1ol El Pa\u00eds.<\/p>\n<p>Los comicios llevaron por primera vez al Parlamento catal\u00e1n a la ultraderecha de Vox, que con un encendido discurso contra el separatismo catal\u00e1n se erigi\u00f3 como cuarta fuerza con 11 esca\u00f1os.<\/p>\n<p>Las elecciones, las quintas en esta regi\u00f3n desde 2010, llegan <strong>m\u00e1s de tres a\u00f1os despu\u00e9s de la celebraci\u00f3n de un refer\u00e9ndum ilegal de autodeterminaci\u00f3n marcado por la violencia<\/strong> policial y la fallida proclamaci\u00f3n de una rep\u00fablica.<\/p>\n<p>Carles Puigdemont, de JxC y presidente regional de entonces, est\u00e1 exiliado en B\u00e9lgica y otros nueve dirigentes, entre ellos el l\u00edder de ERC, Oriol Junqueras, exvicerpesidente de Puigdemont, cumplen penas de entre 9 y 13 a\u00f1os de prisi\u00f3n por sedici\u00f3n.<\/p>\n<p>Desde entonces, el independentismo se dividi\u00f3 entre la estrategia rupturista de Puigdemont y la moderaci\u00f3n de ERC, que incluso se ha convertido en sost\u00e9n del Gobierno minoritario de S\u00e1nchez en el Congreso espa\u00f1ol.<\/p>\n<blockquote readability=\"5\">\n<p>Aragon\u00e9s ya ha reclamado un refer\u00e9ndum de autodeterminaci\u00f3n que los socialistas rechazan.<span class=\"comilla\">\u201d<\/span><\/p>\n<\/blockquote>\n<p>Con todo,<strong> aunque S\u00e1nchez no consigui\u00f3 desbancar a los independentistas del poder regional, \u00abpara el Gobierno espa\u00f1ol todo son buenas noticias\u00bb<\/strong>, dijo el analista Josep Ramoneda a la agencia de noticias AFP.<\/p>\n<p>En Barcelona, tendr\u00e1 un interlocutor m\u00e1s fluido. Y, en Madrid, los resultados en Catalu\u00f1a \u00ablegitiman la pol\u00edtica de gobierno\u00bb y \u00absit\u00faan a sus rivales en la derecha en una situaci\u00f3n de crisis\u00bb tras verse claramente superados por Vox, afirm\u00f3.<\/p>\n<p>Esto dar\u00e1 margen a S\u00e1nchez para abordar el tema catal\u00e1n con gestos controvertidos como la concesi\u00f3n de indultos a dirigentes separatistas condenados por el intento de secesi\u00f3n de 2017.<\/p>\n<p>Sin embargo, pese a la voluntad de di\u00e1logo de ambas partes, las posiciones siguen distantes y con un dif\u00edcil encaje. Aragon\u00e9s ya ha reclamado un refer\u00e9ndum de autodeterminaci\u00f3n que los socialistas rechazan. <\/p>\n","protected":false},"excerpt":{"rendered":"<p>Pere Aragon\u00e9s, separatista moderado, el favorito para presidir la regi\u00f3n. El candidato del partido independentista m\u00e1s votado en las elecciones de Catalu\u00f1a llam\u00f3 a las dem\u00e1s fuerzas separatistas a formar r\u00e1pidamente un Gobierno favorable a la ruptura con Espa\u00f1a, un d\u00eda despu\u00e9s de que los secesionistas reforzaran su mayor\u00eda en el Parlamento de la rica [&hellip;]<\/p>\n","protected":false},"author":1,"featured_media":1054,"comment_status":"closed","ping_status":"closed","sticky":false,"template":"","format":"standard","meta":[],"categories":[13],"tags":[],"_links":{"self":[{"href":"http:\/\/nuevacordoba.net\/index.php\/wp-json\/wp\/v2\/posts\/1053"}],"collection":[{"href":"http:\/\/nuevacordoba.net\/index.php\/wp-json\/wp\/v2\/posts"}],"about":[{"href":"http:\/\/nuevacordoba.net\/index.php\/wp-json\/wp\/v2\/types\/post"}],"author":[{"embeddable":true,"href":"http:\/\/nuevacordoba.net\/index.php\/wp-json\/wp\/v2\/users\/1"}],"replies":[{"embeddable":true,"href":"http:\/\/nuevacordoba.net\/index.php\/wp-json\/wp\/v2\/comments?post=1053"}],"version-history":[{"count":0,"href":"http:\/\/nuevacordoba.net\/index.php\/wp-json\/wp\/v2\/posts\/1053\/revisions"}],"wp:featuredmedia":[{"embeddable":true,"href":"http:\/\/nuevacordoba.net\/index.php\/wp-json\/wp\/v2\/media\/1054"}],"wp:attachment":[{"href":"http:\/\/nuevacordoba.net\/index.php\/wp-json\/wp\/v2\/media?parent=1053"}],"wp:term":[{"taxonomy":"category","embeddable":true,"href":"http:\/\/nuevacordoba.net\/index.php\/wp-json\/wp\/v2\/categories?post=1053"},{"taxonomy":"post_tag","embeddable":true,"href":"http:\/\/nuevacordoba.net\/index.php\/wp-json\/wp\/v2\/tags?post=1053"}],"curies":[{"name":"wp","href":"https:\/\/api.w.org\/{rel}","templated":true}]}}