{"id":1069,"date":"2021-02-16T16:16:38","date_gmt":"2021-02-16T16:16:38","guid":{"rendered":"http:\/\/nuevacordoba.net\/index.php\/2021\/02\/16\/un-brian-castano-dichoso-y-con-adrenalina\/"},"modified":"2021-02-16T16:16:38","modified_gmt":"2021-02-16T16:16:38","slug":"un-brian-castano-dichoso-y-con-adrenalina","status":"publish","type":"post","link":"http:\/\/nuevacordoba.net\/index.php\/2021\/02\/16\/un-brian-castano-dichoso-y-con-adrenalina\/","title":{"rendered":"Un Brian Casta\u00f1o dichoso y con adrenalina"},"content":{"rendered":"<div class=\"image\" id=\"image\" readability=\"7\"> <img src=\"http:\/\/nuevacordoba.net\/wp-content\/uploads\/2021\/02\/un-brian-castano-dichoso-y-con-adrenalina.jpg\" alt=\"Casta\u00f1o dice estar contento y emocionado\" title=\"Casta\u00f1o dice estar contento y emocionado\"><\/p>\n<p>Casta\u00f1o dice estar contento y emocionado<\/p>\n<\/div>\n<p>Todav\u00eda en California, donde el s\u00e1bado conquist\u00f3 el t\u00edtulo superwelter de la Organizaci\u00f3n Mundial de Boxeo (OMB), el bonaerense Brian Carlos Casta\u00f1o se confiesa \u00abcontento y emocionado\u00bb y subraya que su lucida victoria a expensas del brasile\u00f1o Patrick Teixeira \u00abme ha llenado el alma\u00bb.<\/p>\n<p>El invicto peleador originario de Isidro Casanova disfruta de unos d\u00edas de descanso despu\u00e9s de una extensa preparaci\u00f3n de cinco meses que calific\u00f3 de \u00abcampamento muy fuerte\u00bb a las \u00f3rdenes de su manager Sebasti\u00e1n Contursi, su padre (Carlos) en la direcci\u00f3n t\u00e9cnica y el preparador f\u00edsico Mat\u00edas Erb\u00edn.<\/p>\n<p>En di\u00e1logo con T\u00e9lam, Casta\u00f1o detall\u00f3 sus \u00ablindas sensaciones\u00bb despu\u00e9s de propinar una paliza a Teixeira en el ring del Fantasy Springs Casino de Indio, California y quedarse con la faja OMB de las 154 libras (69,853kg): \u00abEsto es muy emocionante, he concretado otro sue\u00f1o y ya son dos mis campeonatos del mundo. Me llena el alma y me da energ\u00eda para seguir adelante. Esto es una inyecci\u00f3n de adrenalina para seguir pensando, so\u00f1ando y trabajar a futuro\u00bb.<\/p>\n<blockquote readability=\"7\">\n<p>\u00abEsto es muy emocionante, he concretado otro sue\u00f1o y ya son dos mis campeonatos del mundo. Me llena el alma y me da energ\u00eda para seguir adelante\u00bb<span class=\"comilla\">\u201d<\/span><\/p>\n<\/blockquote>\n<p>En ese sentido, tal parece que en el horizonte se perfila la unificaci\u00f3n con el estadounidense Jermell Charlo, triple campe\u00f3n de la AMB, del CMB y de la FIB, due\u00f1o de un r\u00e9cord de 32-1 con 16 triunfos categ\u00f3ricos y asimismo considerado el mejor superwelter del planeta por la revista especializada The Ring.<\/p>\n<p>Consultado por T\u00e9lam, Contursi juzg\u00f3 \u00abfactible\u00bb que Casta\u00f1o y Charlo se midan hacia finales de agosto: \u00abPor poner una fecha razonable. Todas las partes queremos la unificaci\u00f3n y ya se mostraron interesadas dos cadenas, Show Time y Fox. Adem\u00e1s, como los dos boxeadores est\u00e1n firmados con Al Hymond ser\u00e1 cuesti\u00f3n de sentarse a conversar, ir avanzando, negociar y acordar. La semana que viene tendremos la primera reuni\u00f3n y en principio no me parece que tenga sentido hacer una pelea intermedia. Si todos los organismos est\u00e1n de acuerdo y todos estamos interesados, esa pelea se impone\u00bb.<\/p>\n<p>Por su parte, por si hubiera alguna duda Casta\u00f1o hizo hincapi\u00e9 en que est\u00e1 \u00abpreparado para todo\u00bb y que su principal aspiraci\u00f3n es enfrentar \u00aba los mejores\u00bb.<\/p>\n<p>El Boxi, tal su apodo, repuso que en el pleito con Teixeira se sinti\u00f3 \u00abmuy c\u00f3modo, muy fuerte, concentrado 100 por 100, confiado, porque sab\u00eda que estaba preparado para hacer la mejor pelea. Si bien la postergaci\u00f3n nos hab\u00eda obligado a cambiar sobre la marcha, siempre estuvimos activos, a full, entrenando a los tacos\u00bb.<\/p>\n<p>A decir del flamante campe\u00f3n mundial, su equipo de trabajo es \u00abformidable, con Sebasti\u00e1n Contursi a la cabeza, mi viejo, Charly, que me form\u00f3 y ya me llev\u00f3 dos veces a lo m\u00e1s alto y Mat\u00edas que me maneja la parte f\u00edsica para el alto rendimiento\u00bb.<\/p>\n<p>El preparador f\u00edsico<\/p>\n<p>El muy ponderado profesor Erb\u00edn declin\u00f3 sus laureles y se limit\u00f3 a manifestarle a T\u00e9lam que, simplemente, \u00abBrian es as\u00ed, ese es su estilo, la forma de pelear que le inculc\u00f3 su padre y que tan buenos resultados le da. Mi trabajo es entregarle al padre de Brian el producto que \u00e9l quiere: alguien preparado para tirar una tremenda cantidad de golpes y asfixiar al rival\u00bb,<\/p>\n<p>\u00abSiempre nos preparamos para 12 rounds intensos\u00bb, a\u00f1adi\u00f3 Erb\u00edn, y rubric\u00f3 su ponderaci\u00f3n a las aptitudes de Casta\u00f1o: \u00abEn el boxeo de hoy hay muchos conservadores, no es habitual ver peleadores como Brian, con semejante volumen de golpes.<\/p>\n<p>F\u00edsicamente tiene una capacidad impresionante y un coraz\u00f3n enorme para brindarlo arriba del ring. <\/p>\n","protected":false},"excerpt":{"rendered":"<p>Casta\u00f1o dice estar contento y emocionado Todav\u00eda en California, donde el s\u00e1bado conquist\u00f3 el t\u00edtulo superwelter de la Organizaci\u00f3n Mundial de Boxeo (OMB), el bonaerense Brian Carlos Casta\u00f1o se confiesa \u00abcontento y emocionado\u00bb y subraya que su lucida victoria a expensas del brasile\u00f1o Patrick Teixeira \u00abme ha llenado el alma\u00bb. El invicto peleador originario de [&hellip;]<\/p>\n","protected":false},"author":1,"featured_media":1070,"comment_status":"closed","ping_status":"closed","sticky":false,"template":"","format":"standard","meta":[],"categories":[10],"tags":[],"_links":{"self":[{"href":"http:\/\/nuevacordoba.net\/index.php\/wp-json\/wp\/v2\/posts\/1069"}],"collection":[{"href":"http:\/\/nuevacordoba.net\/index.php\/wp-json\/wp\/v2\/posts"}],"about":[{"href":"http:\/\/nuevacordoba.net\/index.php\/wp-json\/wp\/v2\/types\/post"}],"author":[{"embeddable":true,"href":"http:\/\/nuevacordoba.net\/index.php\/wp-json\/wp\/v2\/users\/1"}],"replies":[{"embeddable":true,"href":"http:\/\/nuevacordoba.net\/index.php\/wp-json\/wp\/v2\/comments?post=1069"}],"version-history":[{"count":0,"href":"http:\/\/nuevacordoba.net\/index.php\/wp-json\/wp\/v2\/posts\/1069\/revisions"}],"wp:featuredmedia":[{"embeddable":true,"href":"http:\/\/nuevacordoba.net\/index.php\/wp-json\/wp\/v2\/media\/1070"}],"wp:attachment":[{"href":"http:\/\/nuevacordoba.net\/index.php\/wp-json\/wp\/v2\/media?parent=1069"}],"wp:term":[{"taxonomy":"category","embeddable":true,"href":"http:\/\/nuevacordoba.net\/index.php\/wp-json\/wp\/v2\/categories?post=1069"},{"taxonomy":"post_tag","embeddable":true,"href":"http:\/\/nuevacordoba.net\/index.php\/wp-json\/wp\/v2\/tags?post=1069"}],"curies":[{"name":"wp","href":"https:\/\/api.w.org\/{rel}","templated":true}]}}