{"id":1085,"date":"2021-02-16T16:17:33","date_gmt":"2021-02-16T16:17:33","guid":{"rendered":"http:\/\/nuevacordoba.net\/index.php\/2021\/02\/16\/milagro-sala-contra-la-corte-por-ratificar-su-condena-demuestra-que-la-justicia-no-esta-funcionando-bien\/"},"modified":"2021-02-16T16:17:33","modified_gmt":"2021-02-16T16:17:33","slug":"milagro-sala-contra-la-corte-por-ratificar-su-condena-demuestra-que-la-justicia-no-esta-funcionando-bien","status":"publish","type":"post","link":"http:\/\/nuevacordoba.net\/index.php\/2021\/02\/16\/milagro-sala-contra-la-corte-por-ratificar-su-condena-demuestra-que-la-justicia-no-esta-funcionando-bien\/","title":{"rendered":"Milagro Sala, contra la Corte por ratificar su condena: \u00abDemuestra que la Justicia no est\u00e1 funcionando bien\u00bb"},"content":{"rendered":"<div><img src=\"http:\/\/nuevacordoba.net\/wp-content\/uploads\/2021\/02\/milagro-sala-contra-la-corte-por-ratificar-su-condena-demuestra-que-la-justicia-no-esta-funcionando-bien.jpg\" class=\"ff-og-image-inserted\"><\/div>\n<p>La dirigente juje\u00f1a <a href=\"https:\/\/www.lavoz.com.ar\/temas\/milagro-sala\">Milagro Sala<\/a> cuestion\u00f3 el fallo por el cual la Corte Suprema ratific\u00f3 la condena a dos a\u00f1os de prisi\u00f3n por amenazas que le impusieron en la llamada &#8216;causa de las bombachas&#8217;, un episodio por el que hab\u00eda sido absuelta en primera instancia, y adjudic\u00f3 la decisi\u00f3n del m\u00e1ximo tribunal, que se conoci\u00f3 el jueves y fue firmada por los cinco miembros, a lo que defini\u00f3 como una \u00abbatalla\u00bb entre la Corte y el Ejecutivo.<\/p>\n<p>\u00abNo hay seguridad judicial, no pod\u00e9s levantar la voz porque te llenan de causas\u00bb, se quej\u00f3 Sala en relaci\u00f3n al funcionamiento del Poder Judicial en todo el pa\u00eds pero tambi\u00e9n, y en particular, sobre la Justicia de la provincia de Jujuy, en el marco de una entrevista concedida este lunes a la radio El Destape.<\/p>\n<blockquote readability=\"11\">\n<p>\u00abNo hay equidad en la Justicia, estas cosas indignan y dan bronca. A m\u00ed me armaron 16 causas y en el 90% de los casos son los mismos testigos, que tienen cargos en el Senado, en el Congreso o son funcionarios de Gerardo Morales\u00bb, asegur\u00f3 la dirigente.<\/p>\n<\/blockquote>\n<p>Sobre la actualidad del Poder Judicial de Jujuy, Sala concentr\u00f3 sus cr\u00edticas en uno de los miembros del Superior Tribunal de Justicia de la provincia, Ekel Meyer, quien asumi\u00f3 en diciembre tras haber sido por varios a\u00f1os ministro de Seguridad desde que Morales inici\u00f3 su gobierno.<\/p>\n<div class=\"block-ad-node\">\n<div>\n<p> <span>Publicidad<\/span> <\/p>\n<\/div>\n<\/div>\n<p>\u00abEkel Meyer fue la persona que me detuvo sin orden judicial. Y adem\u00e1s no ten\u00eda las condiciones dadas para poder ser juez del Superior Tribunal, porque ten\u00e9s que haber litigado o haber trabajado como abogado, pero \u00e9l nunca litig\u00f3\u00bb, asegur\u00f3.<\/p>\n<p>Sala tambi\u00e9n critic\u00f3 a otro juez de la provincia, Pablo Mart\u00edn Pullen Llermanos, designado como titular del juzgado de violencia de g\u00e9nero n\u00ba 3.<\/p>\n<p>\u00abEl d\u00eda jueves pasado, un femicida mat\u00f3 a una mujer en el barrio de Huaicos y Pullen Llermanos le dio la libertad\u00bb, cuestion\u00f3.<\/p>\n<p>\u00abEn enero (Pullen Llermanos) le dio la libertad a este hombre, de apellido Guti\u00e9rrez, y el d\u00eda viernes mat\u00f3 a su mujer de 44 a\u00f1os\u00bb, insisti\u00f3 en referencia al femicidio de Rosita Marina Patagua, asesinada el viernes pasado.<\/p>\n<p>\u00abNo hay equidad en la Justicia, y estas cosas te indignan y te dan bronca. Aqu\u00ed la Justicia trabaja mal, a beneficio de Gerardo Morales\u00bb, agreg\u00f3 la dirigente.<\/p>\n<div class=\"block-ad-node\">\n<div>\n<p> <span>Publicidad<\/span> <\/p>\n<\/div>\n<\/div>\n<p>Sala tambi\u00e9n pidi\u00f3 que se trate en el Congreso el proyecto de intervenci\u00f3n del Poder Judicial de Jujuy: \u00abQued\u00f3 atrancado, \u00bfpor que no se avanza con eso?\u00bb, dijo.<\/p>\n<p>En otro tramo de la entrevista a Sala le preguntaron si considera justo recibir un indulto, a lo que contest\u00f3: \u00abNo s\u00f3lo el m\u00edo, sino el de todos los compa\u00f1eros\u00bb.<\/p>\n<p>As\u00ed aludi\u00f3 a los otros miembros de la agrupaci\u00f3n T\u00fapac Amaru que est\u00e1n cumpliendo condena, con prisi\u00f3n domiciliaria, en el marco de la causa llamada &#8216;Pibes Villeros&#8217;: se trata de Mirtha Guerrero, Patricia Cabana, Graciela L\u00f3pez, Adriana Condori, Mar\u00eda Condori, Miguel \u00c1ngel Sibila, Javier Nieva e Iv\u00e1n Altamirano.<\/p>\n<div class=\"block-ad-node\">\n<div>\n<p> <span>Publicidad<\/span> <\/p>\n<\/div>\n<\/div>\n<p>En relaci\u00f3n a la figura legal del indulto, su utilizaci\u00f3n fue varias veces descartada por el propio presidente Alberto Fern\u00e1ndez.<\/p>\n<p>\u00abA la palabra le asigno un valor central y yo hice campa\u00f1a diciendo no iba a dictar indultos y lo voy a cumplir\u00bb, afirm\u00f3 en una entrevista por Radio Con Vos a principios de enero.<\/p>\n<p class=\"TextoDestacado\">\u00abEl indulto para m\u00ed es una r\u00e9mora mon\u00e1rquica que qued\u00f3 en la Constituci\u00f3n: un derecho que ten\u00edan los reyes de perdonar a quien hab\u00eda sido condenado y, en esos t\u00e9rminos, se transfiri\u00f3 a la Constituci\u00f3n, con algunas limitaciones. El Presidente puede indultar a los que han sido condenados, por lo tal no borra la condena\u00bb, plante\u00f3.<\/p>\n<p>Adem\u00e1s, el primer mandatario puntualiz\u00f3 que la figura del indulto \u00abes un perd\u00f3n\u00bb y no una revisi\u00f3n del propio Poder Judicial ante irregularidades procesales.<\/p>\n<p>\u00abEl indulto es un perd\u00f3n, y cuando la Justicia act\u00faa, no tengo por qu\u00e9 indultar\u00bb, argument\u00f3 Fern\u00e1ndez y en ese punto remarc\u00f3: \u00abYo le pido a la Justicia que revise lo que pas\u00f3 en estos cuatro a\u00f1os (2015-2019) porque hay cosas que no est\u00e1n bien\u00bb.<\/p>\n<p>Tambi\u00e9n se manifest\u00f3 contra la aplicaci\u00f3n de un eventual indulto el diputado Leopoldo Moreau (FdT-Buenos Aires), quien por el contrario aconsej\u00f3 insistir con revisiones de los juicios en la Justicia argentina pero tambi\u00e9n con presentaciones ante la Corte Interamericana de Derechos Humanos.<\/p>\n<p>\u00abNo creo ni en la amnist\u00eda ni en el indulto. Hay que seguir insistiendo por la v\u00eda judicial\u00bb, dijo Moreau hace un mes en declaraciones radiales.<\/p>\n<p>Por otro lado, la abogada y directora de Asuntos Jur\u00eddicos del Senado, Graciana Pe\u00f1afort, propuso este lunes que la figura del indulto sea aplicada puntualmente en el caso de la dirigente de la T\u00fapac Amaru, condenada a 13 a\u00f1os en la causa &#8216;Pibes Villeros&#8217; y con prisi\u00f3n domiciliaria.<\/p>\n<p>En enero de 2020 el Tribunal Superior de Justicia juje\u00f1o ratific\u00f3 el fallo condenatorio y est\u00e1 previsto que a mediados de 2021 la Corte Suprema resuelva un recurso extraordinario interpuesto por Sala.<\/p>\n<p>\u00abMi pregunta es si hay casos en los cuales no deber\u00eda revisar su posici\u00f3n: pienso en determinadas situaciones, como la de Milagro Sala, en la cual la Corte juega a la impunidad de no tener que rendir cuentas\u00bb, dijo Pe\u00f1afort.<\/p>\n<p>Pe\u00f1afort tambi\u00e9n afirm\u00f3 que en el corto plazo se podr\u00eda avanzar en \u00abalgunas cosas, bastante sencillas\u00bb como la reglamentaci\u00f3n del art\u00edculo 180 del C\u00f3digo Procesal (que habilita a la Corte a rechazar un recurso extraordinario sin dar fundamentos) o la modificaci\u00f3n del sistema de sorteo que rige en los Tribunales Federales de Comodoro Py.<\/p>\n<p>\u00abEl Poder Judicial se ha envalentonado, y este a\u00f1o va a hacer pol\u00edtica: act\u00faa como un partido pol\u00edtico aunque sea un espacio que no deber\u00eda formar parte de la pol\u00edtica partidaria\u00bb, evalu\u00f3 por otra parte la abogada.<\/p>\n<div class=\"ctaNewsNotaContainer\" readability=\"6.5\">\n<div class=\"newsletterTextContainer\" readability=\"33\">\n<p> S\u00cdNTESIS POL\u00cdTICA<\/p>\n<p> Informaci\u00f3n exclusiva y el mejor an\u00e1lisis, los lunes en tu correo.<\/p>\n<form method=\"post\" action-xhr=\"https:\/\/www.lavoz.com.ar\/newsletters\/sintesis-politica\/signup\" id=\"newsletter-signup\" class=\"newsletterForm\" target=\"_blank\" custom-validation-reporting=\"as-you-go\" on=\"submit:AMP.setState({formLoading:true});submit-success:AMP.setState({formSuccess:true})\">\n<div submit-success class=\"is-paddingless-l\" readability=\"6\"> <template type=\"amp-mustache\" readability=\"2\"><\/p>\n<p> <strong>\u00a1Gracias por suscribirte!<\/strong><\/p>\n<p> <\/template><\/div>\n<div submit-error class=\"is-paddingless-l\" readability=\"6.5\"> <template type=\"amp-mustache\" readability=\"3\"><\/p>\n<p> <strong>Ha ocurrido un error, por favor intente nuevamente m\u00e1s tarde.<\/strong><\/p>\n<p> <\/template><\/div>\n<\/form>\n<\/div>\n<\/div>\n<div>\n<p> <span>Publicidad<\/span> <\/p>\n<\/div>\n","protected":false},"excerpt":{"rendered":"<p>La dirigente juje\u00f1a Milagro Sala cuestion\u00f3 el fallo por el cual la Corte Suprema ratific\u00f3 la condena a dos a\u00f1os de prisi\u00f3n por amenazas que le impusieron en la llamada &#8216;causa de las bombachas&#8217;, un episodio por el que hab\u00eda sido absuelta en primera instancia, y adjudic\u00f3 la decisi\u00f3n del m\u00e1ximo tribunal, que se conoci\u00f3 [&hellip;]<\/p>\n","protected":false},"author":1,"featured_media":1086,"comment_status":"closed","ping_status":"closed","sticky":false,"template":"","format":"standard","meta":[],"categories":[12],"tags":[],"_links":{"self":[{"href":"http:\/\/nuevacordoba.net\/index.php\/wp-json\/wp\/v2\/posts\/1085"}],"collection":[{"href":"http:\/\/nuevacordoba.net\/index.php\/wp-json\/wp\/v2\/posts"}],"about":[{"href":"http:\/\/nuevacordoba.net\/index.php\/wp-json\/wp\/v2\/types\/post"}],"author":[{"embeddable":true,"href":"http:\/\/nuevacordoba.net\/index.php\/wp-json\/wp\/v2\/users\/1"}],"replies":[{"embeddable":true,"href":"http:\/\/nuevacordoba.net\/index.php\/wp-json\/wp\/v2\/comments?post=1085"}],"version-history":[{"count":0,"href":"http:\/\/nuevacordoba.net\/index.php\/wp-json\/wp\/v2\/posts\/1085\/revisions"}],"wp:featuredmedia":[{"embeddable":true,"href":"http:\/\/nuevacordoba.net\/index.php\/wp-json\/wp\/v2\/media\/1086"}],"wp:attachment":[{"href":"http:\/\/nuevacordoba.net\/index.php\/wp-json\/wp\/v2\/media?parent=1085"}],"wp:term":[{"taxonomy":"category","embeddable":true,"href":"http:\/\/nuevacordoba.net\/index.php\/wp-json\/wp\/v2\/categories?post=1085"},{"taxonomy":"post_tag","embeddable":true,"href":"http:\/\/nuevacordoba.net\/index.php\/wp-json\/wp\/v2\/tags?post=1085"}],"curies":[{"name":"wp","href":"https:\/\/api.w.org\/{rel}","templated":true}]}}