{"id":10905,"date":"2021-10-11T00:45:50","date_gmt":"2021-10-11T00:45:50","guid":{"rendered":"http:\/\/nuevacordoba.net\/index.php\/2021\/10\/11\/un-dia-despues-de-la-renuncia-de-kurz-austria-tiene-nuevo-jefe-de-gobierno\/"},"modified":"2021-10-11T00:45:50","modified_gmt":"2021-10-11T00:45:50","slug":"un-dia-despues-de-la-renuncia-de-kurz-austria-tiene-nuevo-jefe-de-gobierno","status":"publish","type":"post","link":"http:\/\/nuevacordoba.net\/index.php\/2021\/10\/11\/un-dia-despues-de-la-renuncia-de-kurz-austria-tiene-nuevo-jefe-de-gobierno\/","title":{"rendered":"Un d\u00eda despu\u00e9s de la renuncia de Kurz, Austria tiene nuevo jefe de gobierno"},"content":{"rendered":"<div class=\"image\" id=\"image\" readability=\"7\"> <img src=\"http:\/\/nuevacordoba.net\/wp-content\/uploads\/2021\/10\/un-dia-despues-de-la-renuncia-de-kurz-austria-tiene-nuevo-jefe-de-gobierno.jpg\" alt=\"Alexander Schallenberg como jefe del gobierno\" title=\"Alexander Schallenberg como jefe del gobierno\"><\/p>\n<p>Alexander Schallenberg como jefe del gobierno<\/p>\n<\/div>\n<p>El presidente de Austria, Alexander van der Bellen, design\u00f3 este domingo al diplom\u00e1tico Alexander Schallenberg como jefe del gobierno, 24 horas despu\u00e9s de que se anunciara la renuncia de Sebastian Kurz tras el esc\u00e1ndalo de corrupci\u00f3n en el que se vio envuelto.<\/p>\n<p>El nombramiento de Schallenberg, se\u00f1alado como sucesor por el propio Kurz, fue aprobado de inmediato por el vicecanciller Werner Kogler, l\u00edder de los ecologistas, que junto a los conservadores del Partido Popular (Oevp) seguir\u00e1n componiendo la coalici\u00f3n gobernante tras los cambios.<\/p>\n<p><strong>\u00abEsta crisis de gobierno termin\u00f3\u00bb, declar\u00f3 Van der Bellen<\/strong>, y agradeci\u00f3 al canciller saliente haber dado un paso al costado, con el que \u00abevit\u00f3 da\u00f1os a la Rep\u00fablica\u00bb, seg\u00fan la agencia de noticias ANSA.<\/p>\n<p>Asimismo, Van der Bellen se disculp\u00f3 por la \u00abimagen que la pol\u00edtica dio\u00bb estos d\u00edas, se quej\u00f3 de que la confianza en las instituciones fuera<strong> \u00abuna vez m\u00e1s profundamente sacudida\u00bb y agreg\u00f3 que \u00abel trabajo por nuestro pa\u00eds puede ir hacia adelante\u00bb.<\/strong><\/p>\n<p>El juramento de Schallenberg est\u00e1 programado para este lunes a las 13 (las 8 en la Argentina).<\/p>\n<p>El diplom\u00e1tico de 52 a\u00f1os, divorciado y padre de cuatro hijos, tendr\u00e1 ahora la tarea de reconstruir la imagen del Ejecutivo, da\u00f1ada por el esc\u00e1ndalo que estall\u00f3 hace cuatro d\u00edas.<\/p>\n<p><strong>Schallenberg<\/strong> acudi\u00f3 este domingo por la ma\u00f1ana al palacio presidencial en Viena y <strong>habl\u00f3 de \u00abuna tarea y un tiempo extremadamente exigentes, nada f\u00e1cil para ninguno de nosotros\u00bb.<\/strong><\/p>\n<div class=\"image\" id=\"image\" readability=\"8\"> <img src=\"http:\/\/nuevacordoba.net\/wp-content\/uploads\/2021\/10\/un-dia-despues-de-la-renuncia-de-kurz-austria-tiene-nuevo-jefe-de-gobierno-1.jpg\" alt=\"El presidente austr\u00edaco nombr\u00f3 un nuevo canciller, un d\u00eda despu\u00e9s de la renuncia de Kurz\" title=\"El presidente austr\u00edaco nombr\u00f3 un nuevo canciller, un d\u00eda despu\u00e9s de la renuncia de Kurz\"><\/p>\n<p>El presidente austr\u00edaco nombr\u00f3 un nuevo canciller, un d\u00eda despu\u00e9s de la renuncia de Kurz<\/p>\n<\/div>\n<p><br open><br \/>\n<strong>\u00abCreo que estamos mostrando un incre\u00edble nivel de responsabilidad para este pa\u00eds\u00bb,<\/strong> remarc\u00f3.<\/p>\n<p>El mi\u00e9rcoles pasado<strong> la Fiscal\u00eda de Austria inform\u00f3 que Kurz era sospechoso de haber usado fondos gubernamentales para asegurarse una cobertura medi\u00e1tica favorable <\/strong>y, por eso, orden\u00f3 el allanamiento de la sede de su partido, el Partido Popular Austr\u00edaco (OPV) y de varios despachos de la Canciller\u00eda.<\/p>\n<p><strong>Las im\u00e1genes del operativo judicial y las protestas sociales en su contra fueron la gota que rebas\u00f3 el vaso para Los Verdes,<\/strong> el socio minoritario del Gobierno.<\/p>\n<p>La investigaci\u00f3n de la Fiscal\u00eda sigue unas encuestas que supuestamente encarg\u00f3 el Ministerio de Finanzas de Austria en las que Kurz y el Partido Popular Austr\u00edaco sal\u00edan favorecidos y que aparecieron en un grupo de medios del pa\u00eds.<\/p>\n<p>Los investigadores creen que<strong> la cartera de Finanzas desvi\u00f3 fondos p\u00fablicos para los sondeos que, a juicio del fiscal, estaban \u00abexclusivamente motivados para el avance pol\u00edtico del partido\u00bb<\/strong>. Su publicaci\u00f3n en un grupo medi\u00e1tico aliado estuvo acompa\u00f1ado de una cooperaci\u00f3n publicitaria de m\u00e1s de 1,1 millones de euros.<\/p>\n<div class=\"image\" id=\"image\" readability=\"7\"> <img src=\"http:\/\/nuevacordoba.net\/wp-content\/uploads\/2021\/10\/un-dia-despues-de-la-renuncia-de-kurz-austria-tiene-nuevo-jefe-de-gobierno-2.jpg\" alt=\"Kurz seguir\u00e1 como jefe del Partido Popular (\u00d6PV)\" title=\"Kurz seguir\u00e1 como jefe del Partido Popular (\u00d6PV)\"><\/p>\n<p>Kurz seguir\u00e1 como jefe del Partido Popular (\u00d6PV)<\/p>\n<\/div>\n<p><br open><br \/>\nEl viernes, Kogler asegur\u00f3 que Kurz \u00abya no era apto para ejercer sus funciones\u00bb y le pidi\u00f3 al OPV que proponga de inmediato un reemplazo que no est\u00e9 manchado con denuncias.<\/p>\n<p><strong>\u00abHagamos lo correcto y pensemos en primer lugar en nuestra Austria\u00bb, exhort\u00f3 del l\u00edder de los ecologistas.<\/strong><\/p>\n<p><strong>Kurz, acusado de incitar al pago de sobornos, rechaz\u00f3 las acusaciones en su contra.<\/strong><\/p>\n<p>Seg\u00fan los analistas, la l\u00ednea del ejecutivo de Viena no deber\u00eda cambiar de modo significativo. La l\u00edder de la oposici\u00f3n socialdem\u00f3crata, Pamela Rendi-Wagner, denuncia la existencia de un \u00absistema Kurz\u00bb, con su permanencia de facto en el poder como \u00abcanciller fantasma\u00bb, tras haber encabezado dos gobiernos en los \u00faltimos cuatro a\u00f1os.<\/p>\n<p>Despu\u00e9s de todo, el pol\u00edtico de 35 a\u00f1os, que en los \u00faltimos a\u00f1os bati\u00f3 todos los r\u00e9cords de precocidad en la pol\u00edtica austriaca, convirti\u00e9ndose en el m\u00e1s joven subsecretario, ministro de Relaciones Exteriores y canciller,<strong> permanecer\u00e1 en el Parlamento y liderar\u00e1 el Partido Popular austriaco.<\/strong><\/p>\n<p>Ya en 2019 Kurz hab\u00eda conseguido superar la crisis que hab\u00eda provocado la ca\u00edda de su primer gobierno, al ser reelegido tras el llamado \u00abIbizagate\u00bb, el esc\u00e1ndalo de corrupci\u00f3n que hab\u00eda agobiado a sus aliados en ese momento, la extrema derecha del Partido de la Libertad (Fpoe). <\/p>\n","protected":false},"excerpt":{"rendered":"<p>Alexander Schallenberg como jefe del gobierno El presidente de Austria, Alexander van der Bellen, design\u00f3 este domingo al diplom\u00e1tico Alexander Schallenberg como jefe del gobierno, 24 horas despu\u00e9s de que se anunciara la renuncia de Sebastian Kurz tras el esc\u00e1ndalo de corrupci\u00f3n en el que se vio envuelto. El nombramiento de Schallenberg, se\u00f1alado como sucesor [&hellip;]<\/p>\n","protected":false},"author":1,"featured_media":10906,"comment_status":"closed","ping_status":"closed","sticky":false,"template":"","format":"standard","meta":[],"categories":[13],"tags":[],"_links":{"self":[{"href":"http:\/\/nuevacordoba.net\/index.php\/wp-json\/wp\/v2\/posts\/10905"}],"collection":[{"href":"http:\/\/nuevacordoba.net\/index.php\/wp-json\/wp\/v2\/posts"}],"about":[{"href":"http:\/\/nuevacordoba.net\/index.php\/wp-json\/wp\/v2\/types\/post"}],"author":[{"embeddable":true,"href":"http:\/\/nuevacordoba.net\/index.php\/wp-json\/wp\/v2\/users\/1"}],"replies":[{"embeddable":true,"href":"http:\/\/nuevacordoba.net\/index.php\/wp-json\/wp\/v2\/comments?post=10905"}],"version-history":[{"count":0,"href":"http:\/\/nuevacordoba.net\/index.php\/wp-json\/wp\/v2\/posts\/10905\/revisions"}],"wp:featuredmedia":[{"embeddable":true,"href":"http:\/\/nuevacordoba.net\/index.php\/wp-json\/wp\/v2\/media\/10906"}],"wp:attachment":[{"href":"http:\/\/nuevacordoba.net\/index.php\/wp-json\/wp\/v2\/media?parent=10905"}],"wp:term":[{"taxonomy":"category","embeddable":true,"href":"http:\/\/nuevacordoba.net\/index.php\/wp-json\/wp\/v2\/categories?post=10905"},{"taxonomy":"post_tag","embeddable":true,"href":"http:\/\/nuevacordoba.net\/index.php\/wp-json\/wp\/v2\/tags?post=10905"}],"curies":[{"name":"wp","href":"https:\/\/api.w.org\/{rel}","templated":true}]}}