{"id":11009,"date":"2021-10-13T11:49:56","date_gmt":"2021-10-13T11:49:56","guid":{"rendered":"https:\/\/www.bbc.com\/mundo\/noticias-internacional-58869263"},"modified":"2021-10-13T11:49:56","modified_gmt":"2021-10-13T11:49:56","slug":"capitalismo-de-la-sardina-en-que-consiste-la-receta-economica-que-ha-convertido-a-portugal-en-un-exitoso-ejemplo-de-crecimiento-en-europa","status":"publish","type":"post","link":"http:\/\/nuevacordoba.net\/index.php\/2021\/10\/13\/capitalismo-de-la-sardina-en-que-consiste-la-receta-economica-que-ha-convertido-a-portugal-en-un-exitoso-ejemplo-de-crecimiento-en-europa\/","title":{"rendered":"\u00abCapitalismo de la sardina\u00bb: en qu\u00e9 consiste la receta econ\u00f3mica que ha convertido a Portugal en un exitoso ejemplo de crecimiento en Europa"},"content":{"rendered":"<div dir=\"ltr\" class=\"e1j2237y5 bbc-q4ibpr e57qer20\">\n<div class=\"bbc-1atl7vu e1c9i7u14\">\n<ul role=\"list\" class=\"bbc-k0l9bd e1c9i7u12\">\n<li role=\"listitem\" class=\"bbc-1a3w4ok e1c9i7u11\">Mar Pichel @marpichel<\/li>\n<li role=\"listitem\" class=\"bbc-1p92jtu e1c9i7u10\">BBC News Mundo<\/li>\n<\/ul>\n<\/div>\n<\/div>\n<p><time datetime=\"2021-10-13\" class=\"bbc-14xtggo e4zesg50\">6 horas<\/time><\/p>\n<div dir=\"ltr\" class=\"bbc-1ka88fa e57qer20\">\n<figure class=\"bbc-1qdcvv9 e6bmn90\">\n<div dir=\"ltr\" class=\"bbc-172p16q e57qer20\">\n<div dir=\"ltr\" class=\"bbc-189y18v e57qer20\" readability=\"6.5\">\n<div data-e2e=\"image-placeholder\" class=\"bbc-997y1y e1whu0\" readability=\"8\"><img loading=\"lazy\" srcset=\"http:\/\/nuevacordoba.net\/wp-content\/uploads\/2021\/10\/capitalismo-de-la-sardina-en-que-consiste-la-receta-economica-que-ha-convertido-a-portugal-en-un-exitoso-ejemplo-de-crecimiento-en-europa-8.jpg 240w, http:\/\/nuevacordoba.net\/wp-content\/uploads\/2021\/10\/capitalismo-de-la-sardina-en-que-consiste-la-receta-economica-que-ha-convertido-a-portugal-en-un-exitoso-ejemplo-de-crecimiento-en-europa-9.jpg 320w, http:\/\/nuevacordoba.net\/wp-content\/uploads\/2021\/10\/capitalismo-de-la-sardina-en-que-consiste-la-receta-economica-que-ha-convertido-a-portugal-en-un-exitoso-ejemplo-de-crecimiento-en-europa-10.jpg 480w, http:\/\/nuevacordoba.net\/wp-content\/uploads\/2021\/10\/capitalismo-de-la-sardina-en-que-consiste-la-receta-economica-que-ha-convertido-a-portugal-en-un-exitoso-ejemplo-de-crecimiento-en-europa-11.jpg 624w, http:\/\/nuevacordoba.net\/wp-content\/uploads\/2021\/10\/capitalismo-de-la-sardina-en-que-consiste-la-receta-economica-que-ha-convertido-a-portugal-en-un-exitoso-ejemplo-de-crecimiento-en-europa-12.jpg 800w\" alt=\"Tranv\u00eda en Lisboa\" src=\"http:\/\/nuevacordoba.net\/wp-content\/uploads\/2021\/10\/capitalismo-de-la-sardina-en-que-consiste-la-receta-economica-que-ha-convertido-a-portugal-en-un-exitoso-ejemplo-de-crecimiento-en-europa.jpg\" sizes=\"(min-width: 1008px) 645px, 100vw\" width=\"976\" height=\"549\" class=\"eehpdyc0 bbc-100dhyn e1enwo3v0\"><\/p>\n<p role=\"text\" class=\"bbc-1s1cxbv etq3yw90\"><span class=\"bbc-1gnhmg2 e1yt7oin0\">Fuente de la imagen, <\/span><span lang=\"en-GB\">Getty Images<\/span><\/p>\n<\/div>\n<\/div>\n<\/div>\n<\/figure>\n<\/div>\n<div dir=\"ltr\" class=\"bbc-19j92fr e57qer20\" readability=\"12\">\n<p dir=\"ltr\" class=\"bbc-bm53ic e1cc2ql70\"><b>Que Portugal est\u00e1 de moda no es una novedad. Sus ciudades y \u00e1reas costeras est\u00e1n llenas de turistas, atra\u00eddos por la historia y cultura de un pa\u00eds del que han salido grandes exploradores, el buen clima, su excelente gastronom\u00eda y un nivel de precios m\u00e1s que razonable. <\/b><\/p>\n<\/div>\n<div dir=\"ltr\" class=\"bbc-19j92fr e57qer20\" readability=\"11\">\n<p dir=\"ltr\" class=\"bbc-bm53ic e1cc2ql70\">M\u00e1s all\u00e1 de eso, este peque\u00f1o pa\u00eds europeo de poco m\u00e1s de 10 millones de habitantes se ha convertido tambi\u00e9n en un ejemplo de c\u00f3mo<b> salir<\/b><b> con \u00e9xito de la crisis<\/b> econ\u00f3mica iniciada en 2008, y ahora tambi\u00e9n del golpe econ\u00f3mico que supuso la pandemia de coronavirus.<\/p>\n<\/div>\n<div dir=\"ltr\" class=\"bbc-19j92fr e57qer20\" readability=\"9\">\n<p dir=\"ltr\" class=\"bbc-bm53ic e1cc2ql70\">Es lo que Michael Moran denomin\u00f3 en un reciente art\u00edculo en Foreign Policy como \u00abcapitalismo de la sardina\u00bb. La revista sobre pol\u00edtica internacional define a Portugal como \u00ab<b>un modelo de crecimiento para las peque\u00f1as econom\u00edas europeas<\/b>\u00ab.<\/p>\n<\/div>\n<div dir=\"ltr\" class=\"bbc-19j92fr e57qer20\" readability=\"7\">\n<p dir=\"ltr\" class=\"bbc-bm53ic e1cc2ql70\">\u00bfEn qu\u00e9 consiste ese \u00abcapitalismo de la sardina\u00bb por el que alaban a este peque\u00f1o pa\u00eds europeo?<\/p>\n<\/div>\n<p><h2 id=\"Proyectarse-al-mundo\" tabindex=\"-1\" class=\"bbc-l3e97o e14hemmw0\">Proyectarse al mundo<\/h2>\n<\/p>\n<div dir=\"ltr\" class=\"bbc-19j92fr e57qer20\" readability=\"10\">\n<p dir=\"ltr\" class=\"bbc-bm53ic e1cc2ql70\">Patr\u00edcia Lisa, investigadora del <i class=\"bbc-h1y5j7 ewc4zcb0\">think tank<\/i> Real Instituto Elcano, el \u00abcapitalismo de la sardina\u00bb tiene que ver con una apuesta muy fuerte en los <b>valores de su marca pa\u00eds<\/b>.<\/p>\n<\/div>\n<div dir=\"ltr\" class=\"bbc-19j92fr e57qer20\" readability=\"16\">\n<p dir=\"ltr\" class=\"bbc-bm53ic e1cc2ql70\">\u00abNo solo la sardina, sino tambi\u00e9n todo lo que est\u00e1 relacionado con el turismo, con la reconversi\u00f3n de su industria, del calzado, de los vinos, de la moda\u2026 y una fuerte apuesta por la llamada diplomacia econ\u00f3mica, que conjuga la internacionalizaci\u00f3n de su econom\u00eda\u00bb, le dice a BBC Mundo.<\/p>\n<\/div>\n<div dir=\"ltr\" class=\"bbc-19j92fr e57qer20\" readability=\"9\">\n<p dir=\"ltr\" class=\"bbc-bm53ic e1cc2ql70\">De hecho, puntualiza la experta, su diplomacia es conocida por ser extremadamente interventiva. <\/p>\n<\/div>\n<div dir=\"ltr\" class=\"bbc-1ka88fa e57qer20\">\n<figure class=\"bbc-1qdcvv9 e6bmn90\">\n<div dir=\"ltr\" class=\"bbc-172p16q e57qer20\">\n<div dir=\"ltr\" class=\"bbc-189y18v e57qer20\" readability=\"6.5\">\n<div data-e2e=\"image-placeholder\" class=\"bbc-997y1y e1whu0\" readability=\"8\"><noscript><img loading=\"lazy\" srcset=\"http:\/\/nuevacordoba.net\/wp-content\/uploads\/2021\/10\/capitalismo-de-la-sardina-en-que-consiste-la-receta-economica-que-ha-convertido-a-portugal-en-un-exitoso-ejemplo-de-crecimiento-en-europa-13.jpg 240w, http:\/\/nuevacordoba.net\/wp-content\/uploads\/2021\/10\/capitalismo-de-la-sardina-en-que-consiste-la-receta-economica-que-ha-convertido-a-portugal-en-un-exitoso-ejemplo-de-crecimiento-en-europa-14.jpg 320w, http:\/\/nuevacordoba.net\/wp-content\/uploads\/2021\/10\/capitalismo-de-la-sardina-en-que-consiste-la-receta-economica-que-ha-convertido-a-portugal-en-un-exitoso-ejemplo-de-crecimiento-en-europa-15.jpg 480w, http:\/\/nuevacordoba.net\/wp-content\/uploads\/2021\/10\/capitalismo-de-la-sardina-en-que-consiste-la-receta-economica-que-ha-convertido-a-portugal-en-un-exitoso-ejemplo-de-crecimiento-en-europa-16.jpg 624w, http:\/\/nuevacordoba.net\/wp-content\/uploads\/2021\/10\/capitalismo-de-la-sardina-en-que-consiste-la-receta-economica-que-ha-convertido-a-portugal-en-un-exitoso-ejemplo-de-crecimiento-en-europa-17.jpg 800w\" alt=\"Turistas en la desembocadura del r\u00edo Tajo, en Lisboa.\" src=\"http:\/\/nuevacordoba.net\/wp-content\/uploads\/2021\/10\/capitalismo-de-la-sardina-en-que-consiste-la-receta-economica-que-ha-convertido-a-portugal-en-un-exitoso-ejemplo-de-crecimiento-en-europa-1.jpg\" sizes=\"(min-width: 1008px) 645px, 100vw\" width=\"976\" height=\"549\" class=\"eehpdyc0 bbc-100dhyn e1enwo3v0\"><\/noscript><\/p>\n<p role=\"text\" class=\"bbc-1s1cxbv etq3yw90\"><span class=\"bbc-1gnhmg2 e1yt7oin0\">Fuente de la imagen, <\/span><span lang=\"en-GB\">Getty Images<\/span><\/p>\n<\/div>\n<\/div>\n<\/div>\n<\/figure>\n<\/div>\n<div dir=\"ltr\" class=\"bbc-19j92fr e57qer20\" readability=\"11\">\n<p dir=\"ltr\" class=\"bbc-bm53ic e1cc2ql70\">\u00abEso se ve en la forma en la que el pa\u00eds se consigue proyectar hacia el exterior, pese a que es una peque\u00f1a econom\u00eda, sigue teniendo una proyecci\u00f3n internacional superior a lo que equivaldr\u00edan sus indicadores duros de poder\u00bb. <\/p>\n<\/div>\n<div dir=\"ltr\" class=\"bbc-19j92fr e57qer20\" readability=\"13\">\n<p dir=\"ltr\" class=\"bbc-bm53ic e1cc2ql70\">Ese es, seg\u00fan Lisa uno de los ejes estructurales que marcan a Portugal como pa\u00eds: su <b>fuerte apuesta por la internacionalizaci\u00f3n<\/b>, por girarse al exterior. Algo que hist\u00f3ricamente se ha visto en su apuesta por el mar y la econom\u00eda del mar, pero que ahora tambi\u00e9n lo hace por las nuevas tecnolog\u00edas y la agenda de las energ\u00edas renovables.<\/p>\n<\/div>\n<div dir=\"ltr\" class=\"bbc-19j92fr e57qer20\" readability=\"8\">\n<p dir=\"ltr\" class=\"bbc-bm53ic e1cc2ql70\">Claro que no siempre fue as\u00ed y hubo a\u00f1os en los que Portugal tuvo que mirarse para adentro y ocupar los titulares por razones mucho menos optimistas.<\/p>\n<\/div>\n<p><h2 id=\"De-la-troika-al-milagro-portugu\u00e9s\" tabindex=\"-1\" class=\"bbc-l3e97o e14hemmw0\">De la \u00abtroika\u00bb al milagro portugu\u00e9s<\/h2>\n<\/p>\n<div dir=\"ltr\" class=\"bbc-19j92fr e57qer20\" readability=\"8\">\n<p dir=\"ltr\" class=\"bbc-bm53ic e1cc2ql70\">Tras la crisis econ\u00f3mica global de 2008, Portugal se vio inmerso en una fuerte depresi\u00f3n. <\/p>\n<\/div>\n<div dir=\"ltr\" class=\"bbc-19j92fr e57qer20\" readability=\"12\">\n<p dir=\"ltr\" class=\"bbc-bm53ic e1cc2ql70\">En 2011, <b>al borde de la bancarrota<\/b>, el gobierno del pa\u00eds pidi\u00f3 un rescate por valor de 78.000 millones de euros (US$90.250 millones) a las instituciones de la Uni\u00f3n Europea y el Fondo Monetario Internacional, que se lo otorg\u00f3 bajo la condici\u00f3n de implementar medidas de austeridad.<\/p>\n<\/div>\n<div dir=\"ltr\" class=\"bbc-19j92fr e57qer20\" readability=\"12\">\n<p dir=\"ltr\" class=\"bbc-bm53ic e1cc2ql70\">Fueron los a\u00f1os de la \u00abtroika\u00bb, como se conoce popularmente a las imposiciones de la Comisi\u00f3n Europea, el Banco Central Europeo y el FMI, en los que se recort\u00f3 notablemente el gasto p\u00fablico -afectando particularmente a los salarios de los funcionarios y las pensiones- y se aumentaron impuestos. <\/p>\n<\/div>\n<div dir=\"ltr\" class=\"bbc-1ka88fa e57qer20\">\n<figure class=\"bbc-1qdcvv9 e6bmn90\">\n<div dir=\"ltr\" class=\"bbc-172p16q e57qer20\">\n<div dir=\"ltr\" class=\"bbc-189y18v e57qer20\" readability=\"6.5\">\n<div data-e2e=\"image-placeholder\" class=\"bbc-997y1y e1whu0\" readability=\"8\"><noscript><img loading=\"lazy\" srcset=\"http:\/\/nuevacordoba.net\/wp-content\/uploads\/2021\/10\/capitalismo-de-la-sardina-en-que-consiste-la-receta-economica-que-ha-convertido-a-portugal-en-un-exitoso-ejemplo-de-crecimiento-en-europa-18.jpg 240w, http:\/\/nuevacordoba.net\/wp-content\/uploads\/2021\/10\/capitalismo-de-la-sardina-en-que-consiste-la-receta-economica-que-ha-convertido-a-portugal-en-un-exitoso-ejemplo-de-crecimiento-en-europa-19.jpg 320w, http:\/\/nuevacordoba.net\/wp-content\/uploads\/2021\/10\/capitalismo-de-la-sardina-en-que-consiste-la-receta-economica-que-ha-convertido-a-portugal-en-un-exitoso-ejemplo-de-crecimiento-en-europa-20.jpg 480w, http:\/\/nuevacordoba.net\/wp-content\/uploads\/2021\/10\/capitalismo-de-la-sardina-en-que-consiste-la-receta-economica-que-ha-convertido-a-portugal-en-un-exitoso-ejemplo-de-crecimiento-en-europa-21.jpg 624w, http:\/\/nuevacordoba.net\/wp-content\/uploads\/2021\/10\/capitalismo-de-la-sardina-en-que-consiste-la-receta-economica-que-ha-convertido-a-portugal-en-un-exitoso-ejemplo-de-crecimiento-en-europa-22.jpg 800w\" alt=\"Protesta contra las medidas de austeridad en 2013.\" src=\"http:\/\/nuevacordoba.net\/wp-content\/uploads\/2021\/10\/capitalismo-de-la-sardina-en-que-consiste-la-receta-economica-que-ha-convertido-a-portugal-en-un-exitoso-ejemplo-de-crecimiento-en-europa-2.jpg\" sizes=\"(min-width: 1008px) 645px, 100vw\" width=\"976\" height=\"549\" class=\"eehpdyc0 bbc-100dhyn e1enwo3v0\"><\/noscript><\/p>\n<p role=\"text\" class=\"bbc-1s1cxbv etq3yw90\"><span class=\"bbc-1gnhmg2 e1yt7oin0\">Fuente de la imagen, <\/span><span lang=\"en-GB\">Getty Images<\/span><\/p>\n<\/div>\n<\/div>\n<div dir=\"ltr\" class=\"bbc-3edg7g e57qer20\" readability=\"6\"><figcaption dir=\"ltr\" class=\"bbc-1t9zlwf eede9f50\" readability=\"2\"><span class=\"bbc-1gnhmg2 e1yt7oin0\">Pie de foto, <\/span><\/p>\n<p>Durante los a\u00f1os de la troika hubo muchas protestas contra las medidas de austeridad.<\/p>\n<\/figcaption><\/div>\n<\/div>\n<\/figure>\n<\/div>\n<div dir=\"ltr\" class=\"bbc-19j92fr e57qer20\" readability=\"12\">\n<p dir=\"ltr\" class=\"bbc-bm53ic e1cc2ql70\">Pero el <b>desempleo<\/b> no paraba de subir, -lleg\u00f3 a situarse en una cifra r\u00e9cord de 17,7% en 2013- y la <b>pobreza<\/b> y <b>descontento social<\/b> tampoco, mientras el consumo y la moral de los portugueses se desplomaban.<\/p>\n<\/div>\n<div dir=\"ltr\" class=\"bbc-19j92fr e57qer20\" readability=\"13\">\n<p dir=\"ltr\" class=\"bbc-bm53ic e1cc2ql70\">Despu\u00e9s de las reformas llevadas a cabo por un gobierno de centro derecha bajo supervisi\u00f3n de la troika, Portugal se liber\u00f3 del rescate internacional en junio de 2014, aunque el pa\u00eds no estaba para muchas celebraciones: la tasa de desempleo rondaba el 12%, el 20% de la poblaci\u00f3n viv\u00eda por debajo del umbral de pobreza y 485.000 portugueses hab\u00edan emigrado del pa\u00eds entre 2011 y 2014.<\/p>\n<\/div>\n<div dir=\"ltr\" class=\"bbc-19j92fr e57qer20\" readability=\"9\">\n<p dir=\"ltr\" class=\"bbc-bm53ic e1cc2ql70\">Tras las elecciones de 2015 se form\u00f3 un nuevo gobierno de centroizquierda liderado por el socialista Ant\u00f3nio Costa, quien est\u00e1 actualmente en el cargo. <\/p>\n<\/div>\n<div dir=\"ltr\" class=\"bbc-19j92fr e57qer20\" readability=\"10\">\n<p dir=\"ltr\" class=\"bbc-bm53ic e1cc2ql70\">El gobierno de Costa -y su aplaudido ministro de Finanzas M\u00e1rio Centeno-, empez\u00f3 a <b>revertir las medidas de austeridad<\/b>, pero sin dejar de lado la responsabilidad fiscal.<\/p>\n<\/div>\n<div dir=\"ltr\" class=\"bbc-19j92fr e57qer20\" readability=\"11\">\n<p dir=\"ltr\" class=\"bbc-bm53ic e1cc2ql70\">\u00abLo que hizo el gobierno de centroizquierda a partir de 2015 fue no implementar una gran contracci\u00f3n fiscal\u00bb, explica el economista Ant\u00f3nio Afonso, profesor de la Lisbon School of Economics y ex economista principal del Banco Central Europeo. <\/p>\n<\/div>\n<div dir=\"ltr\" class=\"bbc-19j92fr e57qer20\" readability=\"13\">\n<p dir=\"ltr\" class=\"bbc-bm53ic e1cc2ql70\">\u00abEmpezaron a gastar un poco m\u00e1s, en t\u00e9rminos de salarios por ejemplo, y eso tuvo un efecto multiplicador en la econom\u00eda. Gastaron un poco m\u00e1s sin gastar demasiado, y entonces hay un incremento en el PIB, hay un incremento en los ingresos por impuestos\u00bb.<\/p>\n<\/div>\n<div dir=\"ltr\" class=\"bbc-19j92fr e57qer20\" readability=\"8\">\n<p dir=\"ltr\" class=\"bbc-bm53ic e1cc2ql70\">La pol\u00edtica antiausteridad marc\u00f3 el cambio desde los momentos m\u00e1s duros de la crisis financiera y dio sus frutos.<\/p>\n<\/div>\n<div dir=\"ltr\" class=\"bbc-1ka88fa e57qer20\">\n<figure class=\"bbc-1qdcvv9 e6bmn90\">\n<div dir=\"ltr\" class=\"bbc-172p16q e57qer20\">\n<div dir=\"ltr\" class=\"bbc-189y18v e57qer20\" readability=\"6.5\">\n<div data-e2e=\"image-placeholder\" class=\"bbc-997y1y e1whu0\" readability=\"8\"><noscript><img loading=\"lazy\" srcset=\"http:\/\/nuevacordoba.net\/wp-content\/uploads\/2021\/10\/capitalismo-de-la-sardina-en-que-consiste-la-receta-economica-que-ha-convertido-a-portugal-en-un-exitoso-ejemplo-de-crecimiento-en-europa-23.jpg 240w, http:\/\/nuevacordoba.net\/wp-content\/uploads\/2021\/10\/capitalismo-de-la-sardina-en-que-consiste-la-receta-economica-que-ha-convertido-a-portugal-en-un-exitoso-ejemplo-de-crecimiento-en-europa-24.jpg 320w, http:\/\/nuevacordoba.net\/wp-content\/uploads\/2021\/10\/capitalismo-de-la-sardina-en-que-consiste-la-receta-economica-que-ha-convertido-a-portugal-en-un-exitoso-ejemplo-de-crecimiento-en-europa-25.jpg 480w, http:\/\/nuevacordoba.net\/wp-content\/uploads\/2021\/10\/capitalismo-de-la-sardina-en-que-consiste-la-receta-economica-que-ha-convertido-a-portugal-en-un-exitoso-ejemplo-de-crecimiento-en-europa-26.jpg 624w, http:\/\/nuevacordoba.net\/wp-content\/uploads\/2021\/10\/capitalismo-de-la-sardina-en-que-consiste-la-receta-economica-que-ha-convertido-a-portugal-en-un-exitoso-ejemplo-de-crecimiento-en-europa-27.jpg 800w\" alt=\"Ant\u00f3nio Costa y M\u00e1rio Centeno.\" src=\"http:\/\/nuevacordoba.net\/wp-content\/uploads\/2021\/10\/capitalismo-de-la-sardina-en-que-consiste-la-receta-economica-que-ha-convertido-a-portugal-en-un-exitoso-ejemplo-de-crecimiento-en-europa-3.jpg\" sizes=\"(min-width: 1008px) 645px, 100vw\" width=\"976\" height=\"549\" class=\"eehpdyc0 bbc-100dhyn e1enwo3v0\"><\/noscript><\/p>\n<p role=\"text\" class=\"bbc-1s1cxbv etq3yw90\"><span class=\"bbc-1gnhmg2 e1yt7oin0\">Fuente de la imagen, <\/span><span lang=\"en-GB\">Getty Images<\/span><\/p>\n<\/div>\n<\/div>\n<div dir=\"ltr\" class=\"bbc-3edg7g e57qer20\" readability=\"6\"><figcaption dir=\"ltr\" class=\"bbc-1t9zlwf eede9f50\" readability=\"2\"><span class=\"bbc-1gnhmg2 e1yt7oin0\">Pie de foto, <\/span><\/p>\n<p>Ant\u00f3nio Costa y M\u00e1rio Centeno.<\/p>\n<\/figcaption><\/div>\n<\/div>\n<\/figure>\n<\/div>\n<div dir=\"ltr\" class=\"bbc-19j92fr e57qer20\" readability=\"11\">\n<p dir=\"ltr\" class=\"bbc-bm53ic e1cc2ql70\">\u00abEl modelo de Costa se bas\u00f3 en incentivar el consumo m\u00e1s un gasto p\u00fablico estructural, es decir, inversi\u00f3n p\u00fablica en educaci\u00f3n y en infraestructuras\u00bb, explica Lisa.<\/p>\n<\/div>\n<div dir=\"ltr\" class=\"bbc-19j92fr e57qer20\" readability=\"14\">\n<p dir=\"ltr\" class=\"bbc-bm53ic e1cc2ql70\">\u00abNo se puede pensar ni en una revoluci\u00f3n ni en una ruptura\u00bb, aclara la experta. \u00abLos indicadores econ\u00f3micos de 2014, antes del gobierno de Costa, ya daban se\u00f1as de remontar\u00bb, agrega, pero \u00abes obvio que en 2015 hubo una reversi\u00f3n de la pol\u00edtica econ\u00f3mica\u00bb.<\/p>\n<\/div>\n<div dir=\"ltr\" class=\"bbc-19j92fr e57qer20\" readability=\"11\">\n<p dir=\"ltr\" class=\"bbc-bm53ic e1cc2ql70\">La recuperaci\u00f3n se not\u00f3 mucho en 2017. Ese a\u00f1o el PIB portugu\u00e9s registr\u00f3 un <b>crecimiento del 2,7%<\/b>, la tasa m\u00e1s alta del pa\u00eds desde el comienzo del nuevo milenio y la tasa de desempleo baj\u00f3 a niveles precrisis.<\/p>\n<\/div>\n<div dir=\"ltr\" class=\"bbc-19j92fr e57qer20\" readability=\"8\">\n<p dir=\"ltr\" class=\"bbc-bm53ic e1cc2ql70\">Centeno fue nombrado como el <b>\u00abRonaldo de las finanzas\u00bb <\/b>por el desempe\u00f1o sorprendente de la econom\u00eda portuguesa. <\/p>\n<\/div>\n<div dir=\"ltr\" class=\"bbc-19j92fr e57qer20\" readability=\"14\">\n<p dir=\"ltr\" class=\"bbc-bm53ic e1cc2ql70\">\u00ab2017 fue el a\u00f1o de todas las victorias para Portugal, se puso de moda en todas las dimensiones, en la dimensi\u00f3n econ\u00f3mica, en la pol\u00edtica y en la social\u00bb, dice Lisa. \u00abIncluso ganamos Eurovisi\u00f3n\u00bb, bromea.<\/p>\n<\/div>\n<div dir=\"ltr\" class=\"bbc-19j92fr e57qer20\" readability=\"7\">\n<p dir=\"ltr\" class=\"bbc-bm53ic e1cc2ql70\">Fue lo que se dio a conocer como el milagro econ\u00f3mico portugu\u00e9s. <\/p>\n<\/div>\n<p><h2 id=\"Exportaciones-y-turismo\" tabindex=\"-1\" class=\"bbc-l3e97o e14hemmw0\">Exportaciones y turismo<\/h2>\n<\/p>\n<div dir=\"ltr\" class=\"bbc-19j92fr e57qer20\" readability=\"8\">\n<p dir=\"ltr\" class=\"bbc-bm53ic e1cc2ql70\">En el lado financiero, hay un conductor que explica el buen desempe\u00f1o de la econom\u00eda portuguesa. <\/p>\n<\/div>\n<div dir=\"ltr\" class=\"bbc-1ka88fa e57qer20\">\n<figure class=\"bbc-1qdcvv9 e6bmn90\">\n<div dir=\"ltr\" class=\"bbc-172p16q e57qer20\">\n<div dir=\"ltr\" class=\"bbc-189y18v e57qer20\" readability=\"6.5\">\n<div data-e2e=\"image-placeholder\" class=\"bbc-997y1y e1whu0\" readability=\"8\"><noscript><img loading=\"lazy\" srcset=\"http:\/\/nuevacordoba.net\/wp-content\/uploads\/2021\/10\/capitalismo-de-la-sardina-en-que-consiste-la-receta-economica-que-ha-convertido-a-portugal-en-un-exitoso-ejemplo-de-crecimiento-en-europa-28.jpg 240w, http:\/\/nuevacordoba.net\/wp-content\/uploads\/2021\/10\/capitalismo-de-la-sardina-en-que-consiste-la-receta-economica-que-ha-convertido-a-portugal-en-un-exitoso-ejemplo-de-crecimiento-en-europa-29.jpg 320w, http:\/\/nuevacordoba.net\/wp-content\/uploads\/2021\/10\/capitalismo-de-la-sardina-en-que-consiste-la-receta-economica-que-ha-convertido-a-portugal-en-un-exitoso-ejemplo-de-crecimiento-en-europa-30.jpg 480w, http:\/\/nuevacordoba.net\/wp-content\/uploads\/2021\/10\/capitalismo-de-la-sardina-en-que-consiste-la-receta-economica-que-ha-convertido-a-portugal-en-un-exitoso-ejemplo-de-crecimiento-en-europa-31.jpg 624w, http:\/\/nuevacordoba.net\/wp-content\/uploads\/2021\/10\/capitalismo-de-la-sardina-en-que-consiste-la-receta-economica-que-ha-convertido-a-portugal-en-un-exitoso-ejemplo-de-crecimiento-en-europa-32.jpg 800w\" alt=\"Turistas en el centro de Lisboa\" src=\"http:\/\/nuevacordoba.net\/wp-content\/uploads\/2021\/10\/capitalismo-de-la-sardina-en-que-consiste-la-receta-economica-que-ha-convertido-a-portugal-en-un-exitoso-ejemplo-de-crecimiento-en-europa-4.jpg\" sizes=\"(min-width: 1008px) 645px, 100vw\" width=\"976\" height=\"549\" class=\"eehpdyc0 bbc-100dhyn e1enwo3v0\"><\/noscript><\/p>\n<p role=\"text\" class=\"bbc-1s1cxbv etq3yw90\"><span class=\"bbc-1gnhmg2 e1yt7oin0\">Fuente de la imagen, <\/span><span lang=\"en-GB\">Getty Images<\/span><\/p>\n<\/div>\n<\/div>\n<\/div>\n<\/figure>\n<\/div>\n<div dir=\"ltr\" class=\"bbc-19j92fr e57qer20\" readability=\"14\">\n<p dir=\"ltr\" class=\"bbc-bm53ic e1cc2ql70\">\u00abLo que ocurri\u00f3 notablemente en Portugal es que la tasa de ahorro aument\u00f3 extraordinariamente en 2011, 2011, 2012 y 2013\u00bb, explica Afonso. \u00abB\u00e1sicamente la gente no consum\u00eda, lo que significa que las importaciones cayeron. Cuando tus importaciones bajan, tu balanza por cuenta corriente mejora\u00bb. <\/p>\n<\/div>\n<div dir=\"ltr\" class=\"bbc-19j92fr e57qer20\" readability=\"9\">\n<p dir=\"ltr\" class=\"bbc-bm53ic e1cc2ql70\">Y las exportaciones tambi\u00e9n se comportaron bien y, seg\u00fan el economista, se debi\u00f3 a dos factores.<\/p>\n<\/div>\n<div dir=\"ltr\" class=\"bbc-19j92fr e57qer20\" readability=\"10\">\n<p dir=\"ltr\" class=\"bbc-bm53ic e1cc2ql70\">Por un lado, la<b> transformaci\u00f3n de la industria portuguesa<\/b> en los \u00faltimos 20 a\u00f1os, que empez\u00f3 a producir y salir con exportaciones tecnol\u00f3gicamente avanzadas.<\/p>\n<\/div>\n<div dir=\"ltr\" class=\"bbc-19j92fr e57qer20\" readability=\"15\">\n<p dir=\"ltr\" class=\"bbc-bm53ic e1cc2ql70\">\u00abHab\u00eda muchas exportaciones en el sector textil, pero desde que tienes una alta competencia desde los 2000 desde China, desde Asia en general, la gente empez\u00f3 a apostar m\u00e1s por la calidad, la diferenciaci\u00f3n\u00bb, dice el economista. \u00abEso implica que las exportaciones se incrementaron estrat\u00e9gicamente\u00bb.<\/p>\n<\/div>\n<div dir=\"ltr\" class=\"bbc-19j92fr e57qer20\" readability=\"13\">\n<p dir=\"ltr\" class=\"bbc-bm53ic e1cc2ql70\">Por otro lado, un<b> contexto de contracci\u00f3n fiscal <\/b>en 2011-2012 \u00abtiene un impacto en los precios, entonces puedes aumentar la productividad\u00bb. \u00abSi ganas productividad, ganas competitividad afuera, si ganas competitividad puedes exportar m\u00e1s a buen precio\u00bb.<\/p>\n<\/div>\n<div dir=\"ltr\" class=\"bbc-19j92fr e57qer20\" readability=\"9\">\n<p dir=\"ltr\" class=\"bbc-bm53ic e1cc2ql70\">\u00abEso es lo que hemos visto en los \u00faltimos 10 a\u00f1os, m\u00e1s o menos\u00bb, agrega Afonso.<\/p>\n<\/div>\n<div dir=\"ltr\" class=\"bbc-19j92fr e57qer20\" readability=\"12\">\n<p dir=\"ltr\" class=\"bbc-bm53ic e1cc2ql70\">Agregado, se da el <b>boom del turismo<\/b>, y a\u00f1o tras a\u00f1o Portugal ha batido el r\u00e9cord de visitantes al pa\u00eds. Antes de la pandemia, el turismo representaba casi el 15% del PIB y el sector era responsable del 10% del empleo. <\/p>\n<\/div>\n<div dir=\"ltr\" class=\"bbc-19j92fr e57qer20\" readability=\"12\">\n<p dir=\"ltr\" class=\"bbc-bm53ic e1cc2ql70\">Y, seg\u00fan los expertos, otro programa que contribuy\u00f3 a impulsar la econom\u00eda fue el de las llamadas <b>Golden Visa<\/b>, bajo el cual los inversores extranjeros que invierten 500.000 euros en una propiedad en el pa\u00eds obtienen el derecho a la residencia. <\/p>\n<\/div>\n<div dir=\"ltr\" class=\"bbc-19j92fr e57qer20\" readability=\"9\">\n<p dir=\"ltr\" class=\"bbc-bm53ic e1cc2ql70\">El esquema fue introducido en 2012 y se continu\u00f3 con los gobiernos socialistas, aunque no est\u00e1 exento de pol\u00e9mica.<\/p>\n<\/div>\n<p><h2 id=\"El-escenario-postpandemia\" tabindex=\"-1\" class=\"bbc-l3e97o e14hemmw0\">El escenario postpandemia<\/h2>\n<\/p>\n<div dir=\"ltr\" class=\"bbc-19j92fr e57qer20\" readability=\"10\">\n<p dir=\"ltr\" class=\"bbc-bm53ic e1cc2ql70\">La buena salud de la econom\u00eda portuguesa <b>sufri\u00f3 un duro golpe con la pandemia<\/b> de coronavirus y el PIB se desplom\u00f3 un 8,4% en 2020, la peor recesi\u00f3n desde 1936.<\/p>\n<\/div>\n<div dir=\"ltr\" class=\"bbc-19j92fr e57qer20\" readability=\"7\">\n<p dir=\"ltr\" class=\"bbc-bm53ic e1cc2ql70\">Los visitantes extranjeros cayeron un 76% el a\u00f1o pasado.<\/p>\n<\/div>\n<div dir=\"ltr\" class=\"bbc-1ka88fa e57qer20\">\n<figure class=\"bbc-1qdcvv9 e6bmn90\">\n<div dir=\"ltr\" class=\"bbc-172p16q e57qer20\">\n<div dir=\"ltr\" class=\"bbc-189y18v e57qer20\" readability=\"6.5\">\n<div data-e2e=\"image-placeholder\" class=\"bbc-997y1y e1whu0\" readability=\"8\"><noscript><img loading=\"lazy\" srcset=\"http:\/\/nuevacordoba.net\/wp-content\/uploads\/2021\/10\/capitalismo-de-la-sardina-en-que-consiste-la-receta-economica-que-ha-convertido-a-portugal-en-un-exitoso-ejemplo-de-crecimiento-en-europa-33.jpg 240w, http:\/\/nuevacordoba.net\/wp-content\/uploads\/2021\/10\/capitalismo-de-la-sardina-en-que-consiste-la-receta-economica-que-ha-convertido-a-portugal-en-un-exitoso-ejemplo-de-crecimiento-en-europa-34.jpg 320w, http:\/\/nuevacordoba.net\/wp-content\/uploads\/2021\/10\/capitalismo-de-la-sardina-en-que-consiste-la-receta-economica-que-ha-convertido-a-portugal-en-un-exitoso-ejemplo-de-crecimiento-en-europa-35.jpg 480w, http:\/\/nuevacordoba.net\/wp-content\/uploads\/2021\/10\/capitalismo-de-la-sardina-en-que-consiste-la-receta-economica-que-ha-convertido-a-portugal-en-un-exitoso-ejemplo-de-crecimiento-en-europa-36.jpg 624w, http:\/\/nuevacordoba.net\/wp-content\/uploads\/2021\/10\/capitalismo-de-la-sardina-en-que-consiste-la-receta-economica-que-ha-convertido-a-portugal-en-un-exitoso-ejemplo-de-crecimiento-en-europa-37.jpg 800w\" alt=\"Calle vac\u00eda en Porto durante el confinamiento.\" src=\"http:\/\/nuevacordoba.net\/wp-content\/uploads\/2021\/10\/capitalismo-de-la-sardina-en-que-consiste-la-receta-economica-que-ha-convertido-a-portugal-en-un-exitoso-ejemplo-de-crecimiento-en-europa-5.jpg\" sizes=\"(min-width: 1008px) 645px, 100vw\" width=\"976\" height=\"549\" class=\"eehpdyc0 bbc-100dhyn e1enwo3v0\"><\/noscript><\/p>\n<p role=\"text\" class=\"bbc-1s1cxbv etq3yw90\"><span class=\"bbc-1gnhmg2 e1yt7oin0\">Fuente de la imagen, <\/span><span lang=\"en-GB\">Getty Images<\/span><\/p>\n<\/div>\n<\/div>\n<div dir=\"ltr\" class=\"bbc-3edg7g e57qer20\" readability=\"6\"><figcaption dir=\"ltr\" class=\"bbc-1t9zlwf eede9f50\" readability=\"2\"><span class=\"bbc-1gnhmg2 e1yt7oin0\">Pie de foto, <\/span><\/p>\n<p>Calle vac\u00eda en Porto durante el confinamiento.<\/p>\n<\/figcaption><\/div>\n<\/div>\n<\/figure>\n<\/div>\n<div dir=\"ltr\" class=\"bbc-19j92fr e57qer20\" readability=\"11\">\n<p dir=\"ltr\" class=\"bbc-bm53ic e1cc2ql70\">Sin embargo, seg\u00fan los expertos, las medidas impulsadas durante los a\u00f1os previos a la pandemia permiti\u00f3 capear mejor la nueva crisis y Portugal es uno de los pa\u00edses que mejor se est\u00e1 desempe\u00f1ando en la recuperaci\u00f3n. <\/p>\n<\/div>\n<div dir=\"ltr\" class=\"bbc-19j92fr e57qer20\" readability=\"15\">\n<p dir=\"ltr\" class=\"bbc-bm53ic e1cc2ql70\">En el segundo trimestre de este a\u00f1o, Portugal <b>lider\u00f3 la recuperaci\u00f3n de la zona euro<\/b> y registr\u00f3 la tasa de crecimiento m\u00e1s elevada (4,9%) entre los pa\u00edses de la UE, como Alemania (1,5%) Espa\u00f1a (2,8%) o Italia (2,7).<\/p>\n<\/div>\n<div dir=\"ltr\" class=\"bbc-19j92fr e57qer20\" readability=\"16\">\n<p dir=\"ltr\" class=\"bbc-bm53ic e1cc2ql70\">Ahora, abiertos de nuevo al turismo y con un escenario ya pr\u00e1cticamente de normalidad, el Banco Central de Portugal prev\u00e9 que se cierre este a\u00f1o con un crecimiento del 4,8%, mientras la tasa de desempleo se sit\u00faa en 6,7%, muy por debajo de pa\u00edses vecinos y tambi\u00e9n dependientes del turismo como Espa\u00f1a (15%) e Italia (10%).<\/p>\n<\/div>\n<p><h2 id=\"Los-retos-\" tabindex=\"-1\" class=\"bbc-l3e97o e14hemmw0\">Los retos <\/h2>\n<\/p>\n<div dir=\"ltr\" class=\"bbc-19j92fr e57qer20\" readability=\"8\">\n<p dir=\"ltr\" class=\"bbc-bm53ic e1cc2ql70\">Por supuesto, no todo es perfecto para Portugal y la econom\u00eda portuguesa a\u00fan tiene grandes retos.<\/p>\n<\/div>\n<div dir=\"ltr\" class=\"bbc-19j92fr e57qer20\" readability=\"7\">\n<p dir=\"ltr\" class=\"bbc-bm53ic e1cc2ql70\">El principal para Patr\u00edcia Lisa es <b>reformar el mercado laboral.<\/b><\/p>\n<\/div>\n<div dir=\"ltr\" class=\"bbc-19j92fr e57qer20\" readability=\"10\">\n<p dir=\"ltr\" class=\"bbc-bm53ic e1cc2ql70\">\u00abS\u00ed es verdad que el paro se ha mantenido bajo\u00bb, dice, \u00abpero el mercado laboral portugu\u00e9s caracteriza por los sueldos bajos\u00bb. \u00abEs un gran reto para Portugal\u00bb.<\/p>\n<\/div>\n<div dir=\"ltr\" class=\"bbc-19j92fr e57qer20\" readability=\"14\">\n<p dir=\"ltr\" class=\"bbc-bm53ic e1cc2ql70\">Luego est\u00e1n los efectos colaterales del boom tur\u00edstico y de las Golden Visa, que adem\u00e1s de la cantidad de millones que suponen para el pa\u00eds, tambi\u00e9n han provocado un <b>galopante aumento de precios en la vivienda,<\/b> particularmente en la capital, Lisboa, y en Porto.<\/p>\n<\/div>\n<div dir=\"ltr\" class=\"bbc-19j92fr e57qer20\" readability=\"13\">\n<p dir=\"ltr\" class=\"bbc-bm53ic e1cc2ql70\">\u00abEse modelo del gran boom tur\u00edstico tuvo como consecuencias, como pasa con las Golden Visa, que hicieron que explotaran los precios de la vivienda, sobre todo en las zonas de Lisboa y Porto y el Algarve\u00bb, dice Lisa.<\/p>\n<\/div>\n<div dir=\"ltr\" class=\"bbc-19j92fr e57qer20\" readability=\"10\">\n<p dir=\"ltr\" class=\"bbc-bm53ic e1cc2ql70\">Debido a las protestas, el gobierno socialista reformul\u00f3 la pol\u00edtica de las Golden Visa, retirando de los beneficios de dicha visa a inversiones justo en esas tres regiones. <\/p>\n<\/div>\n<div dir=\"ltr\" class=\"bbc-1ka88fa e57qer20\">\n<figure class=\"bbc-1qdcvv9 e6bmn90\">\n<div dir=\"ltr\" class=\"bbc-172p16q e57qer20\">\n<div dir=\"ltr\" class=\"bbc-189y18v e57qer20\" readability=\"6.5\">\n<div data-e2e=\"image-placeholder\" class=\"bbc-997y1y e1whu0\" readability=\"8\"><noscript><img loading=\"lazy\" srcset=\"http:\/\/nuevacordoba.net\/wp-content\/uploads\/2021\/10\/capitalismo-de-la-sardina-en-que-consiste-la-receta-economica-que-ha-convertido-a-portugal-en-un-exitoso-ejemplo-de-crecimiento-en-europa-38.jpg 240w, http:\/\/nuevacordoba.net\/wp-content\/uploads\/2021\/10\/capitalismo-de-la-sardina-en-que-consiste-la-receta-economica-que-ha-convertido-a-portugal-en-un-exitoso-ejemplo-de-crecimiento-en-europa-39.jpg 320w, http:\/\/nuevacordoba.net\/wp-content\/uploads\/2021\/10\/capitalismo-de-la-sardina-en-que-consiste-la-receta-economica-que-ha-convertido-a-portugal-en-un-exitoso-ejemplo-de-crecimiento-en-europa-40.jpg 480w, http:\/\/nuevacordoba.net\/wp-content\/uploads\/2021\/10\/capitalismo-de-la-sardina-en-que-consiste-la-receta-economica-que-ha-convertido-a-portugal-en-un-exitoso-ejemplo-de-crecimiento-en-europa-41.jpg 624w, http:\/\/nuevacordoba.net\/wp-content\/uploads\/2021\/10\/capitalismo-de-la-sardina-en-que-consiste-la-receta-economica-que-ha-convertido-a-portugal-en-un-exitoso-ejemplo-de-crecimiento-en-europa-42.jpg 800w\" alt=\"Gr\u00faas en Lisboa.\" src=\"http:\/\/nuevacordoba.net\/wp-content\/uploads\/2021\/10\/capitalismo-de-la-sardina-en-que-consiste-la-receta-economica-que-ha-convertido-a-portugal-en-un-exitoso-ejemplo-de-crecimiento-en-europa-6.jpg\" sizes=\"(min-width: 1008px) 645px, 100vw\" width=\"976\" height=\"549\" class=\"eehpdyc0 bbc-100dhyn e1enwo3v0\"><\/noscript><\/p>\n<p role=\"text\" class=\"bbc-1s1cxbv etq3yw90\"><span class=\"bbc-1gnhmg2 e1yt7oin0\">Fuente de la imagen, <\/span><span lang=\"en-GB\">Getty Images<\/span><\/p>\n<\/div>\n<\/div>\n<div dir=\"ltr\" class=\"bbc-3edg7g e57qer20\" readability=\"6\"><figcaption dir=\"ltr\" class=\"bbc-1t9zlwf eede9f50\" readability=\"2\"><span class=\"bbc-1gnhmg2 e1yt7oin0\">Pie de foto, <\/span><\/p>\n<p>Los precios de la vivienda no paran de crecer en ciudades como Lisboa y Porto.<\/p>\n<\/figcaption><\/div>\n<\/div>\n<\/figure>\n<\/div>\n<div dir=\"ltr\" class=\"bbc-19j92fr e57qer20\" readability=\"14\">\n<p dir=\"ltr\" class=\"bbc-bm53ic e1cc2ql70\">Ni la pandemia detuvo los incrementos en el precio de la vivienda en Portugal, que aument\u00f3 en un 8,4% en 2020, seg\u00fan el \u00cdndice de Precios publicado por el Instituto Nacional de Estad\u00edstica (INE), tan solo 1,2 puntos menos que en 2019.<\/p>\n<\/div>\n<div dir=\"ltr\" class=\"bbc-19j92fr e57qer20\" readability=\"13\">\n<p dir=\"ltr\" class=\"bbc-bm53ic e1cc2ql70\">Desde asociaciones de defensa del derecho a la vivienda digna, como Morar em Lisboa (\u00abVivir en Lisboa\u00bb) o Habita! denuncian que lo mismo ocurre con los alquileres y que en zonas como Lisboa, Oporto o el Algarve, las rentas son superior a los salarios en muchos casos. Argumentan que se necesita m\u00e1s vivienda p\u00fablica.<\/p>\n<\/div>\n<div dir=\"ltr\" class=\"bbc-19j92fr e57qer20\" readability=\"10\">\n<p dir=\"ltr\" class=\"bbc-bm53ic e1cc2ql70\">Con el plan de Recuperaci\u00f3n y Resiliencia -dotado con fondos europeos para la recuperaci\u00f3n de la pandemia de covid-, el gobierno luso planea poner en el mercado<b> 26.000 casas de vivienda p\u00fablica<\/b> hasta 2026.<\/p>\n<\/div>\n<div dir=\"ltr\" class=\"bbc-19j92fr e57qer20\" readability=\"10\">\n<p dir=\"ltr\" class=\"bbc-bm53ic e1cc2ql70\">Con sus logros y con sus retos, y volviendo al art\u00edculo de Foreign Policy, \u00bfes Portugal un modelo en el que deben mirarse otras peque\u00f1as econom\u00edas?<\/p>\n<\/div>\n<div dir=\"ltr\" class=\"bbc-19j92fr e57qer20\" readability=\"7\">\n<p dir=\"ltr\" class=\"bbc-bm53ic e1cc2ql70\">Lisa es prudente y cree que es temprano para determinar modelos.<\/p>\n<\/div>\n<div dir=\"ltr\" class=\"bbc-19j92fr e57qer20\" readability=\"12\">\n<p dir=\"ltr\" class=\"bbc-bm53ic e1cc2ql70\">\u00abHay otros pa\u00edses de Europa, tambi\u00e9n peque\u00f1os, que entraron en la UE despu\u00e9s que Portugal, que est\u00e1n teniendo <b>comportamientos extraordinariamente positivos, como Eslovenia<\/b>\u00ab.<\/p>\n<\/div>\n<div dir=\"ltr\" class=\"bbc-19j92fr e57qer20\" readability=\"9\">\n<p dir=\"ltr\" class=\"bbc-bm53ic e1cc2ql70\">\u00abEs verdad que Portugal marc\u00f3 el giro a las pol\u00edticas de austeridad en t\u00e9rminos simb\u00f3licos, pero de ah\u00ed a sacarlo como modelo me parece un poco pronto\u00bb.<\/p>\n<\/div>\n<div dir=\"ltr\" class=\"bbc-1ka88fa e57qer20\">\n<figure class=\"bbc-1qdcvv9 e6bmn90\">\n<div dir=\"ltr\" class=\"bbc-172p16q e57qer20\">\n<div dir=\"ltr\" class=\"bbc-189y18v e57qer20\">\n<div data-e2e=\"image-placeholder\" class=\"bbc-997y1y e1whu0\"><noscript><img loading=\"lazy\" srcset=\"http:\/\/nuevacordoba.net\/wp-content\/uploads\/2021\/10\/capitalismo-de-la-sardina-en-que-consiste-la-receta-economica-que-ha-convertido-a-portugal-en-un-exitoso-ejemplo-de-crecimiento-en-europa-43.jpg 240w, http:\/\/nuevacordoba.net\/wp-content\/uploads\/2021\/10\/capitalismo-de-la-sardina-en-que-consiste-la-receta-economica-que-ha-convertido-a-portugal-en-un-exitoso-ejemplo-de-crecimiento-en-europa-44.jpg 320w, http:\/\/nuevacordoba.net\/wp-content\/uploads\/2021\/10\/capitalismo-de-la-sardina-en-que-consiste-la-receta-economica-que-ha-convertido-a-portugal-en-un-exitoso-ejemplo-de-crecimiento-en-europa-45.jpg 464w\" alt=\"L\u00ednea\" src=\"http:\/\/nuevacordoba.net\/wp-content\/uploads\/2021\/10\/capitalismo-de-la-sardina-en-que-consiste-la-receta-economica-que-ha-convertido-a-portugal-en-un-exitoso-ejemplo-de-crecimiento-en-europa-7.jpg\" sizes=\"(min-width: 1008px) 645px, 100vw\" width=\"464\" height=\"2\" class=\"eehpdyc0 bbc-100dhyn e1enwo3v0\"><\/noscript><\/div>\n<\/div>\n<\/div>\n<\/figure>\n<\/div>\n<div dir=\"ltr\" class=\"bbc-19j92fr e57qer20\" readability=\"8\">\n<p dir=\"ltr\" class=\"bbc-bm53ic e1cc2ql70\"><i class=\"bbc-h1y5j7 ewc4zcb0\">Ahora puedes recibir notificaciones de BBC Mundo. Descarga la nueva versi\u00f3n de nuestra app y act\u00edvalas para no perderte nuestro mejor contenido.<\/i><\/p>\n<\/div>\n","protected":false},"excerpt":{"rendered":"<p>Mar Pichel @marpichel BBC News Mundo 6 horas Fuente de la imagen, Getty Images Que Portugal est\u00e1 de moda no es una novedad. Sus ciudades y \u00e1reas costeras est\u00e1n llenas de turistas, atra\u00eddos por la historia y cultura de un pa\u00eds del que han salido grandes exploradores, el buen clima, su excelente gastronom\u00eda y un [&hellip;]<\/p>\n","protected":false},"author":1,"featured_media":11010,"comment_status":"closed","ping_status":"closed","sticky":false,"template":"","format":"standard","meta":[],"categories":[13],"tags":[],"_links":{"self":[{"href":"http:\/\/nuevacordoba.net\/index.php\/wp-json\/wp\/v2\/posts\/11009"}],"collection":[{"href":"http:\/\/nuevacordoba.net\/index.php\/wp-json\/wp\/v2\/posts"}],"about":[{"href":"http:\/\/nuevacordoba.net\/index.php\/wp-json\/wp\/v2\/types\/post"}],"author":[{"embeddable":true,"href":"http:\/\/nuevacordoba.net\/index.php\/wp-json\/wp\/v2\/users\/1"}],"replies":[{"embeddable":true,"href":"http:\/\/nuevacordoba.net\/index.php\/wp-json\/wp\/v2\/comments?post=11009"}],"version-history":[{"count":0,"href":"http:\/\/nuevacordoba.net\/index.php\/wp-json\/wp\/v2\/posts\/11009\/revisions"}],"wp:featuredmedia":[{"embeddable":true,"href":"http:\/\/nuevacordoba.net\/index.php\/wp-json\/wp\/v2\/media\/11010"}],"wp:attachment":[{"href":"http:\/\/nuevacordoba.net\/index.php\/wp-json\/wp\/v2\/media?parent=11009"}],"wp:term":[{"taxonomy":"category","embeddable":true,"href":"http:\/\/nuevacordoba.net\/index.php\/wp-json\/wp\/v2\/categories?post=11009"},{"taxonomy":"post_tag","embeddable":true,"href":"http:\/\/nuevacordoba.net\/index.php\/wp-json\/wp\/v2\/tags?post=11009"}],"curies":[{"name":"wp","href":"https:\/\/api.w.org\/{rel}","templated":true}]}}