{"id":11040,"date":"2021-10-14T07:18:27","date_gmt":"2021-10-14T07:18:27","guid":{"rendered":"http:\/\/nuevacordoba.net\/index.php\/2021\/10\/14\/el-inadi-lanzo-la-campana-federal-contra-la-discriminacion-en-los-clubes\/"},"modified":"2021-10-14T07:18:27","modified_gmt":"2021-10-14T07:18:27","slug":"el-inadi-lanzo-la-campana-federal-contra-la-discriminacion-en-los-clubes","status":"publish","type":"post","link":"http:\/\/nuevacordoba.net\/index.php\/2021\/10\/14\/el-inadi-lanzo-la-campana-federal-contra-la-discriminacion-en-los-clubes\/","title":{"rendered":"El Inadi lanz\u00f3 la campa\u00f1a federal contra la discriminaci\u00f3n en los clubes"},"content":{"rendered":"<div class=\"image\" id=\"image\"> <img src=\"http:\/\/nuevacordoba.net\/wp-content\/uploads\/2021\/10\/el-inadi-lanzo-la-campana-federal-contra-la-discriminacion-en-los-clubes.jpg\" alt=\"Foto: Ra\u00fal Ferrari.\" title=\"Foto: Ra\u00fal Ferrari.\"><\/p>\n<p>Foto: Ra\u00fal Ferrari.<\/p>\n<\/div>\n<p>Victoria Donda, titular del Instituto Nacional contra la Discriminaci\u00f3n, la Xenofobia y el Racismo (Inadi), al presentar la Campa\u00f1a Federal por un Deporte Libre de Discriminaci\u00f3n y Violencia, afirm\u00f3 que \u00abel deporte ense\u00f1a, pero lamentablemente tambi\u00e9n reproduce estereotipos\u00bb.<\/p>\n<p>En un acto realizado en el Parque La Estaci\u00f3n, de la ciudad de Avellaneda, Donda afirm\u00f3 que \u00abdesde el INADI se plantea que la discriminaci\u00f3n es una forma de violencia presente en todas las estructuras sociales. Por eso tenemos que trabajar por una sociedad sin ella\u00bb.<\/p>\n<p>\u00abCuando hablamos de derechos, estamos hablando de distribuci\u00f3n de la riqueza, de invertir en estas pol\u00edticas que apuntan a igualar oportunidades para las tres principales poblaciones discriminadas, por pobreza, por g\u00e9nero o por racismo. Son esas personas, que somos mayor\u00edas y no minor\u00edas como se dice, las excluidas del deporte\u00bb, a\u00f1adi\u00f3 la funcionaria.<\/p>\n<p>\u00abEntonces, discutir pol\u00edticas p\u00fablicas de igualdad implica pensar c\u00f3mo dejamos de ser pobres. Por eso estamos ac\u00e1, para conquistar m\u00e1s derechos, pese a que muches no quieran. M\u00e1s derechos es una mejor vida para todos, todas y todes\u00bb, manifest\u00f3.<\/p>\n<div class=\"image\" id=\"image\"> <img src=\"http:\/\/nuevacordoba.net\/wp-content\/uploads\/2021\/10\/el-inadi-lanzo-la-campana-federal-contra-la-discriminacion-en-los-clubes-1.jpg\" alt=\"Foto: Ra\u00fal Ferrari.\" title=\"Foto: Ra\u00fal Ferrari.\"><\/p>\n<p>Foto: Ra\u00fal Ferrari.<\/p>\n<\/div>\n<p>Donda estuvo acompa\u00f1ada por la secretaria de Deporte de la Naci\u00f3n, In\u00e9s Arrondo, el intendente de Avellaneda, Alejo Chornobroff, y la jefa de Gabinete de la comuna y primera candidata a concejal por el Frente de Todos, Magdalena Sierra.<\/p>\n<p>Arrondo dijo que \u00abel deporte tiene un poder educativo sin igual. Es que nos pone en el ejercicio de nuestras emociones y ah\u00ed es donde nos construimos como personas. Por eso es tan importante que esta construcci\u00f3n se d\u00e9 en un deporte libre de discriminaci\u00f3n y violencia\u00bb.<\/p>\n<p>Mientras que Sierra record\u00f3 que es contempor\u00e1nea de militancia de Donda en las Juventudes Populares de Avellaneda, y pidi\u00f3 por un deporte que \u00abno est\u00e9 sesgado, ni debe estar dividido en g\u00e9neros y clases\u00bb.<\/p>\n<p>\u00abQue no haya pibas y pibes de segunda, y pibas y pibes de primera\u00bb, reclam\u00f3 Sierra, quien agreg\u00f3 que desde la gesti\u00f3n de Jorge Ferraresi \u2013actual ministro de Desarrollo Territorial y H\u00e1bitat de la Naci\u00f3n y ex intendente de Avellaneda-, \u00abse lleva una pol\u00edtica de inclusi\u00f3n en clubes y polideportivos. Queremos que se respete la tolerancia y se la practique\u00bb.<\/p>\n<p>Mientras que la coordinadora del Observatorio contra la Discriminaci\u00f3n del INADI, Karina Iummato, detall\u00f3 a T\u00e9lam que \u00ablos clubes de barrio son claves en la formaci\u00f3n y educaci\u00f3n social para erradicar la discriminaci\u00f3n y la violencia\u00bb.<\/p>\n<p>Las funcionarias explicaron que a partir de ahora realizar\u00e1n viajes a todas las provincias para reunirse con los clubes m\u00e1s importantes de cada distrito pero tambi\u00e9n los barriales, con el fin de comprometerlos en la educaci\u00f3n contra la discriminaci\u00f3n y la violencia racista.<\/p>\n<p>Por su parte, la directora de Pol\u00edticas contra la Discriminaci\u00f3n, Ornella Infante indic\u00f3 que la campa\u00f1a tambi\u00e9n incluye a los integrantes del colectivo LGBTQ y a las personas con capacidades diferentes, a las que \u00abse les hace casi imposible practicar deportes porque encuentran mil obst\u00e1culos\u00bb.<\/p>\n<div class=\"image\" id=\"image\"> <img src=\"http:\/\/nuevacordoba.net\/wp-content\/uploads\/2021\/10\/el-inadi-lanzo-la-campana-federal-contra-la-discriminacion-en-los-clubes-2.jpg\" alt=\"Foto: Ra\u00fal Ferrari.\" title=\"Foto: Ra\u00fal Ferrari.\"><\/p>\n<p>Foto: Ra\u00fal Ferrari.<\/p>\n<\/div>\n<p>Igualmente Iummato asegur\u00f3 que a nivel infantil y p\u00faber, los chicos y chicas \u00abaceptan e incorporan a un ni\u00f1o trans o un chico hijo de una pareja del mismo sexo como algo natural. Es m\u00e1s, consideran que todos deben jugar juntos y no debe haber separaci\u00f3n por g\u00e9nero o sexo\u00bb.<\/p>\n<p>\u00abLos nenes no tienen prejuicios. Esas cosas corren en el mundo m\u00e1s adulto o a nivel de familia o instituciones que no aplican la ESI (Programa Nacional de Educaci\u00f3n Sexual Integral) como corresponde. Tambi\u00e9n se encuentra en los clubes que son el primer nivel de socializaci\u00f3n de ni\u00f1os y ni\u00f1as\u00bb, dijo Iummato.<\/p>\n<p>Esta iniciativa apunta a sistematizar, fortalecer y federalizar una serie de acciones e iniciativas que el Instituto viene llevando a cabo a trav\u00e9s de su Observatorio de la discriminaci\u00f3n en el Deporte, las cuales est\u00e1n orientadas a prevenir y erradicar la discriminaci\u00f3n en el \u00e1mbito deportivo.<\/p>\n<p>Las principales l\u00edneas de trabajo, a llevarse adelante en todas las provincias, consisten en tareas de relevamiento (investigaciones y veedur\u00edas en estadios), ampliaci\u00f3n de los v\u00ednculos institucionales (con clubes, federaciones y otras \u00e1reas estatales), jornadas de visibilizaci\u00f3n y concientizaci\u00f3n (en redes, clubes y medios de comunicaci\u00f3n) y talleres de sensibilizaci\u00f3n (presenciales y virtuales).<\/p>\n<p>Respecto de la inclusi\u00f3n de la mujer en deportes tradicionalmente masculinos, Iummato enumer\u00f3 que \u00abse trabaja en ese sentido mediante conversaciones con las federaciones, para que haya deporte mixto a nivel infantil y empezar a promocionarlo\u00bb.<\/p>\n<div class=\"image\" id=\"image\"> <img src=\"http:\/\/nuevacordoba.net\/wp-content\/uploads\/2021\/10\/el-inadi-lanzo-la-campana-federal-contra-la-discriminacion-en-los-clubes-3.jpg\" alt=\"Foto: Ra\u00fal Ferrari.\" title=\"Foto: Ra\u00fal Ferrari.\"><\/p>\n<p>Foto: Ra\u00fal Ferrari.<\/p>\n<\/div>\n<p>\u00abComo sociedad debemos establecer que no existen los estereotipos de g\u00e9nero a la hora de practicar el deporte y que pueda ser compartido entre varones y mujeres\u00bb, a\u00f1adi\u00f3.<\/p>\n<p>En cuanto a las presentaciones judiciales, tanto de personas trans como de mujeres, para participar a nivel profesional de un deporte, Iummato asegur\u00f3 que \u00abno hay que judicializar el tema, pero tambi\u00e9n los hechos demuestran que la judicializaci\u00f3n sirve para promover buenas pr\u00e1cticas y avances para que haya un deporte sin separaci\u00f3n por g\u00e9nero\u00bb.<\/p>\n<p>Para el INADI, la discriminaci\u00f3n de g\u00e9nero \u00abno responde a cuestiones normadas, sino a vac\u00edos que aprovechan muchas instituciones con sesgos machistas y patriarcales, para impedir que las ni\u00f1as jueguen. Ya no se puede aducir la ventaja competitiva en el caso de una ni\u00f1a de 9 a\u00f1os. Lo hacen por machistas\u00bb.<\/p>\n<p>Y en ese sentido consider\u00f3 que en el momento en que el Comit\u00e9 Ol\u00edmpico Internacional avance en deportes sin g\u00e9nero, \u00abvendr\u00e1 una oleada de profesionalizaci\u00f3n de las mujeres en todos los deportes\u00bb. <\/p>\n","protected":false},"excerpt":{"rendered":"<p>Foto: Ra\u00fal Ferrari. Victoria Donda, titular del Instituto Nacional contra la Discriminaci\u00f3n, la Xenofobia y el Racismo (Inadi), al presentar la Campa\u00f1a Federal por un Deporte Libre de Discriminaci\u00f3n y Violencia, afirm\u00f3 que \u00abel deporte ense\u00f1a, pero lamentablemente tambi\u00e9n reproduce estereotipos\u00bb. En un acto realizado en el Parque La Estaci\u00f3n, de la ciudad de Avellaneda, [&hellip;]<\/p>\n","protected":false},"author":1,"featured_media":11041,"comment_status":"closed","ping_status":"closed","sticky":false,"template":"","format":"standard","meta":[],"categories":[10],"tags":[],"_links":{"self":[{"href":"http:\/\/nuevacordoba.net\/index.php\/wp-json\/wp\/v2\/posts\/11040"}],"collection":[{"href":"http:\/\/nuevacordoba.net\/index.php\/wp-json\/wp\/v2\/posts"}],"about":[{"href":"http:\/\/nuevacordoba.net\/index.php\/wp-json\/wp\/v2\/types\/post"}],"author":[{"embeddable":true,"href":"http:\/\/nuevacordoba.net\/index.php\/wp-json\/wp\/v2\/users\/1"}],"replies":[{"embeddable":true,"href":"http:\/\/nuevacordoba.net\/index.php\/wp-json\/wp\/v2\/comments?post=11040"}],"version-history":[{"count":0,"href":"http:\/\/nuevacordoba.net\/index.php\/wp-json\/wp\/v2\/posts\/11040\/revisions"}],"wp:featuredmedia":[{"embeddable":true,"href":"http:\/\/nuevacordoba.net\/index.php\/wp-json\/wp\/v2\/media\/11041"}],"wp:attachment":[{"href":"http:\/\/nuevacordoba.net\/index.php\/wp-json\/wp\/v2\/media?parent=11040"}],"wp:term":[{"taxonomy":"category","embeddable":true,"href":"http:\/\/nuevacordoba.net\/index.php\/wp-json\/wp\/v2\/categories?post=11040"},{"taxonomy":"post_tag","embeddable":true,"href":"http:\/\/nuevacordoba.net\/index.php\/wp-json\/wp\/v2\/tags?post=11040"}],"curies":[{"name":"wp","href":"https:\/\/api.w.org\/{rel}","templated":true}]}}