{"id":11044,"date":"2021-10-14T07:18:39","date_gmt":"2021-10-14T07:18:39","guid":{"rendered":"https:\/\/www.espinof.com\/trailers\/dickinson-nuevo-trailer-temporada-final-serie-apple-tv-nos-lleva-a-desanimos-guerra-civil-americana"},"modified":"2021-10-14T07:18:39","modified_gmt":"2021-10-14T07:18:39","slug":"dickinson-el-nuevo-trailer-de-la-temporada-final-de-la-serie-de-apple-tv-nos-lleva-a-los-desanimos-de-la-guerra-civil-americana","status":"publish","type":"post","link":"http:\/\/nuevacordoba.net\/index.php\/2021\/10\/14\/dickinson-el-nuevo-trailer-de-la-temporada-final-de-la-serie-de-apple-tv-nos-lleva-a-los-desanimos-de-la-guerra-civil-americana\/","title":{"rendered":"&#8216;Dickinson&#8217;: el nuevo tr\u00e1iler de la temporada final de la serie de Apple TV nos lleva a los des\u00e1nimos de la guerra civil americana"},"content":{"rendered":"<p>Tres semanitas nos quedan para que nuestra querid\u00edsima poetisa Emily Dickinson vuelva a Apple TV+ con la temporada 3 y \u00faltima de &#8216;<a href=\"http:\/\/espinof.com\/tag\/dickinson\">Dickinson<\/a>&#8216;. El 5 de noviembre regresa la estupenda serie y <strong>desde la plataforma han lanzado un nuevo tr\u00e1iler de estos episodios finales<\/strong>.<\/p>\n<p><!-- BREAK 1 --><\/p>\n<p>Tras explorar los albores de la guerra, este tr\u00e1iler nos mete de lleno en el conflicto. Ha estallado la guerra civil americana y <strong>Emily sufre una crisis, tanto creativa como familiar <\/strong>cuando ve que todo esto est\u00e1 afectando a su alrededor y dividiendo a su propia familia. Para la poetisa, su escritura sirve para sanar&#8230; pero no logra esbozar nada.<\/p>\n<p><!-- BREAK 2 --> <\/p>\n<div class=\"article-asset article-asset-normal article-asset-center\">\n<div class=\"desvio-container\">\n<div class=\"desvio\">\n<div class=\"desvio-figure js-desvio-figure\"> <a href=\"https:\/\/www.espinof.com\/otros\/apple-tv-nueva-disney-como-gigante-tecnologica-esta-tomando-delantera-entretenimiento-para-toda-familia\"> <img alt=\"Apple TV+ es la nueva Disney: c\u00f3mo la gigante tecnol\u00f3gica est\u00e1 tomando la delantera en el entretenimiento para toda la familia \" src=\"http:\/\/nuevacordoba.net\/wp-content\/uploads\/2021\/10\/dickinson-el-nuevo-trailer-de-la-temporada-final-de-la-serie-de-apple-tv-nos-lleva-a-los-desanimos-de-la-guerra-civil-americana.jpg\"> <\/a> <\/div><\/div><\/div>\n<\/div>\n<p><strong>Hailee Steinfeld<\/strong> sigue encabezando la producci\u00f3n como la protagonista, acompa\u00f1ada por <strong>Toby Huss, Adrian Blake Enscoe, Anna Baryshnikov, Ella Hunt, Amanda Warren, Chinaza Uche y Jane Krakowski<\/strong> en el reparto principal.<\/p>\n<p><!-- BREAK 3 --><\/p>\n<p>No ser\u00e1 a los \u00fanicos que veamos sino que tambi\u00e9n tendremos apariciones de <strong>Wiz Khalifa<\/strong> como Muerte, <strong>Ziwe <\/strong>como Sojourner Truth, <strong>Billy Eichner<\/strong> como Walt Whitman, <strong>Chloe Fineman<\/strong> como Sylvia Plath, <strong>Zosia Mamet<\/strong> como Louisa May Alcott y <strong>Will Pullen<\/strong> como Nadie.<\/p>\n<p><!-- BREAK 4 --><\/p>\n<p>Con <strong>Alena Smith<\/strong> a los mandos como showrunner, la tercera y \u00faltima temporada de &#8216;Dickinson&#8217; constar\u00e1 de diez episodios, los tres primeros los veremos el 5 de noviembre.<\/p>\n<p><!-- BREAK 5 --> <\/p>\n","protected":false},"excerpt":{"rendered":"<p>Tres semanitas nos quedan para que nuestra querid\u00edsima poetisa Emily Dickinson vuelva a Apple TV+ con la temporada 3 y \u00faltima de &#8216;Dickinson&#8216;. El 5 de noviembre regresa la estupenda serie y desde la plataforma han lanzado un nuevo tr\u00e1iler de estos episodios finales. Tras explorar los albores de la guerra, este tr\u00e1iler nos mete [&hellip;]<\/p>\n","protected":false},"author":1,"featured_media":11045,"comment_status":"closed","ping_status":"closed","sticky":false,"template":"","format":"standard","meta":[],"categories":[6],"tags":[],"_links":{"self":[{"href":"http:\/\/nuevacordoba.net\/index.php\/wp-json\/wp\/v2\/posts\/11044"}],"collection":[{"href":"http:\/\/nuevacordoba.net\/index.php\/wp-json\/wp\/v2\/posts"}],"about":[{"href":"http:\/\/nuevacordoba.net\/index.php\/wp-json\/wp\/v2\/types\/post"}],"author":[{"embeddable":true,"href":"http:\/\/nuevacordoba.net\/index.php\/wp-json\/wp\/v2\/users\/1"}],"replies":[{"embeddable":true,"href":"http:\/\/nuevacordoba.net\/index.php\/wp-json\/wp\/v2\/comments?post=11044"}],"version-history":[{"count":0,"href":"http:\/\/nuevacordoba.net\/index.php\/wp-json\/wp\/v2\/posts\/11044\/revisions"}],"wp:featuredmedia":[{"embeddable":true,"href":"http:\/\/nuevacordoba.net\/index.php\/wp-json\/wp\/v2\/media\/11045"}],"wp:attachment":[{"href":"http:\/\/nuevacordoba.net\/index.php\/wp-json\/wp\/v2\/media?parent=11044"}],"wp:term":[{"taxonomy":"category","embeddable":true,"href":"http:\/\/nuevacordoba.net\/index.php\/wp-json\/wp\/v2\/categories?post=11044"},{"taxonomy":"post_tag","embeddable":true,"href":"http:\/\/nuevacordoba.net\/index.php\/wp-json\/wp\/v2\/tags?post=11044"}],"curies":[{"name":"wp","href":"https:\/\/api.w.org\/{rel}","templated":true}]}}