{"id":1113,"date":"2021-02-17T16:58:42","date_gmt":"2021-02-17T16:58:42","guid":{"rendered":"http:\/\/nuevacordoba.net\/index.php\/2021\/02\/17\/murio-omar-moreno-palacios-simbolo-de-la-cancion-folclorica-surera\/"},"modified":"2021-02-17T16:58:42","modified_gmt":"2021-02-17T16:58:42","slug":"murio-omar-moreno-palacios-simbolo-de-la-cancion-folclorica-surera","status":"publish","type":"post","link":"http:\/\/nuevacordoba.net\/index.php\/2021\/02\/17\/murio-omar-moreno-palacios-simbolo-de-la-cancion-folclorica-surera\/","title":{"rendered":"Muri\u00f3 Omar Moreno Palacios, s\u00edmbolo de la canci\u00f3n folcl\u00f3rica surera"},"content":{"rendered":"<div class=\"image\" id=\"image\" readability=\"9\"> <img src=\"http:\/\/nuevacordoba.net\/wp-content\/uploads\/2021\/02\/murio-omar-moreno-palacios-simbolo-de-la-cancion-folclorica-surera.jpg\" alt=\"Nacido en Chascom\u00fas, &quot;El Gaucho&quot; tuvo un temprano debut en la m\u00fasica, a los ocho a\u00f1os\" title=\"Nacido en Chascom\u00fas, &quot;El Gaucho&quot; tuvo un temprano debut en la m\u00fasica, a los ocho a\u00f1os\"><\/p>\n<p>Nacido en Chascom\u00fas, \u00abEl Gaucho\u00bb tuvo un temprano debut en la m\u00fasica, a los ocho a\u00f1os<\/p>\n<\/div>\n<p>Omar Moreno Palacios, uno de los m\u00e1ximos referentes de la canci\u00f3n folcl\u00f3rica surera, muri\u00f3 anoche a los 82, tras permanecer varios meses internados por una encefalitis, seg\u00fan anunci\u00f3 su hija Roc\u00edo a trav\u00e9s de un mensaje en las redes sociales.<\/p>\n<p>\u00abNo puedo elegir bien las palabras en este momento. Hablo, escribo y todav\u00eda no lo creo\u00bb, lament\u00f3 la hija en el texto en el que precis\u00f3 que el deceso se produjo cerca de la medianoche e invit\u00f3 a participar del velorio, que se llevar\u00e1 a cabo entre las 13 y las 15 de hoy, en Cerrito 1.990, en la localidad bonaerense de Temperley, en donde resid\u00eda desde hac\u00eda varios a\u00f1os.<\/p>\n<p>En tal sentido, remarc\u00f3 que \u00ab\u00e9l no quer\u00eda nada. Ni despidos, ni llantos, ni que lo est\u00e9n mirando, solo quer\u00eda estar escuchando milongas\u00bb y a\u00f1adi\u00f3 que \u00abtodo aquel que quiera y pueda pasar a lo que quiera, despedirse, llorar, hablar, pasar o tocarse un tema, ser\u00e1 bienvenido\u00bb.<\/p>\n<p><strong>Con una larga trayectoria, que incluye la creaci\u00f3n de cl\u00e1sicos como \u00abSencillito y de alpargatas\u00bb, aclamada en festivales europeos y considerada una especie de himno del folclore caracter\u00edstico del sur bonaerense, Moreno Palacios se posicion\u00f3 como uno de los referentes indiscutidos de este estilo, junto a otros grandes como Jos\u00e9 Larralde y Argentino Luna.<\/strong><\/p>\n<p>Pero adem\u00e1s tuvo una ardua labor como difusor de ese estilo a trav\u00e9s de diversos programas radiales, como el caso del legendario ciclo \u00abLa Posta\u00bb, que pas\u00f3 por varias emisoras hasta que en 2017 recal\u00f3 en Radio Nacional.<\/p>\n<p><strong>Nacido en Chascom\u00fas, \u00abEl Gaucho\u00bb, como se lo conoc\u00eda popularmente, tuvo un temprano debut en la m\u00fasica, a los ocho a\u00f1os,<\/strong> y mantuvo una intensa actividad en la regi\u00f3n hasta los 18 a\u00f1os, cuando se radic\u00f3 en Uruguay, tierra natal de sus abuelos.<\/p>\n<p>All\u00ed tuvo su primera gran exposici\u00f3n en los medios a partir de su participaci\u00f3n en la popular Radio Carve, en donde se code\u00f3 con figuras como Sabina Olmos y Charlo, y en Radio El Espectador, en donde trabajaba como locutor un joven Alfredo Zitarrosa.<\/p>\n<div class=\"js-code\" readability=\"7.4958791208791\">\n<blockquote class=\"twitter-tweet\" readability=\"8.8186813186813\">\n<p lang=\"es\" dir=\"ltr\">El folclore despide a uno de sus grandes referentes: Omar Moreno Palacios. <br \/>Conocido como uno de los int\u00e9rpretes de la m\u00fasica surera, fue creador de obras como Sencillito y de alpargatas, entre otras.<br \/>Una gran p\u00e9rdida que deja la fortuna de sus creaciones para seguir disfrutando. <a href=\"https:\/\/t.co\/WUTyWZNGFJ\">pic.twitter.com\/WUTyWZNGFJ<\/a><\/p>\n<p>\u2014 Cultura Naci\u00f3n (@CulturaNacionAR) <a href=\"https:\/\/twitter.com\/CulturaNacionAR\/status\/1362034662374330368?ref_src=twsrc%5Etfw\">February 17, 2021<\/a><\/p><\/blockquote><\/div>\n<p>En la d\u00e9cada del `60 regres\u00f3 a la Argentina e inici\u00f3 una notable carrera con actuaciones en los principales escenarios del pa\u00eds, junto a figuras como Los Chalchaleros, Los Hermanos \u00c1balos, Ra\u00fal Barboza y Julia Elena D\u00e1valos, entre otras.<\/p>\n<p>En ese contexto, comenzaron a sonar sus obras m\u00e1s reconocidas entre las que destacan \u00abLa paloma indiana\u00bb, \u00abHuella sin huella\u00bb, \u00abProvincia de Buenos Aires\u00bb, \u00abTe dije la verdad\u00bb, \u00abTrovador surero\u00bb y \u00abBuen rumbo\u00bb, entre tantas.<\/p>\n<p>Pero la labor art\u00edstica de Moreno Palacios no se limit\u00f3 a la m\u00fasica, debido a que tambi\u00e9n tuvo intervenciones actorales en teatro, en donde actu\u00f3 en una adaptaci\u00f3n de la obra \u00abJoven, viuda y estanciera\u00bb; y en televisi\u00f3n, siendo las m\u00e1s recordadas sus apariciones en programas que ten\u00edan a Luis Landriscina como protagonista.<\/p>\n<p><strong>El artista tambi\u00e9n encontr\u00f3 en la radio el gran sitio para difundir la m\u00fasica tradicional en diversos ciclos y, en la d\u00e9cada del `90, comenz\u00f3 a participar con asiduidad de distintos festivales europeos, en donde llam\u00f3 la atenci\u00f3n su particular estilo.<\/strong><\/p>\n<div class=\"js-code\" readability=\"6.4761904761905\">\n<blockquote class=\"twitter-tweet\" readability=\"6.9079365079365\">\n<p lang=\"es\" dir=\"ltr\">Radio Nacional Folkl\u00f3rica lamenta el fallecimiento del querido Omar Moreno Palacios, enorme artista y compa\u00f1ero de esta casa. Acompa\u00f1amos a sus familiares y seres queridos en este momento de dolor. Su obra vivir\u00e1 por siempre. <a href=\"https:\/\/t.co\/Ri3sPxjGw9\">pic.twitter.com\/Ri3sPxjGw9<\/a><\/p>\n<p>\u2014 Folkl\u00f3rica FM98.7 (@FolkloricaFM987) <a href=\"https:\/\/twitter.com\/FolkloricaFM987\/status\/1361990974340288512?ref_src=twsrc%5Etfw\">February 17, 2021<\/a><\/p><\/blockquote><\/div>\n<p>M\u00e1s all\u00e1 su incansable labor para llevar la m\u00fasica aut\u00f3ctona a escenarios de todo el mundo, tal vez sean las palabras que le dedic\u00f3 su colega Horacio Guarany las que mejor grafiquen el arte de \u00abEl Gaucho\u00bb Omar Moreno Palacios.<\/p>\n<p>\u00abCuando lo escuchaba, en el exilio, yo sent\u00eda que regresaba a mi patria. En la lejana Europa, Omar Moreno Palacios nos congregaba a los argentinos nostalgiosos. Cada vez que ten\u00edamos sed de pampa y de nuestra tierra. \u00a1Ah, las veces que hemos re\u00eddo y llorado escuchando sus canciones y sus relatos lejos de la patria!\u00bb, lo defini\u00f3 el recordado autor de \u00abSi se calla el cantor\u00bb. <\/p>\n","protected":false},"excerpt":{"rendered":"<p>Nacido en Chascom\u00fas, \u00abEl Gaucho\u00bb tuvo un temprano debut en la m\u00fasica, a los ocho a\u00f1os Omar Moreno Palacios, uno de los m\u00e1ximos referentes de la canci\u00f3n folcl\u00f3rica surera, muri\u00f3 anoche a los 82, tras permanecer varios meses internados por una encefalitis, seg\u00fan anunci\u00f3 su hija Roc\u00edo a trav\u00e9s de un mensaje en las redes [&hellip;]<\/p>\n","protected":false},"author":1,"featured_media":1114,"comment_status":"closed","ping_status":"closed","sticky":false,"template":"","format":"standard","meta":[],"categories":[9],"tags":[],"_links":{"self":[{"href":"http:\/\/nuevacordoba.net\/index.php\/wp-json\/wp\/v2\/posts\/1113"}],"collection":[{"href":"http:\/\/nuevacordoba.net\/index.php\/wp-json\/wp\/v2\/posts"}],"about":[{"href":"http:\/\/nuevacordoba.net\/index.php\/wp-json\/wp\/v2\/types\/post"}],"author":[{"embeddable":true,"href":"http:\/\/nuevacordoba.net\/index.php\/wp-json\/wp\/v2\/users\/1"}],"replies":[{"embeddable":true,"href":"http:\/\/nuevacordoba.net\/index.php\/wp-json\/wp\/v2\/comments?post=1113"}],"version-history":[{"count":0,"href":"http:\/\/nuevacordoba.net\/index.php\/wp-json\/wp\/v2\/posts\/1113\/revisions"}],"wp:featuredmedia":[{"embeddable":true,"href":"http:\/\/nuevacordoba.net\/index.php\/wp-json\/wp\/v2\/media\/1114"}],"wp:attachment":[{"href":"http:\/\/nuevacordoba.net\/index.php\/wp-json\/wp\/v2\/media?parent=1113"}],"wp:term":[{"taxonomy":"category","embeddable":true,"href":"http:\/\/nuevacordoba.net\/index.php\/wp-json\/wp\/v2\/categories?post=1113"},{"taxonomy":"post_tag","embeddable":true,"href":"http:\/\/nuevacordoba.net\/index.php\/wp-json\/wp\/v2\/tags?post=1113"}],"curies":[{"name":"wp","href":"https:\/\/api.w.org\/{rel}","templated":true}]}}