{"id":11365,"date":"2021-10-21T02:07:48","date_gmt":"2021-10-21T02:07:48","guid":{"rendered":"http:\/\/nuevacordoba.net\/index.php\/2021\/10\/21\/se-conocieron-los-ganadores-del-festival-internacional-de-cine-politico\/"},"modified":"2021-10-21T02:07:48","modified_gmt":"2021-10-21T02:07:48","slug":"se-conocieron-los-ganadores-del-festival-internacional-de-cine-politico","status":"publish","type":"post","link":"http:\/\/nuevacordoba.net\/index.php\/2021\/10\/21\/se-conocieron-los-ganadores-del-festival-internacional-de-cine-politico\/","title":{"rendered":"Se conocieron los ganadores del Festival Internacional de Cine Pol\u00edtico"},"content":{"rendered":"<div class=\"image\" id=\"image\" readability=\"8\"> <img src=\"http:\/\/nuevacordoba.net\/wp-content\/uploads\/2021\/10\/se-conocieron-los-ganadores-del-festival-internacional-de-cine-politico.jpg\" alt=\"&quot;Gaza&quot;, el documental ganador de la Competencia Internacional (Foto: Real Films)\" title=\"&quot;Gaza&quot;, el documental ganador de la Competencia Internacional (Foto: Real Films)\"><\/p>\n<p>\u00abGaza\u00bb, el documental ganador de la Competencia Internacional (Foto: Real Films)<\/p>\n<\/div>\n<p>El filme <strong>\u201cGaza\u201d<\/strong>, de los realizadores <strong>Andrew McConnell y Garry Keane<\/strong> y realizado en coproducci\u00f3n entre Irlanda, Canad\u00e1 y Alemania fue elegido como Mejor Pel\u00edcula de la Competencia Internacional del la d\u00e9cima edici\u00f3n del festival de cine pol\u00edtico <strong>Ficip<\/strong>, que esta noche entreg\u00f3 sus galardones.<\/p>\n<p>Bajo el lema <strong>\u00abPor un mundo sin patios traseros\u00bb<\/strong>, la muestra cinematogr\u00e1fica que arranc\u00f3 el pasado jueves 14, dio a conocer su palmar\u00e9s en una ceremonia que se desarroll\u00f3 en la Sala 1 de El Cultural San Mart\u00edn.<\/p>\n<p>La Competencia Internacional de Largometrajes, con un jurado integrado por <strong>Eliza Capai<\/strong> (documentalista, Brasil), <strong>Laura Imperiale<\/strong> (productora audiovisual, M\u00e9xico) y <strong>Fernando Spiner<\/strong> (director, Argentina), le dio el m\u00e1ximo premio a Gaza <strong>\u00abpor traer un escenario conocido, eludiendo el lugar com\u00fan, present\u00e1ndonos a los personajes de manera po\u00e9tica y cari\u00f1osa\u00bb.<\/strong><\/p>\n<p>Adem\u00e1s hubo dos menciones, una para <strong>\u201cCoup 53 \/ Golpe 53\u201d<\/strong> (2019, Reino Unido-Estados Unidos-Ir\u00e1n) de <strong>Taghi Amirani<\/strong> y otra para <strong>\u201cMatar a un muerto\u201d<\/strong> (2019, Paraguay-Argentina-Francia), de <strong>Hugo Gim\u00e9nez.<\/strong><\/p>\n<p>En la Competencia Argentina de Largometrajes fueron premiadas <strong>\u201cNo viajar\u00e9 escondida\u201d<\/strong> (2018, Argentina-Uruguay), de <strong>Pablo Hern\u00e1n Zubizarreta<\/strong>, que recibi\u00f3 el lauro como Mejor Pel\u00edcula.<\/p>\n<p>Mientras que <strong>\u201cLo habr\u00e1s imaginado\u201d <\/strong>(2019, Argentina),de <strong>Victoria Chaya Miranda<\/strong> recibi\u00f3 el Premio Especial del Jurado y <strong>\u00abEl largo viaje de Alejandro Bord\u00f3n\u201d<\/strong> (2020, Argentina) de <strong>Marcelo Goyeneche<\/strong> una menci\u00f3n especial.<\/p>\n<p>La Competencia Internacional de Mediometraje le dio el Primer Premio a <strong>\u201cEl silencio de la guerra: Damasco\u201d<\/strong> (2019, Espa\u00f1a), de <strong>Jos\u00e9 Bautista<\/strong> y una Menci\u00f3n Especial a <strong>\u201cAusencias\u201d<\/strong> (2018, Venezuela), de <strong>Patricia Ortega.<\/strong><\/p>\n<p>Mientras que la Competencia Internacional de Cortometraje el dio el Primer Premio a <strong>\u201cMal\/Hogar\u201d<\/strong> (2019, Kurdistan (Siria); de <strong>Sevinaz Evdik\u00ea<\/strong>; hubo un Premio Especial del Jurado para <strong>\u201cSouvenir Souvenir\u201d<\/strong> (2020, Francia, Animaci\u00f3n), de <strong>Bastien Dubois<\/strong> y una Menci\u00f3n Especial para <strong>\u201cMachini\/Maquinaria\u201d<\/strong> (2019, Rep\u00fablica Democr\u00e1tica del Congo-B\u00e9lgica), de <strong>Frank Mukunday<\/strong> y <strong>Tr\u00e9sor Tshibangu <\/strong>(T\u00e9tshim). <\/p>\n","protected":false},"excerpt":{"rendered":"<p>\u00abGaza\u00bb, el documental ganador de la Competencia Internacional (Foto: Real Films) El filme \u201cGaza\u201d, de los realizadores Andrew McConnell y Garry Keane y realizado en coproducci\u00f3n entre Irlanda, Canad\u00e1 y Alemania fue elegido como Mejor Pel\u00edcula de la Competencia Internacional del la d\u00e9cima edici\u00f3n del festival de cine pol\u00edtico Ficip, que esta noche entreg\u00f3 sus [&hellip;]<\/p>\n","protected":false},"author":1,"featured_media":11366,"comment_status":"closed","ping_status":"closed","sticky":false,"template":"","format":"standard","meta":[],"categories":[9],"tags":[],"_links":{"self":[{"href":"http:\/\/nuevacordoba.net\/index.php\/wp-json\/wp\/v2\/posts\/11365"}],"collection":[{"href":"http:\/\/nuevacordoba.net\/index.php\/wp-json\/wp\/v2\/posts"}],"about":[{"href":"http:\/\/nuevacordoba.net\/index.php\/wp-json\/wp\/v2\/types\/post"}],"author":[{"embeddable":true,"href":"http:\/\/nuevacordoba.net\/index.php\/wp-json\/wp\/v2\/users\/1"}],"replies":[{"embeddable":true,"href":"http:\/\/nuevacordoba.net\/index.php\/wp-json\/wp\/v2\/comments?post=11365"}],"version-history":[{"count":0,"href":"http:\/\/nuevacordoba.net\/index.php\/wp-json\/wp\/v2\/posts\/11365\/revisions"}],"wp:featuredmedia":[{"embeddable":true,"href":"http:\/\/nuevacordoba.net\/index.php\/wp-json\/wp\/v2\/media\/11366"}],"wp:attachment":[{"href":"http:\/\/nuevacordoba.net\/index.php\/wp-json\/wp\/v2\/media?parent=11365"}],"wp:term":[{"taxonomy":"category","embeddable":true,"href":"http:\/\/nuevacordoba.net\/index.php\/wp-json\/wp\/v2\/categories?post=11365"},{"taxonomy":"post_tag","embeddable":true,"href":"http:\/\/nuevacordoba.net\/index.php\/wp-json\/wp\/v2\/tags?post=11365"}],"curies":[{"name":"wp","href":"https:\/\/api.w.org\/{rel}","templated":true}]}}