{"id":1137,"date":"2021-02-18T19:24:00","date_gmt":"2021-02-18T19:24:00","guid":{"rendered":"http:\/\/nuevacordoba.net\/index.php\/2021\/02\/18\/alex-vigo-es-un-sueno-cumplido\/"},"modified":"2021-02-18T19:24:00","modified_gmt":"2021-02-18T19:24:00","slug":"alex-vigo-es-un-sueno-cumplido","status":"publish","type":"post","link":"http:\/\/nuevacordoba.net\/index.php\/2021\/02\/18\/alex-vigo-es-un-sueno-cumplido\/","title":{"rendered":"Alex Vigo: \u00abEs un sue\u00f1o cumplido\u00bb"},"content":{"rendered":"<div class=\"image\" id=\"image\"> <img src=\"http:\/\/nuevacordoba.net\/wp-content\/uploads\/2021\/02\/alex-vigo-es-un-sueno-cumplido.jpg\" alt title><\/div>\n<p>El lateral derecho Alex Vigo expres\u00f3 este jueves su alegr\u00eda por cumplir el \u00absue\u00f1o\u00bb de jugar en River Plate y dese\u00f3 que el entrenador Marcelo Gallardo pueda encontrar su \u00abmejor versi\u00f3n\u00bb.<\/p>\n<p>El exCol\u00f3n de Santa Fe se realiz\u00f3 esta ma\u00f1ana la revisi\u00f3n m\u00e9dica y antes de firmar y convertirse en el sexto refuerzo \u00abmillonario\u00bb manifest\u00f3 su satisfacci\u00f3n por llegar al equipo de Gallardo.<\/p>\n<p>\u00abVengo a que Gallardo encuentre mi mejor versi\u00f3n\u00bb, dijo Vigo en la rueda de prensa que brind\u00f3 al salir de la cl\u00ednica del barrio porte\u00f1o de Belgrano donde se realiz\u00f3 los estudios m\u00e9dicos previos a la firma del contrato por cuatro a\u00f1os con su nuevo club.<\/p>\n<p>\u00abDeseaba jugar en River, es un sue\u00f1o cumplido\u00bb, reconoci\u00f3 el lateral derecho, de 21 a\u00f1os, que hace varios meses era pretendido por el \u00abMu\u00f1eco\u00bb Gallardo.<\/p>\n<p>\u00abMe dio mucha alegr\u00eda y satisfacci\u00f3n saber que me quer\u00eda Gallardo, significa que estaba haciendo las cosas bien\u00bb, manifest\u00f3 Vigo, quien revel\u00f3 una parte de la charla que tuvo d\u00edas atr\u00e1s con su nuevo entrenador.<\/p>\n<p>\u00abMe dijo que me estaba esperando, que disfrute y que vaya conociendo el Mundo River\u00bb, cont\u00f3.<\/p>\n<p>El marcador de punta, que podr\u00eda seguir utilizando el dorsal n\u00famero 13 que dej\u00f3 libre Santiago Sosa, remarc\u00f3 que su mayor virtud es el juego ofensivo y admiti\u00f3 que debe mejorar la parte defensiva.<\/p>\n<p>Adem\u00e1s, se refiri\u00f3 a la emotiva despedida que le realiz\u00f3 su familia en la casa del barrio santafesino de Colastin\u00e9 Sur y remarc\u00f3 la importancia que tuvo el entorno durante la extensa negociaci\u00f3n.<\/p>\n<p>La otra buena noticia del d\u00eda para el club y para el entrenador Marcelo Gallardo pasa por el acuerdo con el uruguayo Nicol\u00e1s De<\/p>\n<p>La Cruz para la renovaci\u00f3n del contrato que venc\u00eda a mitad de a\u00f1o hasta diciembre 2023.<\/p>\n<p>Con la continuidad asegurada del mediocampista ofensivo, la dirigencia encabezada por Rodolfo D&#8217;Onofrio solo tiene pendiente la situaci\u00f3n del delantero colombiano Rafael Santos Borr\u00e9 cuyo contrato tambi\u00e9n finaliza a mitad de a\u00f1o.<\/p>\n<p>La intenci\u00f3n es extender el contrato con el colombiano y comprar un nuevo porcentaje (25 por ciento) del pase a Atl\u00e9tico de Madrid.<\/p>\n<p>Vigo ser\u00e1 el sexto refuerzo del \u00abMillonario\u00bb luego de varios d\u00edas de negociaci\u00f3n entre River y Col\u00f3n, que finalmente cobrar\u00e1 dos millones de d\u00f3lares m\u00e1s la cesi\u00f3n del mediocampista Cristian Ferreira.<\/p>\n<p>El mediocampista cordob\u00e9s no estuvo en el entrenamiento matutino de River y tiene todo listo para viajar a Santa Fe y sumarse al plantel \u00abSabalero\u00bb.<\/p>\n<p>El lateral derecho, de 21 a\u00f1os, jug\u00f3 40 partidos con la camiseta de Col\u00f3n (sin goles) y competir\u00e1 el puesto con Gonzalo Montiel, quien renov\u00f3 v\u00ednculo hasta diciembre de 2022.<\/p>\n<p>Durante el presente mercado de pases, River se asegur\u00f3 las renovaciones de Montiel, el arquero Franco Armani, el delantero Mat\u00edas Su\u00e1rez y los defensores Milton Casco y Robert Rojas y sum\u00f3 seis incorporaciones.<\/p>\n<p>Los regresos de Jonatan Maidana y David Mart\u00ednez m\u00e1s las llegadas de Jos\u00e9 Paradela, Agust\u00edn Palavecino y Agust\u00edn Fontana completan el nuevo River 2021 que tambi\u00e9n tendr\u00e1 como desaf\u00edos la Copa Argentina y la final de la Supercopa Argentina ante<br \/>Racing Club, el pr\u00f3ximo 4 de marzo en Santiago del Estero.<\/p>\n<p>Luego de haber completado los estudios m\u00e9dicos en la ma\u00f1ana del mi\u00e9rcoles, Banfield inform\u00f3 los detalles de la transferencia del delantero Fontana a River.<\/p>\n<p>El club de N\u00fa\u00f1ez pagar\u00e1 a lo largo del a\u00f1o la suma de un mill\u00f3n y medio de d\u00f3lares por el 75 por ciento del pase y los impuestos correspondientes, mientras que el 25 por ciento restante seguir\u00e1 siendo del \u00abtaladro\u00bb.<\/p>\n<p><\/p>\n","protected":false},"excerpt":{"rendered":"<p>El lateral derecho Alex Vigo expres\u00f3 este jueves su alegr\u00eda por cumplir el \u00absue\u00f1o\u00bb de jugar en River Plate y dese\u00f3 que el entrenador Marcelo Gallardo pueda encontrar su \u00abmejor versi\u00f3n\u00bb. El exCol\u00f3n de Santa Fe se realiz\u00f3 esta ma\u00f1ana la revisi\u00f3n m\u00e9dica y antes de firmar y convertirse en el sexto refuerzo \u00abmillonario\u00bb manifest\u00f3 [&hellip;]<\/p>\n","protected":false},"author":1,"featured_media":1138,"comment_status":"closed","ping_status":"closed","sticky":false,"template":"","format":"standard","meta":[],"categories":[10],"tags":[],"_links":{"self":[{"href":"http:\/\/nuevacordoba.net\/index.php\/wp-json\/wp\/v2\/posts\/1137"}],"collection":[{"href":"http:\/\/nuevacordoba.net\/index.php\/wp-json\/wp\/v2\/posts"}],"about":[{"href":"http:\/\/nuevacordoba.net\/index.php\/wp-json\/wp\/v2\/types\/post"}],"author":[{"embeddable":true,"href":"http:\/\/nuevacordoba.net\/index.php\/wp-json\/wp\/v2\/users\/1"}],"replies":[{"embeddable":true,"href":"http:\/\/nuevacordoba.net\/index.php\/wp-json\/wp\/v2\/comments?post=1137"}],"version-history":[{"count":0,"href":"http:\/\/nuevacordoba.net\/index.php\/wp-json\/wp\/v2\/posts\/1137\/revisions"}],"wp:featuredmedia":[{"embeddable":true,"href":"http:\/\/nuevacordoba.net\/index.php\/wp-json\/wp\/v2\/media\/1138"}],"wp:attachment":[{"href":"http:\/\/nuevacordoba.net\/index.php\/wp-json\/wp\/v2\/media?parent=1137"}],"wp:term":[{"taxonomy":"category","embeddable":true,"href":"http:\/\/nuevacordoba.net\/index.php\/wp-json\/wp\/v2\/categories?post=1137"},{"taxonomy":"post_tag","embeddable":true,"href":"http:\/\/nuevacordoba.net\/index.php\/wp-json\/wp\/v2\/tags?post=1137"}],"curies":[{"name":"wp","href":"https:\/\/api.w.org\/{rel}","templated":true}]}}