{"id":1141,"date":"2021-02-18T19:24:11","date_gmt":"2021-02-18T19:24:11","guid":{"rendered":"http:\/\/nuevacordoba.net\/index.php\/2021\/02\/18\/miguel-angel-sola-sera-dado-de-alta-tras-una-internacion-por-una-caida\/"},"modified":"2021-02-18T19:24:11","modified_gmt":"2021-02-18T19:24:11","slug":"miguel-angel-sola-sera-dado-de-alta-tras-una-internacion-por-una-caida","status":"publish","type":"post","link":"http:\/\/nuevacordoba.net\/index.php\/2021\/02\/18\/miguel-angel-sola-sera-dado-de-alta-tras-una-internacion-por-una-caida\/","title":{"rendered":"Miguel \u00c1ngel Sol\u00e1 ser\u00e1 dado de alta tras una internaci\u00f3n por una ca\u00edda"},"content":{"rendered":"<div class=\"image\" id=\"image\" readability=\"7\"> <img src=\"http:\/\/nuevacordoba.net\/wp-content\/uploads\/2021\/02\/miguel-angel-sola-sera-dado-de-alta-tras-una-internacion-por-una-caida.jpg\" alt=\"Sol\u00e1 y Cancio protagonizan &quot;Doble o nada&quot; en un teatro de la capital espa\u00f1ola.\" title=\"Sol\u00e1 y Cancio protagonizan &quot;Doble o nada&quot; en un teatro de la capital espa\u00f1ola.\"><\/p>\n<p>Sol\u00e1 y Cancio protagonizan \u00abDoble o nada\u00bb en un teatro de la capital espa\u00f1ola.<\/p>\n<\/div>\n<p>El actor argentino radicado en Espa\u00f1a Miguel \u00c1ngel Sol\u00e1, quien sufri\u00f3 una lesi\u00f3n traumatol\u00f3gica a ra\u00edz de una ca\u00edda, ser\u00e1 dado de alta y har\u00e1 rehabilitaci\u00f3n en su casa, seg\u00fan <strong>inform\u00f3 su pareja, la actriz espa\u00f1ola Paula Cancio.<\/strong><\/p>\n<p>La noticia sobre el accidente se conoci\u00f3 este mi\u00e9rcoles a partir de un tuit de Teatros Luchana, el espacio de la capital espa\u00f1ola en el que cada semana se pone en escena \u201cDoble o nada\u201d, thriller que Sol\u00e1 protagoniza junto a Cancio y cuyas funciones fueron suspendidas por este motivo.<\/p>\n<div class=\"js-code\" readability=\"6.5315315315315\">\n<blockquote class=\"twitter-tweet\" readability=\"6.966966966967\">\n<p lang=\"es\" dir=\"ltr\">A causa de un intervenci\u00f3n quir\u00fargica traumatol\u00f3gica de urgencia, se cancelan las funciones de Doble o nada hasta abril.<br \/>En los pr\u00f3ximos d\u00edas nos pondremos en contacto con todas las ventas para gestionar el cambio o la devoluci\u00f3n de las entradas. <a href=\"https:\/\/t.co\/H0ATYinJ0R\">pic.twitter.com\/H0ATYinJ0R<\/a><\/p>\n<p>\u2014 Teatros Luchana (@TeatrosLuchana) <a href=\"https:\/\/twitter.com\/TeatrosLuchana\/status\/1362026500137095171?ref_src=twsrc%5Etfw\">February 17, 2021<\/a><\/p><\/blockquote><\/div>\n<p>La pareja de Sol\u00e1 habl\u00f3 con \u00abTN Show\u00bb para agradecer el afecto del p\u00fablico y transmitir tranquilidad acerca del estado de la estado del actor, de 70 a\u00f1os..<\/p>\n<p><strong>\u201cEstamos esperando los resultados para que le den el alta a Miguel,<\/strong> as\u00ed que esta tarde ya estar\u00e1 en casa. Poquito a poco, una buena rehabilitaci\u00f3n y en marcha de nuevo\u201d, expres\u00f3 la int\u00e9rprete espa\u00f1ola de 36 a\u00f1os.<\/p>\n<p>Miguel \u00c1ngel Sol\u00e1 se tropez\u00f3 mientras caminaba por una calle en Madrid; las primeras versiones indicaban que se hab\u00eda ca\u00eddo en la vereda y, producto de eso, se hab\u00eda fracturado la cadera y deb\u00edan operarlo.<\/p>\n<p><strong>Tras la ca\u00edda, en medios de comunicaci\u00f3n del pa\u00eds ib\u00e9rico trascendi\u00f3 r\u00e1pidamente que ten\u00eda una fractura de cadera que necesitaba cirug\u00eda.<\/strong><\/p>\n<p>Sin embargo, Cancio sali\u00f3 al cruce de dichas versiones y a trav\u00e9s de su cuenta en Twitter (@PaulaCancio3) expres\u00f3 que el actor argentino todav\u00eda no ten\u00eda un diagn\u00f3stico y mucho menos se hab\u00eda programada una operaci\u00f3n.<\/p>\n<div class=\"js-code\" readability=\"6.5196078431373\">\n<blockquote class=\"twitter-tweet\" readability=\"6.9542483660131\">\n<p lang=\"es\" dir=\"ltr\">Miguel \u00c1ngel se encuentra bien, se tropez\u00f3 y le est\u00e1n haciendo pruebas para valorar el lugar de la lesi\u00f3n y qu\u00e9 tipo de lesi\u00f3n es. No le est\u00e1n operando ni hay un diagn\u00f3stico claro a\u00fan. Gracias por el inter\u00e9s y cari\u00f1o.\ud83c\udf39 <a href=\"https:\/\/t.co\/Lu1U7D7ejQ\">https:\/\/t.co\/Lu1U7D7ejQ<\/a><\/p>\n<p>\u2014 Paula Cancio (@PaulaCancio3) <a href=\"https:\/\/twitter.com\/PaulaCancio3\/status\/1362084896865452032?ref_src=twsrc%5Etfw\">February 17, 2021<\/a><\/p><\/blockquote><\/div>\n","protected":false},"excerpt":{"rendered":"<p>Sol\u00e1 y Cancio protagonizan \u00abDoble o nada\u00bb en un teatro de la capital espa\u00f1ola. El actor argentino radicado en Espa\u00f1a Miguel \u00c1ngel Sol\u00e1, quien sufri\u00f3 una lesi\u00f3n traumatol\u00f3gica a ra\u00edz de una ca\u00edda, ser\u00e1 dado de alta y har\u00e1 rehabilitaci\u00f3n en su casa, seg\u00fan inform\u00f3 su pareja, la actriz espa\u00f1ola Paula Cancio. La noticia sobre [&hellip;]<\/p>\n","protected":false},"author":1,"featured_media":1142,"comment_status":"closed","ping_status":"closed","sticky":false,"template":"","format":"standard","meta":[],"categories":[9],"tags":[],"_links":{"self":[{"href":"http:\/\/nuevacordoba.net\/index.php\/wp-json\/wp\/v2\/posts\/1141"}],"collection":[{"href":"http:\/\/nuevacordoba.net\/index.php\/wp-json\/wp\/v2\/posts"}],"about":[{"href":"http:\/\/nuevacordoba.net\/index.php\/wp-json\/wp\/v2\/types\/post"}],"author":[{"embeddable":true,"href":"http:\/\/nuevacordoba.net\/index.php\/wp-json\/wp\/v2\/users\/1"}],"replies":[{"embeddable":true,"href":"http:\/\/nuevacordoba.net\/index.php\/wp-json\/wp\/v2\/comments?post=1141"}],"version-history":[{"count":0,"href":"http:\/\/nuevacordoba.net\/index.php\/wp-json\/wp\/v2\/posts\/1141\/revisions"}],"wp:featuredmedia":[{"embeddable":true,"href":"http:\/\/nuevacordoba.net\/index.php\/wp-json\/wp\/v2\/media\/1142"}],"wp:attachment":[{"href":"http:\/\/nuevacordoba.net\/index.php\/wp-json\/wp\/v2\/media?parent=1141"}],"wp:term":[{"taxonomy":"category","embeddable":true,"href":"http:\/\/nuevacordoba.net\/index.php\/wp-json\/wp\/v2\/categories?post=1141"},{"taxonomy":"post_tag","embeddable":true,"href":"http:\/\/nuevacordoba.net\/index.php\/wp-json\/wp\/v2\/tags?post=1141"}],"curies":[{"name":"wp","href":"https:\/\/api.w.org\/{rel}","templated":true}]}}