{"id":1154,"date":"2021-02-18T19:24:41","date_gmt":"2021-02-18T19:24:41","guid":{"rendered":"http:\/\/nuevacordoba.net\/index.php\/2021\/02\/18\/dura-critica-al-gobierno-de-alberto-fernandez-muchos-comedores-populares-hace-meses-solo-reciben-polenta-y-vitina\/"},"modified":"2021-02-18T19:24:41","modified_gmt":"2021-02-18T19:24:41","slug":"dura-critica-al-gobierno-de-alberto-fernandez-muchos-comedores-populares-hace-meses-solo-reciben-polenta-y-vitina","status":"publish","type":"post","link":"http:\/\/nuevacordoba.net\/index.php\/2021\/02\/18\/dura-critica-al-gobierno-de-alberto-fernandez-muchos-comedores-populares-hace-meses-solo-reciben-polenta-y-vitina\/","title":{"rendered":"Dura cr\u00edtica al Gobierno de Alberto Fern\u00e1ndez: \u00abMuchos comedores populares hace meses solo reciben polenta y vitina\u00bb"},"content":{"rendered":"<div><img src=\"http:\/\/nuevacordoba.net\/wp-content\/uploads\/2021\/02\/dura-critica-al-gobierno-de-alberto-fernandez-muchos-comedores-populares-hace-meses-solo-reciben-polenta-y-vitina.jpg\" class=\"ff-og-image-inserted\"><\/div>\n<p>El Polo Obrero se moviliz\u00f3 hoy en C\u00f3rdoba, y en resto del pa\u00eds, con la consigna \u00abno va m\u00e1s\u00bb. Seg\u00fan el dirigente Emanuel Berardo, los comedores populares reciben del Gobierno de Alberto Fern\u00e1ndez solo \u00abpolenta y vitina\u00bb<\/p>\n<p>\u00abLa inflaci\u00f3n de los dos \u00faltimos meses ha llegado casi al 10%, los precios de la canasta alimentaria los han superado ampliamente. Mientras, el Gobierno nacional se re\u00fane y recula ante las grandes c\u00e1maras agropecuarias que se llenan los bolsillos con los alt\u00edsimos precios internacionales de los productos primarios\u00bb, dijo Berardo.<\/p>\n<p>\u00abEl Gobierno dice que quiere que bajen los precios, pero no mueve un mil\u00edmetro el IVA, que es un impuesto totalmente regresivo y que pagamos los pobres mientras sostiene a rajatabla el pago de la ileg\u00edtima e ilegal deuda externa\u00bb, agrego.<\/p>\n<p>Para Berardo, las consecuencias de esta pol\u00edtica est\u00e1n a la vista: \u00abTrabajadores en blanco con salarios por debajo de la l\u00ednea de pobreza, jubilados con ingresos inferiores a la canasta b\u00e1sica, millones de desocupados que no recuperaron el trabajo luego de la cuarentena\u00bb.<\/p>\n<div class=\"block-ad-node\">\n<div>\n<p> <span>Publicidad<\/span> <\/p>\n<\/div>\n<\/div>\n<p>El dirigente del Polo Obrero critic\u00f3 al Gobierno, adem\u00e1s, por laa eliminaci\u00f3n de las ayudas extraordinarias.<\/p>\n<p class=\"SubTitulo\"><strong>\u00abPolenta y vitina\u00bb<\/strong><\/p>\n<p>\u00abLa eliminaci\u00f3n reciente del miserable IFE, que apenas significa $ 5000 por mes, es una demostraci\u00f3n de que el ajuste va, sobre todo, contra los trabajadores m\u00e1s pobres. El colmo de esta situaci\u00f3n social de extrema gravedad es la asistencia a los comedores populares. Muchos comedores hace meses que no reciben alimentos y los que lo reciben son alimento de baj\u00edsima calidad: polenta y vitina\u00bb, denunci\u00f3.<\/p>\n<p>Berardo afirm\u00f3 que el movimiento piquetero independiente \u00abrechaza la cooptaci\u00f3n y la integraci\u00f3n a un gobierno antiobrero y pro imperialista\u00bb y que por eso sale a luchar en todo el pa\u00eds \u00abpor un programa de emergencia para para los trabajadores ocupados y desocupados\u00bb.<\/p>\n<p>\u00abSalimos con el Frente de Lucha Piquetero en todo el pa\u00eds. Por un programa reivindicativo inmediato para una salida obrera y popular a esta crisis. Reclamamos trabajo genuino, con salario equivalente a la canasta familiar. Un seguro al desocupado igual a la canasta b\u00e1sica hoy $50.000. En la emergencia apertura de los programas sociales. Aumento de los programas sociales a la canasta b\u00e1sica. Atenci\u00f3n integral a los comedores populares con alimentos secos y frescos para alimentar a la poblaci\u00f3n necesitada. \u00a1Tierra para vivir! \u00a1Basta de desalojos! \u00a1Abajo la represi\u00f3n a las luchas populares!\u00bb, cerr\u00f3.<\/p>\n<div class=\"ctaNewsNotaContainer\" readability=\"6.5\">\n<div class=\"newsletterTextContainer\" readability=\"33\">\n<p> S\u00cdNTESIS POL\u00cdTICA<\/p>\n<p> Informaci\u00f3n exclusiva y el mejor an\u00e1lisis, los lunes en tu correo.<\/p>\n<form method=\"post\" action-xhr=\"https:\/\/www.lavoz.com.ar\/newsletters\/sintesis-politica\/signup\" id=\"newsletter-signup\" class=\"newsletterForm\" target=\"_blank\" custom-validation-reporting=\"as-you-go\" on=\"submit:AMP.setState({formLoading:true});submit-success:AMP.setState({formSuccess:true})\">\n<div submit-success class=\"is-paddingless-l\" readability=\"6\"> <template type=\"amp-mustache\" readability=\"2\"><\/p>\n<p> <strong>\u00a1Gracias por suscribirte!<\/strong><\/p>\n<p> <\/template><\/div>\n<div submit-error class=\"is-paddingless-l\" readability=\"6.5\"> <template type=\"amp-mustache\" readability=\"3\"><\/p>\n<p> <strong>Ha ocurrido un error, por favor intente nuevamente m\u00e1s tarde.<\/strong><\/p>\n<p> <\/template><\/div>\n<\/form>\n<\/div>\n<\/div>\n<div>\n<p> <span>Publicidad<\/span> <\/p>\n<\/div>\n","protected":false},"excerpt":{"rendered":"<p>El Polo Obrero se moviliz\u00f3 hoy en C\u00f3rdoba, y en resto del pa\u00eds, con la consigna \u00abno va m\u00e1s\u00bb. Seg\u00fan el dirigente Emanuel Berardo, los comedores populares reciben del Gobierno de Alberto Fern\u00e1ndez solo \u00abpolenta y vitina\u00bb \u00abLa inflaci\u00f3n de los dos \u00faltimos meses ha llegado casi al 10%, los precios de la canasta alimentaria [&hellip;]<\/p>\n","protected":false},"author":1,"featured_media":1155,"comment_status":"closed","ping_status":"closed","sticky":false,"template":"","format":"standard","meta":[],"categories":[12],"tags":[],"_links":{"self":[{"href":"http:\/\/nuevacordoba.net\/index.php\/wp-json\/wp\/v2\/posts\/1154"}],"collection":[{"href":"http:\/\/nuevacordoba.net\/index.php\/wp-json\/wp\/v2\/posts"}],"about":[{"href":"http:\/\/nuevacordoba.net\/index.php\/wp-json\/wp\/v2\/types\/post"}],"author":[{"embeddable":true,"href":"http:\/\/nuevacordoba.net\/index.php\/wp-json\/wp\/v2\/users\/1"}],"replies":[{"embeddable":true,"href":"http:\/\/nuevacordoba.net\/index.php\/wp-json\/wp\/v2\/comments?post=1154"}],"version-history":[{"count":0,"href":"http:\/\/nuevacordoba.net\/index.php\/wp-json\/wp\/v2\/posts\/1154\/revisions"}],"wp:featuredmedia":[{"embeddable":true,"href":"http:\/\/nuevacordoba.net\/index.php\/wp-json\/wp\/v2\/media\/1155"}],"wp:attachment":[{"href":"http:\/\/nuevacordoba.net\/index.php\/wp-json\/wp\/v2\/media?parent=1154"}],"wp:term":[{"taxonomy":"category","embeddable":true,"href":"http:\/\/nuevacordoba.net\/index.php\/wp-json\/wp\/v2\/categories?post=1154"},{"taxonomy":"post_tag","embeddable":true,"href":"http:\/\/nuevacordoba.net\/index.php\/wp-json\/wp\/v2\/tags?post=1154"}],"curies":[{"name":"wp","href":"https:\/\/api.w.org\/{rel}","templated":true}]}}