{"id":1178,"date":"2021-02-19T19:24:00","date_gmt":"2021-02-19T19:24:00","guid":{"rendered":"http:\/\/nuevacordoba.net\/index.php\/2021\/02\/19\/la-oms-destaco-la-caida-de-casos-pero-pidio-no-bajar-la-guardia\/"},"modified":"2021-02-19T19:24:00","modified_gmt":"2021-02-19T19:24:00","slug":"la-oms-destaco-la-caida-de-casos-pero-pidio-no-bajar-la-guardia","status":"publish","type":"post","link":"http:\/\/nuevacordoba.net\/index.php\/2021\/02\/19\/la-oms-destaco-la-caida-de-casos-pero-pidio-no-bajar-la-guardia\/","title":{"rendered":"La OMS destac\u00f3 la ca\u00edda de casos, pero pidi\u00f3 no bajar la guardia"},"content":{"rendered":"<div class=\"image\" id=\"image\" readability=\"8\"> <img src=\"http:\/\/nuevacordoba.net\/wp-content\/uploads\/2021\/02\/la-oms-destaco-la-caida-de-casos-pero-pidio-no-bajar-la-guardia.jpg\" alt=\"Los nuevos casos declinaron por quinta semana consecutiva, aunque sigue siendo &quot;alto&quot; su n\u00famero.\" title=\"Los nuevos casos declinaron por quinta semana consecutiva, aunque sigue siendo &quot;alto&quot; su n\u00famero.\"><\/p>\n<p>Los nuevos casos declinaron por quinta semana consecutiva, aunque sigue siendo \u00abalto\u00bb su n\u00famero.<\/p>\n<\/div>\n<p>La Organizaci\u00f3n Mundial de la Salud (OMS) se\u00f1al\u00f3 este viernes que la ca\u00edda de casos de coronavirus en Europa da un respiro a las autoridades para evaluar sus respuestas ante la pandemia y reforzar sus sistemas sanitarios, aunque pidi\u00f3 no bajar la guardia ni levantar las medidas.<\/p>\n<p>As\u00ed lo se\u00f1al\u00f3 el director de OMS Europa, Hans Kluge, en un comunicado que destaca que, por primera vez desde septiembre, el n\u00famero de nuevos casos reportados en una semana fue inferior a un mill\u00f3n en total en los 53 pa\u00edses de la regi\u00f3n europea, que incluye a varias naciones de Asia central.<\/p>\n<p><strong>Los nuevos casos declinaron por quinta semana consecutiva, aunque sigue siendo \u00abalto\u00bb su n\u00famero<\/strong>, afirm\u00f3 Kluge, para quien \u00ablas nuevas muertes tambi\u00e9n han retrocedido por tercera semana consecutiva\u00bb, inform\u00f3 la agencia de noticias AFP.<\/p>\n<p><strong>\u00abCuando los casos de Covid-19 est\u00e1n en sus m\u00e1s bajos niveles en varios pa\u00edses, como es el caso ahora, las autoridades sanitarias tienen la posibilidad de centrarse en evaluar y mejorar sus respuestas\u00bb a la pandemia<\/strong>, asegura Kluge<\/p>\n<p>El dirigente europeo de la OMS subray\u00f3 la importancia de cuidar a los profesionales sanitarios, garantiz\u00e1ndoles la vacunaci\u00f3n frente al coronavirus, ya que son ellos los que tienen que \u00abvolver a encarrilar\u00bb los servicios asistenciales.<\/p>\n<p><strong>\u00abUn sistema de salud resiliente requiere recursos humanos adecuados para garantizar que todos, en todas partes, reciban los servicios. Hasta la fecha, entre el 1% y el 46% de los trabajadores de la salud, o el 19% en promedio, completaron la vacunaci\u00f3n contra la Covid-19\u00bb<\/strong>, dijo.<\/p>\n<p>Finalmente, pidi\u00f3 a los ciudadanos que cumplan \u00abal m\u00e1ximo\u00bb con las medidas establecidas en sus pa\u00edses para frenar la expansi\u00f3n de la pandemia, al asegurar que estas herramientas demostraron ser eficaces tambi\u00e9n para evitar los contagios con las nuevas variantes del virus.<\/p>\n<p>\u00abAnte los informes sobre nuevas variantes, la confusi\u00f3n y el cansancio son comprensibles. Pero d\u00e9jeme asegurarle que las circunstancias son temporales. S\u00ed, a\u00fan tendremos que tomar medidas precautorias durante los pr\u00f3ximos meses, pero si todos desempe\u00f1amos un papel y asumimos la responsabilidad de mantener bajas las tasas de transmisi\u00f3n, se levantar\u00e1n las medidas restrictivas implementadas\u00bb, cerr\u00f3.<\/p>\n","protected":false},"excerpt":{"rendered":"<p>Los nuevos casos declinaron por quinta semana consecutiva, aunque sigue siendo \u00abalto\u00bb su n\u00famero. La Organizaci\u00f3n Mundial de la Salud (OMS) se\u00f1al\u00f3 este viernes que la ca\u00edda de casos de coronavirus en Europa da un respiro a las autoridades para evaluar sus respuestas ante la pandemia y reforzar sus sistemas sanitarios, aunque pidi\u00f3 no bajar [&hellip;]<\/p>\n","protected":false},"author":1,"featured_media":1179,"comment_status":"closed","ping_status":"closed","sticky":false,"template":"","format":"standard","meta":[],"categories":[13],"tags":[],"_links":{"self":[{"href":"http:\/\/nuevacordoba.net\/index.php\/wp-json\/wp\/v2\/posts\/1178"}],"collection":[{"href":"http:\/\/nuevacordoba.net\/index.php\/wp-json\/wp\/v2\/posts"}],"about":[{"href":"http:\/\/nuevacordoba.net\/index.php\/wp-json\/wp\/v2\/types\/post"}],"author":[{"embeddable":true,"href":"http:\/\/nuevacordoba.net\/index.php\/wp-json\/wp\/v2\/users\/1"}],"replies":[{"embeddable":true,"href":"http:\/\/nuevacordoba.net\/index.php\/wp-json\/wp\/v2\/comments?post=1178"}],"version-history":[{"count":0,"href":"http:\/\/nuevacordoba.net\/index.php\/wp-json\/wp\/v2\/posts\/1178\/revisions"}],"wp:featuredmedia":[{"embeddable":true,"href":"http:\/\/nuevacordoba.net\/index.php\/wp-json\/wp\/v2\/media\/1179"}],"wp:attachment":[{"href":"http:\/\/nuevacordoba.net\/index.php\/wp-json\/wp\/v2\/media?parent=1178"}],"wp:term":[{"taxonomy":"category","embeddable":true,"href":"http:\/\/nuevacordoba.net\/index.php\/wp-json\/wp\/v2\/categories?post=1178"},{"taxonomy":"post_tag","embeddable":true,"href":"http:\/\/nuevacordoba.net\/index.php\/wp-json\/wp\/v2\/tags?post=1178"}],"curies":[{"name":"wp","href":"https:\/\/api.w.org\/{rel}","templated":true}]}}