{"id":11842,"date":"2021-10-29T13:30:22","date_gmt":"2021-10-29T13:30:22","guid":{"rendered":"https:\/\/puntoapunto.com.ar\/?p=318082"},"modified":"2021-10-29T13:30:22","modified_gmt":"2021-10-29T13:30:22","slug":"clinica-nahas-apuesta-a-la-innovacion-e-inaugura-quirofanos-consultorios-y-spa","status":"publish","type":"post","link":"http:\/\/nuevacordoba.net\/index.php\/2021\/10\/29\/clinica-nahas-apuesta-a-la-innovacion-e-inaugura-quirofanos-consultorios-y-spa\/","title":{"rendered":"Cl\u00ednica Nah\u00e1s apuesta a la innovaci\u00f3n e inaugura quir\u00f3fanos, consultorios y Spa"},"content":{"rendered":"<div><img src=\"http:\/\/nuevacordoba.net\/wp-content\/uploads\/2021\/10\/clinica-nahas-apuesta-a-la-innovacion-e-inaugura-quirofanos-consultorios-y-spa.jpg\" class=\"ff-og-image-inserted\"><\/div>\n<p><strong>Cl\u00ednica Nah\u00e1s inaugur\u00f3 los nuevos quir\u00f3fanos, habitaciones, consultorios y SPA<\/strong>, ya se encuentran ya en pleno funcionamiento en<strong> Fernando Fader 3606.<\/strong><\/p>\n<p>\u201cCon enorme orgullo estamos celebrando la inauguraci\u00f3n de un proyecto que comenz\u00f3 hace<br \/>meses y que supone un nuevo e importante cap\u00edtulo en nuestra historia. <strong>Se trata de una<\/strong><br \/><strong>completa renovaci\u00f3n de la cl\u00ednica con espacios cuidadosamente pensados y dise\u00f1ados con <\/strong><strong>detalles de excelencia<\/strong>, en funci\u00f3n del confort para quienes nos eligen, y de la incorporaci\u00f3n de nuevas tecnolog\u00edas\u201d , expres\u00f3 el Director de la cl\u00ednica, <strong>Dr. Ra\u00fal Nahas.<\/strong><\/p>\n<p>Luciano Nah\u00e1s, Coordinador de Cirug\u00eda, explic\u00f3 por su parte que la apuesta se enmarca en la misi\u00f3n de la instituci\u00f3n de \u201cbrindar bienestar y calidad de vida a partir de un equipo<br \/>comprometido y capacitado que entiende a la salud y a la est\u00e9tica como una unidad para<br \/>cuidar y acompa\u00f1ar en cada etapa de la vida\u201d.<\/p>\n<h5><strong>Quir\u00f3fanos y habitaciones<\/strong><\/h5>\n<p>Forman parte de lo nuevo, <strong>dos quir\u00f3fanos completamente equipados bajo el m\u00e1s moderno <\/strong><strong>concepto de seguridad y tecnolog\u00eda<\/strong> con modernas luces scial\u00edticas, coaguladores de \u00faltima generaci\u00f3n, l\u00e1ser HD y microaire para vibrolipoaspiraci\u00f3n. Los equipos de anestesia cuentan con monitores con control de electrocardiograma, oximetr\u00eda, pulso y tensi\u00f3n arterial.<\/p>\n<p>Las habitaciones, por su parte, se encuentran equipadas bajo los m\u00e1s altos<strong> par\u00e1metros de <\/strong><strong>higiene y dise\u00f1o, propios de la hoteler\u00eda.<\/strong><\/p>\n<p><strong>El Spa<\/strong>: un espacio dise\u00f1ado para armonizar cuerpo, mente y emociones Con un dise\u00f1o interior moderno con la madera como protagonista, otorgando calidez y elegancia, cuenta con sauna, ducha de hidromasaje vertical, ba\u00f1o privado y camilla ergon\u00f3mica para masajes relajantes, descontracturantes , con piedras calientes, con ca\u00f1as de bamb\u00fa, shiatsu y otros a cargo de fisioterapeutas especializadas.<\/p>\n<p>En los circuitos de spa se combinan las m\u00e1s variadas y modernas t\u00e9cnicas de est\u00e9tica facial y corporal tanto para hombres como para mujeres bajo estrictas normas de Bioseguridad.<\/p>\n","protected":false},"excerpt":{"rendered":"<p>Cl\u00ednica Nah\u00e1s inaugur\u00f3 los nuevos quir\u00f3fanos, habitaciones, consultorios y SPA, ya se encuentran ya en pleno funcionamiento en Fernando Fader 3606. \u201cCon enorme orgullo estamos celebrando la inauguraci\u00f3n de un proyecto que comenz\u00f3 hacemeses y que supone un nuevo e importante cap\u00edtulo en nuestra historia. Se trata de unacompleta renovaci\u00f3n de la cl\u00ednica con espacios [&hellip;]<\/p>\n","protected":false},"author":1,"featured_media":11843,"comment_status":"open","ping_status":"closed","sticky":false,"template":"","format":"standard","meta":[],"categories":[14],"tags":[],"_links":{"self":[{"href":"http:\/\/nuevacordoba.net\/index.php\/wp-json\/wp\/v2\/posts\/11842"}],"collection":[{"href":"http:\/\/nuevacordoba.net\/index.php\/wp-json\/wp\/v2\/posts"}],"about":[{"href":"http:\/\/nuevacordoba.net\/index.php\/wp-json\/wp\/v2\/types\/post"}],"author":[{"embeddable":true,"href":"http:\/\/nuevacordoba.net\/index.php\/wp-json\/wp\/v2\/users\/1"}],"replies":[{"embeddable":true,"href":"http:\/\/nuevacordoba.net\/index.php\/wp-json\/wp\/v2\/comments?post=11842"}],"version-history":[{"count":0,"href":"http:\/\/nuevacordoba.net\/index.php\/wp-json\/wp\/v2\/posts\/11842\/revisions"}],"wp:featuredmedia":[{"embeddable":true,"href":"http:\/\/nuevacordoba.net\/index.php\/wp-json\/wp\/v2\/media\/11843"}],"wp:attachment":[{"href":"http:\/\/nuevacordoba.net\/index.php\/wp-json\/wp\/v2\/media?parent=11842"}],"wp:term":[{"taxonomy":"category","embeddable":true,"href":"http:\/\/nuevacordoba.net\/index.php\/wp-json\/wp\/v2\/categories?post=11842"},{"taxonomy":"post_tag","embeddable":true,"href":"http:\/\/nuevacordoba.net\/index.php\/wp-json\/wp\/v2\/tags?post=11842"}],"curies":[{"name":"wp","href":"https:\/\/api.w.org\/{rel}","templated":true}]}}