{"id":11995,"date":"2021-11-05T03:05:38","date_gmt":"2021-11-05T03:05:38","guid":{"rendered":"https:\/\/www.bbc.com\/mundo\/noticias-america-latina-59109361"},"modified":"2021-11-05T03:05:38","modified_gmt":"2021-11-05T03:05:38","slug":"que-significa-que-venezuela-sea-el-primer-pais-de-america-latina-en-el-que-la-corte-penal-internacional-abrio-una-investigacion-formal","status":"publish","type":"post","link":"http:\/\/nuevacordoba.net\/index.php\/2021\/11\/05\/que-significa-que-venezuela-sea-el-primer-pais-de-america-latina-en-el-que-la-corte-penal-internacional-abrio-una-investigacion-formal\/","title":{"rendered":"Qu\u00e9 significa que Venezuela sea el primer pa\u00eds de Am\u00e9rica Latina en el que la Corte Penal Internacional abri\u00f3 una investigaci\u00f3n formal"},"content":{"rendered":"<div dir=\"ltr\" class=\"e1j2237y5 bbc-q4ibpr e57qer20\">\n<div class=\"bbc-1atl7vu e1c9i7u14\">\n<ul role=\"list\" class=\"bbc-k0l9bd e1c9i7u12\">\n<li role=\"listitem\" class=\"bbc-1a3w4ok e1c9i7u11\">Redacci\u00f3n <\/li>\n<li role=\"listitem\" class=\"bbc-1p92jtu e1c9i7u10\">BBC News Mundo<\/li>\n<\/ul>\n<\/div>\n<\/div>\n<p><time datetime=\"2021-11-04\" class=\"bbc-14xtggo e4zesg50\">6 horas<\/time><\/p>\n<div dir=\"ltr\" class=\"bbc-1ka88fa e57qer20\">\n<figure class=\"bbc-1qdcvv9 e6bmn90\">\n<div dir=\"ltr\" class=\"bbc-172p16q e57qer20\">\n<div dir=\"ltr\" class=\"bbc-189y18v e57qer20\" readability=\"6.5\">\n<div data-e2e=\"image-placeholder\" class=\"bbc-997y1y e1whu0\" readability=\"8\"><img loading=\"lazy\" srcset=\"http:\/\/nuevacordoba.net\/wp-content\/uploads\/2021\/11\/que-significa-que-venezuela-sea-el-primer-pais-de-america-latina-en-el-que-la-corte-penal-internacional-abrio-una-investigacion-formal-9.jpg 240w, http:\/\/nuevacordoba.net\/wp-content\/uploads\/2021\/11\/que-significa-que-venezuela-sea-el-primer-pais-de-america-latina-en-el-que-la-corte-penal-internacional-abrio-una-investigacion-formal-10.jpg 320w, http:\/\/nuevacordoba.net\/wp-content\/uploads\/2021\/11\/que-significa-que-venezuela-sea-el-primer-pais-de-america-latina-en-el-que-la-corte-penal-internacional-abrio-una-investigacion-formal-11.jpg 480w, http:\/\/nuevacordoba.net\/wp-content\/uploads\/2021\/11\/que-significa-que-venezuela-sea-el-primer-pais-de-america-latina-en-el-que-la-corte-penal-internacional-abrio-una-investigacion-formal-12.jpg 624w, http:\/\/nuevacordoba.net\/wp-content\/uploads\/2021\/11\/que-significa-que-venezuela-sea-el-primer-pais-de-america-latina-en-el-que-la-corte-penal-internacional-abrio-una-investigacion-formal-13.jpg 800w\" alt=\"La Corte Penal Internacional tiene motivos para creer que en Venezuela se cometieron cr\u00edmenes de lesa humanidad.\" src=\"http:\/\/nuevacordoba.net\/wp-content\/uploads\/2021\/11\/que-significa-que-venezuela-sea-el-primer-pais-de-america-latina-en-el-que-la-corte-penal-internacional-abrio-una-investigacion-formal.jpg\" sizes=\"(min-width: 1008px) 645px, 100vw\" width=\"976\" height=\"549\" class=\"eehpdyc0 bbc-100dhyn e1enwo3v0\"><\/p>\n<p role=\"text\" class=\"bbc-1s1cxbv etq3yw90\"><span class=\"bbc-1gnhmg2 e1yt7oin0\">Fuente de la imagen, <\/span><span lang=\"en-GB\">Getty Images<\/span><\/p>\n<\/div>\n<\/div>\n<div dir=\"ltr\" class=\"bbc-3edg7g e57qer20\" readability=\"6.5\"><figcaption dir=\"ltr\" class=\"bbc-1t9zlwf eede9f50\" readability=\"3\"><span class=\"bbc-1gnhmg2 e1yt7oin0\">Pie de foto, <\/span><\/p>\n<p>La Corte Penal Internacional tiene motivos para creer que en Venezuela se cometieron cr\u00edmenes de lesa humanidad.<\/p>\n<\/figcaption><\/div>\n<\/div>\n<\/figure>\n<\/div>\n<div dir=\"ltr\" class=\"bbc-19j92fr e57qer20\" readability=\"7\">\n<p dir=\"ltr\" class=\"bbc-bm53ic e1cc2ql70\"><b>El 3 de noviembre de 2021 quedar\u00e1 como una fecha clave para Venezuela.<\/b><\/p>\n<\/div>\n<div dir=\"ltr\" class=\"bbc-19j92fr e57qer20\" readability=\"12\">\n<p dir=\"ltr\" class=\"bbc-bm53ic e1cc2ql70\">Despu\u00e9s de tres d\u00edas de visita en el pa\u00eds sudamericano, <b>Karim Khan<\/b><b>, <\/b>fiscal brit\u00e1nico de la Corte Penal Internacional (CPI), dio a conocer que el caso conocido como \u00abVenezuela I\u00bb <b>pasa ahora de la fase de examen preliminar a una investigaci\u00f3n formal.<\/b><\/p>\n<\/div>\n<div dir=\"ltr\" class=\"bbc-19j92fr e57qer20\" readability=\"8\">\n<p dir=\"ltr\" class=\"bbc-bm53ic e1cc2ql70\">Esto quiere decir que la CPI buscar\u00e1 determinar la veracidad de los supuestos cr\u00edmenes de lesa humanidad cometidos en Venezuela desde al menos 2017.<\/p>\n<\/div>\n<div dir=\"ltr\" class=\"bbc-1ka88fa e57qer20\">\n<figure class=\"bbc-1qdcvv9 e6bmn90\">\n<div dir=\"ltr\" class=\"bbc-172p16q e57qer20\">\n<div dir=\"ltr\" class=\"bbc-189y18v e57qer20\" readability=\"6.5\">\n<div data-e2e=\"image-placeholder\" class=\"bbc-997y1y e1whu0\" readability=\"8\"><noscript><img loading=\"lazy\" srcset=\"http:\/\/nuevacordoba.net\/wp-content\/uploads\/2021\/11\/que-significa-que-venezuela-sea-el-primer-pais-de-america-latina-en-el-que-la-corte-penal-internacional-abrio-una-investigacion-formal-14.jpg 240w, http:\/\/nuevacordoba.net\/wp-content\/uploads\/2021\/11\/que-significa-que-venezuela-sea-el-primer-pais-de-america-latina-en-el-que-la-corte-penal-internacional-abrio-una-investigacion-formal-15.jpg 320w, http:\/\/nuevacordoba.net\/wp-content\/uploads\/2021\/11\/que-significa-que-venezuela-sea-el-primer-pais-de-america-latina-en-el-que-la-corte-penal-internacional-abrio-una-investigacion-formal-16.jpg 480w, http:\/\/nuevacordoba.net\/wp-content\/uploads\/2021\/11\/que-significa-que-venezuela-sea-el-primer-pais-de-america-latina-en-el-que-la-corte-penal-internacional-abrio-una-investigacion-formal-17.jpg 624w, http:\/\/nuevacordoba.net\/wp-content\/uploads\/2021\/11\/que-significa-que-venezuela-sea-el-primer-pais-de-america-latina-en-el-que-la-corte-penal-internacional-abrio-una-investigacion-formal-18.jpg 800w\" alt=\"Karim Khan, fiscal de la Corte Penal Internacional.\" src=\"http:\/\/nuevacordoba.net\/wp-content\/uploads\/2021\/11\/que-significa-que-venezuela-sea-el-primer-pais-de-america-latina-en-el-que-la-corte-penal-internacional-abrio-una-investigacion-formal-1.jpg\" sizes=\"(min-width: 1008px) 645px, 100vw\" width=\"976\" height=\"549\" class=\"eehpdyc0 bbc-100dhyn e1enwo3v0\"><\/noscript><\/p>\n<p role=\"text\" class=\"bbc-1s1cxbv etq3yw90\"><span class=\"bbc-1gnhmg2 e1yt7oin0\">Fuente de la imagen, <\/span><span lang=\"en-GB\">Getty Images<\/span><\/p>\n<\/div>\n<\/div>\n<div dir=\"ltr\" class=\"bbc-3edg7g e57qer20\" readability=\"6.5\"><figcaption dir=\"ltr\" class=\"bbc-1t9zlwf eede9f50\" readability=\"3\"><span class=\"bbc-1gnhmg2 e1yt7oin0\">Pie de foto, <\/span><\/p>\n<p>Karim Khan, fiscal de la Corte Penal Internacional.<\/p>\n<\/figcaption><\/div>\n<\/div>\n<\/figure>\n<\/div>\n<div dir=\"ltr\" class=\"bbc-19j92fr e57qer20\" readability=\"11\">\n<p dir=\"ltr\" class=\"bbc-bm53ic e1cc2ql70\">\u00abEl fiscal de la CPI ha concluido el examen preliminar de la situaci\u00f3n en Venezuela y ha determinado que procede abrir una investigaci\u00f3n para establecer la verdad de conformidad con el Estatuto de Roma\u00bb, reza un memorando de entendimiento firmado tanto por Khan como por el presidente Nicol\u00e1s Maduro.<\/p>\n<\/div>\n<div dir=\"ltr\" class=\"bbc-19j92fr e57qer20\" readability=\"10\">\n<p dir=\"ltr\" class=\"bbc-bm53ic e1cc2ql70\">\u00abEl fiscal ha decidido pasar a la siguiente fase. No compartimos la decisi\u00f3n, pero la respetamos\u00bb, dijo Maduro durante el acto televisado en el Palacio de Miraflores en Caracas.<\/p>\n<\/div>\n<div dir=\"ltr\" class=\"bbc-19j92fr e57qer20\" readability=\"7\">\n<p dir=\"ltr\" class=\"bbc-bm53ic e1cc2ql70\"><b>Es la primera vez que la CPI abre una investigaci\u00f3n en esta fase en Am\u00e9rica Latina.<\/b><\/p>\n<\/div>\n<div dir=\"ltr\" class=\"bbc-19j92fr e57qer20\" readability=\"8\">\n<p dir=\"ltr\" class=\"bbc-bm53ic e1cc2ql70\">La visita a Venezuela vino despu\u00e9s de otra visita que realiz\u00f3 Khan a Colombia. All\u00ed anunci\u00f3 el cierre del caso abierto hace 17 a\u00f1os por los cr\u00edmenes cometidos durante la guerra contra las FARC.<\/p>\n<\/div>\n<div dir=\"ltr\" class=\"bbc-19j92fr e57qer20\" readability=\"11\">\n<p dir=\"ltr\" class=\"bbc-bm53ic e1cc2ql70\">Invitado por Maduro, Khan dijo que el examen preliminar que se abri\u00f3 en 2018 no fue m\u00e1s que \u00abuna etapa de filtrado a medida que avanzamos hacia esta nueva etapa\u00bb, seg\u00fan rese\u00f1\u00f3 la agencia de noticias Reuters.<\/p>\n<\/div>\n<div dir=\"ltr\" class=\"bbc-19j92fr e57qer20\" readability=\"7\">\n<p dir=\"ltr\" class=\"bbc-bm53ic e1cc2ql70\">Aunque aclar\u00f3 que por ahora <b>no se ha identificado <\/b><b>a <\/b><b>ning\u00fan sospechoso.<\/b><\/p>\n<\/div>\n<div dir=\"ltr\" class=\"bbc-1ka88fa e57qer20\">\n<figure class=\"bbc-1qdcvv9 e6bmn90\">\n<div dir=\"ltr\" class=\"bbc-172p16q e57qer20\">\n<div dir=\"ltr\" class=\"bbc-189y18v e57qer20\" readability=\"6.5\">\n<div data-e2e=\"image-placeholder\" class=\"bbc-997y1y e1whu0\" readability=\"8\"><noscript><img loading=\"lazy\" srcset=\"http:\/\/nuevacordoba.net\/wp-content\/uploads\/2021\/11\/que-significa-que-venezuela-sea-el-primer-pais-de-america-latina-en-el-que-la-corte-penal-internacional-abrio-una-investigacion-formal-19.jpg 240w, http:\/\/nuevacordoba.net\/wp-content\/uploads\/2021\/11\/que-significa-que-venezuela-sea-el-primer-pais-de-america-latina-en-el-que-la-corte-penal-internacional-abrio-una-investigacion-formal-20.jpg 320w, http:\/\/nuevacordoba.net\/wp-content\/uploads\/2021\/11\/que-significa-que-venezuela-sea-el-primer-pais-de-america-latina-en-el-que-la-corte-penal-internacional-abrio-una-investigacion-formal-21.jpg 480w, http:\/\/nuevacordoba.net\/wp-content\/uploads\/2021\/11\/que-significa-que-venezuela-sea-el-primer-pais-de-america-latina-en-el-que-la-corte-penal-internacional-abrio-una-investigacion-formal-22.jpg 624w, http:\/\/nuevacordoba.net\/wp-content\/uploads\/2021\/11\/que-significa-que-venezuela-sea-el-primer-pais-de-america-latina-en-el-que-la-corte-penal-internacional-abrio-una-investigacion-formal-23.jpg 800w\" alt=\"Khan y Maduro en el Palacio de Miraflores en Caracas.\" src=\"http:\/\/nuevacordoba.net\/wp-content\/uploads\/2021\/11\/que-significa-que-venezuela-sea-el-primer-pais-de-america-latina-en-el-que-la-corte-penal-internacional-abrio-una-investigacion-formal-2.jpg\" sizes=\"(min-width: 1008px) 645px, 100vw\" width=\"976\" height=\"549\" class=\"eehpdyc0 bbc-100dhyn e1enwo3v0\"><\/noscript><\/p>\n<p role=\"text\" class=\"bbc-1s1cxbv etq3yw90\"><span class=\"bbc-1gnhmg2 e1yt7oin0\">Fuente de la imagen, <\/span><span lang=\"en-GB\">Reuters<\/span><\/p>\n<\/div>\n<\/div>\n<div dir=\"ltr\" class=\"bbc-3edg7g e57qer20\" readability=\"6\"><figcaption dir=\"ltr\" class=\"bbc-1t9zlwf eede9f50\" readability=\"2\"><span class=\"bbc-1gnhmg2 e1yt7oin0\">Pie de foto, <\/span><\/p>\n<p>Khan y Maduro en el Palacio de Miraflores en Caracas.<\/p>\n<\/figcaption><\/div>\n<\/div>\n<\/figure>\n<\/div>\n<div dir=\"ltr\" class=\"bbc-19j92fr e57qer20\" readability=\"11\">\n<p dir=\"ltr\" class=\"bbc-bm53ic e1cc2ql70\">El a\u00f1o 2017 fue escenario de cruentas protestas en las que parte de la poblaci\u00f3n venezolana sali\u00f3 a las calles asfixiada por la escasez de comida, la inflaci\u00f3n y la inseguridad, a lo que se sum\u00f3 la suspensi\u00f3n de un referendo revocatorio contra Maduro.<\/p>\n<\/div>\n<p><h2 id=\"Qu\u00e9-significa-el-cambio-de-examen-preliminar-a-investigaci\u00f3n\" tabindex=\"-1\" class=\"bbc-l3e97o e14hemmw0\">\u00bfQu\u00e9 significa el cambio de examen preliminar a investigaci\u00f3n?<\/h2>\n<\/p>\n<div dir=\"ltr\" class=\"bbc-19j92fr e57qer20\" readability=\"8\">\n<p dir=\"ltr\" class=\"bbc-bm53ic e1cc2ql70\">El cierre del examen preliminar y el inicio formal de una investigaci\u00f3n quiere decir que la CPI tiene elementos para pensar que en Venezuela se han cometido cr\u00edmenes de lesa humanidad.<\/p>\n<\/div>\n<div dir=\"ltr\" class=\"bbc-19j92fr e57qer20\" readability=\"13\">\n<p dir=\"ltr\" class=\"bbc-bm53ic e1cc2ql70\">Hasta ahora, el fiscal estaba investigando sobre los tipos de delitos cometidos, el contexto y el momento en el que se cometieron, as\u00ed como si las v\u00edctimas hab\u00edan tenido acceso a la justicia, tal como lo explica la abogada y defensora de los Derechos Humanos Liliana Ortega.<\/p>\n<\/div>\n<div dir=\"ltr\" class=\"bbc-1ka88fa e57qer20\">\n<figure class=\"bbc-1qdcvv9 e6bmn90\">\n<div dir=\"ltr\" class=\"bbc-172p16q e57qer20\">\n<div dir=\"ltr\" class=\"bbc-189y18v e57qer20\" readability=\"6.5\">\n<div data-e2e=\"image-placeholder\" class=\"bbc-997y1y e1whu0\" readability=\"8\"><noscript><img loading=\"lazy\" srcset=\"http:\/\/nuevacordoba.net\/wp-content\/uploads\/2021\/11\/que-significa-que-venezuela-sea-el-primer-pais-de-america-latina-en-el-que-la-corte-penal-internacional-abrio-una-investigacion-formal-24.jpg 240w, http:\/\/nuevacordoba.net\/wp-content\/uploads\/2021\/11\/que-significa-que-venezuela-sea-el-primer-pais-de-america-latina-en-el-que-la-corte-penal-internacional-abrio-una-investigacion-formal-25.jpg 320w, http:\/\/nuevacordoba.net\/wp-content\/uploads\/2021\/11\/que-significa-que-venezuela-sea-el-primer-pais-de-america-latina-en-el-que-la-corte-penal-internacional-abrio-una-investigacion-formal-26.jpg 480w, http:\/\/nuevacordoba.net\/wp-content\/uploads\/2021\/11\/que-significa-que-venezuela-sea-el-primer-pais-de-america-latina-en-el-que-la-corte-penal-internacional-abrio-una-investigacion-formal-27.jpg 624w, http:\/\/nuevacordoba.net\/wp-content\/uploads\/2021\/11\/que-significa-que-venezuela-sea-el-primer-pais-de-america-latina-en-el-que-la-corte-penal-internacional-abrio-una-investigacion-formal-28.jpg 800w\" alt=\"El exceso y los abusos cometidos por las fuerzas del orden fueron duramente criticados por las organizaciones de DDHH.\" src=\"http:\/\/nuevacordoba.net\/wp-content\/uploads\/2021\/11\/que-significa-que-venezuela-sea-el-primer-pais-de-america-latina-en-el-que-la-corte-penal-internacional-abrio-una-investigacion-formal-3.jpg\" sizes=\"(min-width: 1008px) 645px, 100vw\" width=\"976\" height=\"549\" class=\"eehpdyc0 bbc-100dhyn e1enwo3v0\"><\/noscript><\/p>\n<p role=\"text\" class=\"bbc-1s1cxbv etq3yw90\"><span class=\"bbc-1gnhmg2 e1yt7oin0\">Fuente de la imagen, <\/span><span lang=\"en-GB\">Getty Images<\/span><\/p>\n<\/div>\n<\/div>\n<div dir=\"ltr\" class=\"bbc-3edg7g e57qer20\" readability=\"6.5\"><figcaption dir=\"ltr\" class=\"bbc-1t9zlwf eede9f50\" readability=\"3\"><span class=\"bbc-1gnhmg2 e1yt7oin0\">Pie de foto, <\/span><\/p>\n<p>El exceso y los abusos cometidos por las fuerzas del orden fueron duramente criticados por las organizaciones de DDHH.<\/p>\n<\/figcaption><\/div>\n<\/div>\n<\/figure>\n<\/div>\n<div dir=\"ltr\" class=\"bbc-19j92fr e57qer20\" readability=\"11\">\n<p dir=\"ltr\" class=\"bbc-bm53ic e1cc2ql70\">En esta nueva fase, m\u00e1s focalizada, el fiscal comenzar\u00e1 a investigar cu\u00e1les son los casos en los que seg\u00fan \u00e9l y lo que determinen los hechos, se pudieron cometer cr\u00edmenes de lesa humanidad.<\/p>\n<\/div>\n<div dir=\"ltr\" class=\"bbc-19j92fr e57qer20\" readability=\"11\">\n<p dir=\"ltr\" class=\"bbc-bm53ic e1cc2ql70\">Seg\u00fan Rafael Uzc\u00e1tegui, coordinador general de la organizaci\u00f3n de DDHH Provea, el examen preliminar cumpli\u00f3 con una serie de fases en las que se determin\u00f3 que los cr\u00edmenes<b> no estaban siendo investigados debidamente y de forma genuina por la justicia venezolana.<\/b><\/p>\n<\/div>\n<div dir=\"ltr\" class=\"bbc-19j92fr e57qer20\" readability=\"9\">\n<p dir=\"ltr\" class=\"bbc-bm53ic e1cc2ql70\">\u00abAhora en esta fase de investigaci\u00f3n comenzar\u00edan a establecerse las responsabilidades individuales en los casos en los que la corte decida comenzar el procedimiento\u00bb, dice.<\/p>\n<\/div>\n<p><h2 id=\"Qu\u00e9-casos-ser\u00e1n-investigados\" tabindex=\"-1\" class=\"bbc-l3e97o e14hemmw0\">\u00bfQu\u00e9 casos ser\u00e1n investigados?<\/h2>\n<\/p>\n<div dir=\"ltr\" class=\"bbc-19j92fr e57qer20\" readability=\"9\">\n<p dir=\"ltr\" class=\"bbc-bm53ic e1cc2ql70\"><b>La CPI investigar\u00e1 p<\/b><b>resuntas torturas, ejecuciones extrajudiciales o desapariciones forzadas <\/b>que hayan ocurrido contra ciudadanos bajo detenci\u00f3n del Estado.<\/p>\n<\/div>\n<div dir=\"ltr\" class=\"bbc-19j92fr e57qer20\" readability=\"10\">\n<p dir=\"ltr\" class=\"bbc-bm53ic e1cc2ql70\">Ortega dice que esta etapa de investigaci\u00f3n es muy compleja porque hay que determinar la l\u00ednea de ataque, si hubo una pol\u00edtica de Estado y una sistematicidad en los cr\u00edmenes. \u00abVa m\u00e1s all\u00e1 de las violaciones de Derechos Humanos\u00bb.<\/p>\n<\/div>\n<div dir=\"ltr\" class=\"bbc-1ka88fa e57qer20\">\n<figure class=\"bbc-1qdcvv9 e6bmn90\">\n<div dir=\"ltr\" class=\"bbc-172p16q e57qer20\">\n<div dir=\"ltr\" class=\"bbc-189y18v e57qer20\" readability=\"6.5\">\n<div data-e2e=\"image-placeholder\" class=\"bbc-997y1y e1whu0\" readability=\"8\"><noscript><img loading=\"lazy\" srcset=\"http:\/\/nuevacordoba.net\/wp-content\/uploads\/2021\/11\/que-significa-que-venezuela-sea-el-primer-pais-de-america-latina-en-el-que-la-corte-penal-internacional-abrio-una-investigacion-formal-29.jpg 240w, http:\/\/nuevacordoba.net\/wp-content\/uploads\/2021\/11\/que-significa-que-venezuela-sea-el-primer-pais-de-america-latina-en-el-que-la-corte-penal-internacional-abrio-una-investigacion-formal-30.jpg 320w, http:\/\/nuevacordoba.net\/wp-content\/uploads\/2021\/11\/que-significa-que-venezuela-sea-el-primer-pais-de-america-latina-en-el-que-la-corte-penal-internacional-abrio-una-investigacion-formal-31.jpg 480w, http:\/\/nuevacordoba.net\/wp-content\/uploads\/2021\/11\/que-significa-que-venezuela-sea-el-primer-pais-de-america-latina-en-el-que-la-corte-penal-internacional-abrio-una-investigacion-formal-32.jpg 624w, http:\/\/nuevacordoba.net\/wp-content\/uploads\/2021\/11\/que-significa-que-venezuela-sea-el-primer-pais-de-america-latina-en-el-que-la-corte-penal-internacional-abrio-una-investigacion-formal-33.jpg 800w\" alt=\"Venezuela\" src=\"http:\/\/nuevacordoba.net\/wp-content\/uploads\/2021\/11\/que-significa-que-venezuela-sea-el-primer-pais-de-america-latina-en-el-que-la-corte-penal-internacional-abrio-una-investigacion-formal-4.jpg\" sizes=\"(min-width: 1008px) 645px, 100vw\" width=\"976\" height=\"549\" class=\"eehpdyc0 bbc-100dhyn e1enwo3v0\"><\/noscript><\/p>\n<p role=\"text\" class=\"bbc-1s1cxbv etq3yw90\"><span class=\"bbc-1gnhmg2 e1yt7oin0\">Fuente de la imagen, <\/span><span lang=\"en-GB\">Getty Images<\/span><\/p>\n<\/div>\n<\/div>\n<\/div>\n<\/figure>\n<\/div>\n<div dir=\"ltr\" class=\"bbc-19j92fr e57qer20\" readability=\"10\">\n<p dir=\"ltr\" class=\"bbc-bm53ic e1cc2ql70\">Ortega indica que la decisi\u00f3n de abrir una investigaci\u00f3n formal tiene aspectos muy positivos para las v\u00edctimas y sus familiares; pero tambi\u00e9n otros muy delicados por la posible revictimizaci\u00f3n. Es por eso que considera delicado dar informaci\u00f3n sobre los casos espec\u00edficos que la CPI podr\u00eda investigar.<\/p>\n<\/div>\n<div dir=\"ltr\" class=\"bbc-19j92fr e57qer20\" readability=\"8\">\n<p dir=\"ltr\" class=\"bbc-bm53ic e1cc2ql70\">No todos los casos de presuntos cr\u00edmenes llegan a la justicia internacional. Tiene que haber suficiente pruebas para que el fiscal haga una radiograf\u00eda.<\/p>\n<\/div>\n<p><h2 id=\"Qu\u00e9-opciones-tiene-Maduro\" tabindex=\"-1\" class=\"bbc-l3e97o e14hemmw0\">\u00bfQu\u00e9 opciones tiene Maduro?<\/h2>\n<\/p>\n<div dir=\"ltr\" class=\"bbc-19j92fr e57qer20\" readability=\"8\">\n<p dir=\"ltr\" class=\"bbc-bm53ic e1cc2ql70\">El anunci\u00f3 del fiscal Khan fue tomado por algunos medios como un posible paso m\u00e1s para juzgar a Maduro y otros responsables del gobierno venezolano en un tribunal internacional.<\/p>\n<\/div>\n<div dir=\"ltr\" class=\"bbc-19j92fr e57qer20\" readability=\"7\">\n<p dir=\"ltr\" class=\"bbc-bm53ic e1cc2ql70\">Pero por ahora eso est\u00e1 descartado.<\/p>\n<\/div>\n<div dir=\"ltr\" class=\"bbc-19j92fr e57qer20\" readability=\"8\">\n<p dir=\"ltr\" class=\"bbc-bm53ic e1cc2ql70\">El fiscal fue enf\u00e1tico al decir que lo que se est\u00e1 iniciando es una investigaci\u00f3n y que por ahora no hay individuos se\u00f1alados.<\/p>\n<\/div>\n<div dir=\"ltr\" class=\"bbc-1ka88fa e57qer20\">\n<figure class=\"bbc-1qdcvv9 e6bmn90\">\n<div dir=\"ltr\" class=\"bbc-172p16q e57qer20\">\n<div dir=\"ltr\" class=\"bbc-189y18v e57qer20\" readability=\"6.5\">\n<div data-e2e=\"image-placeholder\" class=\"bbc-997y1y e1whu0\" readability=\"8\"><noscript><img loading=\"lazy\" srcset=\"http:\/\/nuevacordoba.net\/wp-content\/uploads\/2021\/11\/que-significa-que-venezuela-sea-el-primer-pais-de-america-latina-en-el-que-la-corte-penal-internacional-abrio-una-investigacion-formal-34.jpg 240w, http:\/\/nuevacordoba.net\/wp-content\/uploads\/2021\/11\/que-significa-que-venezuela-sea-el-primer-pais-de-america-latina-en-el-que-la-corte-penal-internacional-abrio-una-investigacion-formal-35.jpg 320w, http:\/\/nuevacordoba.net\/wp-content\/uploads\/2021\/11\/que-significa-que-venezuela-sea-el-primer-pais-de-america-latina-en-el-que-la-corte-penal-internacional-abrio-una-investigacion-formal-36.jpg 480w, http:\/\/nuevacordoba.net\/wp-content\/uploads\/2021\/11\/que-significa-que-venezuela-sea-el-primer-pais-de-america-latina-en-el-que-la-corte-penal-internacional-abrio-una-investigacion-formal-37.jpg 624w, http:\/\/nuevacordoba.net\/wp-content\/uploads\/2021\/11\/que-significa-que-venezuela-sea-el-primer-pais-de-america-latina-en-el-que-la-corte-penal-internacional-abrio-una-investigacion-formal-38.jpg 800w\" alt=\"Maduro dijo aceptar la decisi\u00f3n de Khan, pero que no la compart\u00eda.\" src=\"http:\/\/nuevacordoba.net\/wp-content\/uploads\/2021\/11\/que-significa-que-venezuela-sea-el-primer-pais-de-america-latina-en-el-que-la-corte-penal-internacional-abrio-una-investigacion-formal-5.jpg\" sizes=\"(min-width: 1008px) 645px, 100vw\" width=\"976\" height=\"549\" class=\"eehpdyc0 bbc-100dhyn e1enwo3v0\"><\/noscript><\/p>\n<p role=\"text\" class=\"bbc-1s1cxbv etq3yw90\"><span class=\"bbc-1gnhmg2 e1yt7oin0\">Fuente de la imagen, <\/span><span lang=\"en-GB\">Getty Images<\/span><\/p>\n<\/div>\n<\/div>\n<div dir=\"ltr\" class=\"bbc-3edg7g e57qer20\" readability=\"6.5\"><figcaption dir=\"ltr\" class=\"bbc-1t9zlwf eede9f50\" readability=\"3\"><span class=\"bbc-1gnhmg2 e1yt7oin0\">Pie de foto, <\/span><\/p>\n<p>Maduro dijo aceptar la decisi\u00f3n de Khan, pero que no la compart\u00eda.<\/p>\n<\/figcaption><\/div>\n<\/div>\n<\/figure>\n<\/div>\n<div dir=\"ltr\" class=\"bbc-19j92fr e57qer20\" readability=\"11\">\n<p dir=\"ltr\" class=\"bbc-bm53ic e1cc2ql70\">Seg\u00fan Uzc\u00e1tegui, esta nueva fase de investigaci\u00f3n abre una ventana, no solo a las v\u00edctimas de estos presuntos cr\u00edmenes, sino tambi\u00e9n al propio gobierno.<\/p>\n<\/div>\n<div dir=\"ltr\" class=\"bbc-19j92fr e57qer20\" readability=\"9\">\n<p dir=\"ltr\" class=\"bbc-bm53ic e1cc2ql70\">Y es que Venezuela ratific\u00f3 el <b>Estatuto de Roma<\/b><b> que dio lugar al nacimiento de la CPI,<\/b> por lo que debe cooperar con la investigaci\u00f3n.<\/p>\n<\/div>\n<div dir=\"ltr\" class=\"bbc-19j92fr e57qer20\" readability=\"10\">\n<p dir=\"ltr\" class=\"bbc-bm53ic e1cc2ql70\">Al mismo tiempo, seg\u00fan el memorando firmado por Khan y Maduro, la investigaci\u00f3n se llevar\u00e1 a cabo seg\u00fan el principio de complementariedad. <\/p>\n<\/div>\n<div dir=\"ltr\" class=\"bbc-19j92fr e57qer20\" readability=\"8\">\n<p dir=\"ltr\" class=\"bbc-bm53ic e1cc2ql70\">Esto quiere decir que la CPI podr\u00e1 culminar la investigaci\u00f3n <b>si determina que las instituciones venezolanas cooperan de manera genuina y eficaz <\/b>para que se haga justicia.<\/p>\n<\/div>\n<p><h2 id=\"Cu\u00e1l-ha-sido-la-respuesta-del-gobierno-venezolano\" tabindex=\"-1\" class=\"bbc-l3e97o e14hemmw0\">\u00bfCu\u00e1l ha sido la respuesta del gobierno venezolano?<\/h2>\n<\/p>\n<div dir=\"ltr\" class=\"bbc-19j92fr e57qer20\" readability=\"12\">\n<p dir=\"ltr\" class=\"bbc-bm53ic e1cc2ql70\">Solo un d\u00eda despu\u00e9s del anuncio de Khan sobre el inicio de una investigaci\u00f3n, el fiscal de Venezuela, Tarek William Saab, declar\u00f3 ante los medios de comunicaci\u00f3n que el cierre del examen preliminar y la investigaci\u00f3n que se llevar\u00e1 a cabo \u00abno cumplen con los requisitos del Estatuto de Roma\u00bb.<\/p>\n<\/div>\n<div dir=\"ltr\" class=\"bbc-19j92fr e57qer20\" readability=\"9\">\n<p dir=\"ltr\" class=\"bbc-bm53ic e1cc2ql70\">Saab record\u00f3 que Venezuela<b> entreg\u00f3 a la CPI<\/b><b> <\/b><b>ocho informes que compilan m\u00e1s de 3.000 p\u00e1ginas de informaci\u00f3n<\/b> sobre las causas adelantadas por el pa\u00eds para individualizar y procesar a responsables de violaciones a los DDHH.<\/p>\n<\/div>\n<div dir=\"ltr\" class=\"bbc-1ka88fa e57qer20\">\n<figure class=\"bbc-1qdcvv9 e6bmn90\">\n<div dir=\"ltr\" class=\"bbc-172p16q e57qer20\">\n<div dir=\"ltr\" class=\"bbc-189y18v e57qer20\" readability=\"6.5\">\n<div data-e2e=\"image-placeholder\" class=\"bbc-997y1y e1whu0\" readability=\"8\"><noscript><img loading=\"lazy\" srcset=\"http:\/\/nuevacordoba.net\/wp-content\/uploads\/2021\/11\/que-significa-que-venezuela-sea-el-primer-pais-de-america-latina-en-el-que-la-corte-penal-internacional-abrio-una-investigacion-formal-39.jpg 240w, http:\/\/nuevacordoba.net\/wp-content\/uploads\/2021\/11\/que-significa-que-venezuela-sea-el-primer-pais-de-america-latina-en-el-que-la-corte-penal-internacional-abrio-una-investigacion-formal-40.jpg 320w, http:\/\/nuevacordoba.net\/wp-content\/uploads\/2021\/11\/que-significa-que-venezuela-sea-el-primer-pais-de-america-latina-en-el-que-la-corte-penal-internacional-abrio-una-investigacion-formal-41.jpg 480w, http:\/\/nuevacordoba.net\/wp-content\/uploads\/2021\/11\/que-significa-que-venezuela-sea-el-primer-pais-de-america-latina-en-el-que-la-corte-penal-internacional-abrio-una-investigacion-formal-42.jpg 624w, http:\/\/nuevacordoba.net\/wp-content\/uploads\/2021\/11\/que-significa-que-venezuela-sea-el-primer-pais-de-america-latina-en-el-que-la-corte-penal-internacional-abrio-una-investigacion-formal-43.jpg 800w\" alt=\"Tarek William Saab, fiscal general de Venezuela.\" src=\"http:\/\/nuevacordoba.net\/wp-content\/uploads\/2021\/11\/que-significa-que-venezuela-sea-el-primer-pais-de-america-latina-en-el-que-la-corte-penal-internacional-abrio-una-investigacion-formal-6.jpg\" sizes=\"(min-width: 1008px) 645px, 100vw\" width=\"976\" height=\"549\" class=\"eehpdyc0 bbc-100dhyn e1enwo3v0\"><\/noscript><\/p>\n<p role=\"text\" class=\"bbc-1s1cxbv etq3yw90\"><span class=\"bbc-1gnhmg2 e1yt7oin0\">Fuente de la imagen, <\/span><span lang=\"en-GB\">Getty Images<\/span><\/p>\n<\/div>\n<\/div>\n<div dir=\"ltr\" class=\"bbc-3edg7g e57qer20\" readability=\"6.5\"><figcaption dir=\"ltr\" class=\"bbc-1t9zlwf eede9f50\" readability=\"3\"><span class=\"bbc-1gnhmg2 e1yt7oin0\">Pie de foto, <\/span><\/p>\n<p>Tarek William Saab, fiscal general de Venezuela.<\/p>\n<\/figcaption><\/div>\n<\/div>\n<\/figure>\n<\/div>\n<div dir=\"ltr\" class=\"bbc-19j92fr e57qer20\" readability=\"12\">\n<p dir=\"ltr\" class=\"bbc-bm53ic e1cc2ql70\">Saab se refiere a que el 13 de febrero de 2020, el gobierno de Maduro pidi\u00f3 a la CPI que investigase los presuntos cr\u00edmenes de lesa humanidad \u00abcomo resultado de la aplicaci\u00f3n de medidas coercitivas ilegales adoptadas unilateralmente por el gobierno de Estados Unidos de Am\u00e9rica contra Venezuela, al menos desde el a\u00f1o 2014\u00bb.<\/p>\n<\/div>\n<div dir=\"ltr\" class=\"bbc-19j92fr e57qer20\" readability=\"10\">\n<p dir=\"ltr\" class=\"bbc-bm53ic e1cc2ql70\">Sin embargo, Saab le reiter\u00f3 a Khan que Venezuela le abre las puertas a la investigaci\u00f3n de la CPI, y destac\u00f3 que la cooperaci\u00f3n debe ser real.<\/p>\n<\/div>\n<div dir=\"ltr\" class=\"bbc-19j92fr e57qer20\" readability=\"12\">\n<p dir=\"ltr\" class=\"bbc-bm53ic e1cc2ql70\">En septiembre del a\u00f1o pasado, un informe de la Misi\u00f3n de Determinaci\u00f3n de los Hechos en Venezuela, creada por el Consejo de Derechos Humanos de la ONU, tambi\u00e9n vincul\u00f3 al gobierno Venezuela con supuestos cr\u00edmenes.<\/p>\n<\/div>\n<div dir=\"ltr\" class=\"bbc-19j92fr e57qer20\" readability=\"10\">\n<p dir=\"ltr\" class=\"bbc-bm53ic e1cc2ql70\">\u00abLa misi\u00f3n tiene bases razonables para creer que tanto el presidente como los ministros del Interior y de Defensa contribuyeron a la comisi\u00f3n de los cr\u00edmenes documentados en este informe\u00bb, concluy\u00f3 la investigaci\u00f3n.<\/p>\n<\/div>\n<div dir=\"ltr\" class=\"bbc-19j92fr e57qer20\" readability=\"8\">\n<p dir=\"ltr\" class=\"bbc-bm53ic e1cc2ql70\">En ese momento, Venezuela tambi\u00e9n rechaz\u00f3 el informe.<\/p>\n<\/div>\n<p><h2 id=\"Por-qu\u00e9-es-una-decisi\u00f3n-hist\u00f3rica\" tabindex=\"-1\" class=\"bbc-l3e97o e14hemmw0\">\u00bfPor qu\u00e9 es una decisi\u00f3n hist\u00f3rica?<\/h2>\n<\/p>\n<div dir=\"ltr\" class=\"bbc-1ka88fa e57qer20\">\n<figure class=\"bbc-1qdcvv9 e6bmn90\">\n<div dir=\"ltr\" class=\"bbc-172p16q e57qer20\">\n<div dir=\"ltr\" class=\"bbc-189y18v e57qer20\" readability=\"6.5\">\n<div data-e2e=\"image-placeholder\" class=\"bbc-997y1y e1whu0\" readability=\"8\"><noscript><img loading=\"lazy\" srcset=\"http:\/\/nuevacordoba.net\/wp-content\/uploads\/2021\/11\/que-significa-que-venezuela-sea-el-primer-pais-de-america-latina-en-el-que-la-corte-penal-internacional-abrio-una-investigacion-formal-44.jpg 240w, http:\/\/nuevacordoba.net\/wp-content\/uploads\/2021\/11\/que-significa-que-venezuela-sea-el-primer-pais-de-america-latina-en-el-que-la-corte-penal-internacional-abrio-una-investigacion-formal-45.jpg 320w, http:\/\/nuevacordoba.net\/wp-content\/uploads\/2021\/11\/que-significa-que-venezuela-sea-el-primer-pais-de-america-latina-en-el-que-la-corte-penal-internacional-abrio-una-investigacion-formal-46.jpg 480w, http:\/\/nuevacordoba.net\/wp-content\/uploads\/2021\/11\/que-significa-que-venezuela-sea-el-primer-pais-de-america-latina-en-el-que-la-corte-penal-internacional-abrio-una-investigacion-formal-47.jpg 624w, http:\/\/nuevacordoba.net\/wp-content\/uploads\/2021\/11\/que-significa-que-venezuela-sea-el-primer-pais-de-america-latina-en-el-que-la-corte-penal-internacional-abrio-una-investigacion-formal-48.jpg 800w\" alt=\"Protesta.\" src=\"http:\/\/nuevacordoba.net\/wp-content\/uploads\/2021\/11\/que-significa-que-venezuela-sea-el-primer-pais-de-america-latina-en-el-que-la-corte-penal-internacional-abrio-una-investigacion-formal-7.jpg\" sizes=\"(min-width: 1008px) 645px, 100vw\" width=\"976\" height=\"549\" class=\"eehpdyc0 bbc-100dhyn e1enwo3v0\"><\/noscript><\/p>\n<p role=\"text\" class=\"bbc-1s1cxbv etq3yw90\"><span class=\"bbc-1gnhmg2 e1yt7oin0\">Fuente de la imagen, <\/span><span lang=\"en-GB\">Getty Images<\/span><\/p>\n<\/div>\n<\/div>\n<\/div>\n<\/figure>\n<\/div>\n<div dir=\"ltr\" class=\"bbc-19j92fr e57qer20\" readability=\"8\">\n<p dir=\"ltr\" class=\"bbc-bm53ic e1cc2ql70\">La apertura de una investigaci\u00f3n formal en Venezuela por parte de la CPI es la primera que se realiza en Am\u00e9rica Latina y ha sido considerada hist\u00f3rica por defensores de DDHH.<\/p>\n<\/div>\n<div dir=\"ltr\" class=\"bbc-19j92fr e57qer20\" readability=\"9\">\n<p dir=\"ltr\" class=\"bbc-bm53ic e1cc2ql70\">Y no solo porque indica que en Venezuela se pudieron haber cometido cr\u00edmenes \u00abque no fueron debidamente investigados\u00bb por la justicia del pa\u00eds, seg\u00fan dice Uzc\u00e1tegui.<\/p>\n<\/div>\n<div dir=\"ltr\" class=\"bbc-19j92fr e57qer20\" readability=\"7\">\n<p dir=\"ltr\" class=\"bbc-bm53ic e1cc2ql70\">\u00abCreo que tambi\u00e9n es un golpe muy importate a la imagen internacional del gobierno bolivariano\u00bb.<\/p>\n<\/div>\n<div dir=\"ltr\" class=\"bbc-19j92fr e57qer20\" readability=\"9\">\n<p dir=\"ltr\" class=\"bbc-bm53ic e1cc2ql70\">Uzc\u00e1tegui cree que esta primera investigaci\u00f3n en Am\u00e9rica Latina<b> generar\u00e1 un contagio para el resto de los pa\u00edses de la regi\u00f3n <\/b>y puede evitar \u00abque las violaciones de derechos humanos lleguen a estos niveles de gravedad\u00bb.<\/p>\n<\/div>\n<div dir=\"ltr\" class=\"bbc-19j92fr e57qer20\" readability=\"9\">\n<p dir=\"ltr\" class=\"bbc-bm53ic e1cc2ql70\">Sin embargo, Ortega recuerda que esta investigaci\u00f3n ser\u00e1 un solo paso m\u00e1s dentro de la justicia internacional.<\/p>\n<\/div>\n<div dir=\"ltr\" class=\"bbc-19j92fr e57qer20\" readability=\"8\">\n<p dir=\"ltr\" class=\"bbc-bm53ic e1cc2ql70\">\u00abAhora queda un camino por recorrer y entender. Y con en base en eso lo hay que seguir haciendo es acompa\u00f1ar a las v\u00edctimas\u00bb.<\/p>\n<\/div>\n<div dir=\"ltr\" class=\"bbc-1ka88fa e57qer20\">\n<figure class=\"bbc-1qdcvv9 e6bmn90\">\n<div dir=\"ltr\" class=\"bbc-172p16q e57qer20\">\n<div dir=\"ltr\" class=\"bbc-189y18v e57qer20\">\n<div data-e2e=\"image-placeholder\" class=\"bbc-997y1y e1whu0\"><noscript><img loading=\"lazy\" srcset=\"http:\/\/nuevacordoba.net\/wp-content\/uploads\/2021\/11\/que-significa-que-venezuela-sea-el-primer-pais-de-america-latina-en-el-que-la-corte-penal-internacional-abrio-una-investigacion-formal-49.jpg 240w, http:\/\/nuevacordoba.net\/wp-content\/uploads\/2021\/11\/que-significa-que-venezuela-sea-el-primer-pais-de-america-latina-en-el-que-la-corte-penal-internacional-abrio-una-investigacion-formal-50.jpg 320w, http:\/\/nuevacordoba.net\/wp-content\/uploads\/2021\/11\/que-significa-que-venezuela-sea-el-primer-pais-de-america-latina-en-el-que-la-corte-penal-internacional-abrio-una-investigacion-formal-51.jpg 464w\" alt=\"L\u00ednea\" src=\"http:\/\/nuevacordoba.net\/wp-content\/uploads\/2021\/11\/que-significa-que-venezuela-sea-el-primer-pais-de-america-latina-en-el-que-la-corte-penal-internacional-abrio-una-investigacion-formal-8.jpg\" sizes=\"(min-width: 1008px) 645px, 100vw\" width=\"464\" height=\"2\" class=\"eehpdyc0 bbc-100dhyn e1enwo3v0\"><\/noscript><\/div>\n<\/div>\n<\/div>\n<\/figure>\n<\/div>\n<div dir=\"ltr\" class=\"bbc-19j92fr e57qer20\" readability=\"8\">\n<p dir=\"ltr\" class=\"bbc-bm53ic e1cc2ql70\"><i class=\"bbc-h1y5j7 ewc4zcb0\">Ahora puedes recibir notificaciones de BBC News Mundo. Descarga la nueva versi\u00f3n de nuestra app y act\u00edvalas para no perderte nuestro mejor contenido.<\/i><\/p>\n<\/div>\n","protected":false},"excerpt":{"rendered":"<p>Redacci\u00f3n BBC News Mundo 6 horas Fuente de la imagen, Getty Images Pie de foto, La Corte Penal Internacional tiene motivos para creer que en Venezuela se cometieron cr\u00edmenes de lesa humanidad. El 3 de noviembre de 2021 quedar\u00e1 como una fecha clave para Venezuela. Despu\u00e9s de tres d\u00edas de visita en el pa\u00eds sudamericano, [&hellip;]<\/p>\n","protected":false},"author":1,"featured_media":11996,"comment_status":"closed","ping_status":"closed","sticky":false,"template":"","format":"standard","meta":[],"categories":[13],"tags":[],"_links":{"self":[{"href":"http:\/\/nuevacordoba.net\/index.php\/wp-json\/wp\/v2\/posts\/11995"}],"collection":[{"href":"http:\/\/nuevacordoba.net\/index.php\/wp-json\/wp\/v2\/posts"}],"about":[{"href":"http:\/\/nuevacordoba.net\/index.php\/wp-json\/wp\/v2\/types\/post"}],"author":[{"embeddable":true,"href":"http:\/\/nuevacordoba.net\/index.php\/wp-json\/wp\/v2\/users\/1"}],"replies":[{"embeddable":true,"href":"http:\/\/nuevacordoba.net\/index.php\/wp-json\/wp\/v2\/comments?post=11995"}],"version-history":[{"count":0,"href":"http:\/\/nuevacordoba.net\/index.php\/wp-json\/wp\/v2\/posts\/11995\/revisions"}],"wp:featuredmedia":[{"embeddable":true,"href":"http:\/\/nuevacordoba.net\/index.php\/wp-json\/wp\/v2\/media\/11996"}],"wp:attachment":[{"href":"http:\/\/nuevacordoba.net\/index.php\/wp-json\/wp\/v2\/media?parent=11995"}],"wp:term":[{"taxonomy":"category","embeddable":true,"href":"http:\/\/nuevacordoba.net\/index.php\/wp-json\/wp\/v2\/categories?post=11995"},{"taxonomy":"post_tag","embeddable":true,"href":"http:\/\/nuevacordoba.net\/index.php\/wp-json\/wp\/v2\/tags?post=11995"}],"curies":[{"name":"wp","href":"https:\/\/api.w.org\/{rel}","templated":true}]}}