{"id":11999,"date":"2021-11-04T23:21:08","date_gmt":"2021-11-04T23:21:08","guid":{"rendered":"https:\/\/prensa.cba.gov.ar\/?p=474849"},"modified":"2021-11-04T23:21:08","modified_gmt":"2021-11-04T23:21:08","slug":"la-escuela-de-abogados-del-estado-capacito-sobre-blockchain-e-inteligencia-artificial","status":"publish","type":"post","link":"http:\/\/nuevacordoba.net\/index.php\/2021\/11\/04\/la-escuela-de-abogados-del-estado-capacito-sobre-blockchain-e-inteligencia-artificial\/","title":{"rendered":"La Escuela de Abogados del Estado capacit\u00f3 sobre Blockchain e Inteligencia Artificial"},"content":{"rendered":"<div><img src=\"http:\/\/nuevacordoba.net\/wp-content\/uploads\/2021\/11\/la-escuela-de-abogados-del-estado-capacito-sobre-blockchain-e-inteligencia-artificial.jpg\" class=\"ff-og-image-inserted\"><\/div>\n<ul>\n<li><strong>La conferencia virtual trat\u00f3 sobre los avances tecnol\u00f3gicos, y las habilidades y destrezas que se requieren en el campo de las LegalTech.<\/strong><\/li>\n<li><strong>El encuentro cont\u00f3 con la presencia del Fiscal de Estado de la Provincia, Jorge C\u00f3rdoba.<\/strong><\/li>\n<li><strong>El temario tendr\u00e1 continuidad el pr\u00f3ximo viernes 12 de noviembre.<\/strong><\/li>\n<\/ul>\n<p>La Escuela de Abogados del Estado concret\u00f3 este jueves la capacitaci\u00f3n virtual sobre <strong>Avances Tecnol\u00f3gicos: \u201cBlockchain \u2013 Inteligencia Artificial\u201d<\/strong>.<\/p>\n<p>La conferencia se llev\u00f3 a cabo a trav\u00e9s de las plataformas Zoom y YouTube (en vivo), y estuvo a cargo del director de la Sala de Blockchain e Inteligencia Artificial (UCC), <strong>Jorge Villalba<\/strong>; y el abogado especialista en Mercado de Capitales, <strong>Fabrizio Bertini.<\/strong><\/p>\n<p>La actividad estuvo destinada a abogados de la administraci\u00f3n p\u00fablica provincial, la administraci\u00f3n descentralizada, municipios y otros poderes del Estado, como as\u00ed tambi\u00e9n al p\u00fablico en general.<\/p>\n<p>La jornada permiti\u00f3 acreditar horas, seg\u00fan resoluci\u00f3n de la Secretar\u00eda General de la Gobernaci\u00f3n.<\/p>\n<figure class=\"wp-block-gallery columns-3 is-cropped\"><\/figure>\n<h3><strong>Capacitaci\u00f3n en tecnolog\u00eda<\/strong><\/h3>\n<p>Durante la conferencia, los disertantes abordaron diversos conceptos relacionados a los <strong>avances tecnol\u00f3gicos, Blockchain e Inteligencia Artificial.<\/strong><\/p>\n<p>El abogado especialista en Mercado de Capitales, <strong>Fabrizio Bertini, <\/strong>destac\u00f3 que estos temas han despertado inter\u00e9s en la sociedad: \u201c<em>Es necesario conocerlos a trav\u00e9s de la investigaci\u00f3n, y para ello hay que entender la ciencia de los datos y la era de la informaci\u00f3n<\/em>\u201d.<\/p>\n<p>Por su parte, el director de la Sala de Blockchain e Inteligencia Artificial (UCC), <strong>Jorge Villalba,<\/strong> resalt\u00f3 la importancia de abordar las nuevas tecnolog\u00edas y los aspectos subyacentes desde un enfoque multidisciplinario. Y agreg\u00f3: \u201c<em>La agenda de transformaci\u00f3n digital es una agenda necesaria y obligatoria. Esta tecnolog\u00eda, de la mano de la ciencia jur\u00eddica, comienza a delinear una sociedad global en la que es necesario tener conocimiento de sus t\u00e9cnicas, habilidades y destrezas para poder funcionar en este contexto.<\/em>\u201d<\/p>\n<p>Al finalizar el encuentro, la coordinadora acad\u00e9mica de la Escuela de Abogados del Estado, Mariana Boschetto, adelant\u00f3 que e<strong>sta capacitaci\u00f3n tendr\u00e1 continuidad el pr\u00f3ximo viernes 12 de noviembre<\/strong> con el profesor y abogado especialista en Inteligencia Artificial y Derecho, Carlos Felipe Amun\u00e1tegui Prello.<\/p>\n<p> <iframe loading=\"lazy\" src=\"https:\/\/www.youtube.com\/embed\/awlFFUW4EiA\" title=\"YouTube video player\" allow=\"accelerometer; autoplay; clipboard-write; encrypted-media; gyroscope; picture-in-picture\" allowfullscreen width=\"1069\" height=\"600\" frameborder=\"0\">[embedded content]<\/iframe> <\/p>\n","protected":false},"excerpt":{"rendered":"<p>La conferencia virtual trat\u00f3 sobre los avances tecnol\u00f3gicos, y las habilidades y destrezas que se requieren en el campo de las LegalTech. El encuentro cont\u00f3 con la presencia del Fiscal de Estado de la Provincia, Jorge C\u00f3rdoba. El temario tendr\u00e1 continuidad el pr\u00f3ximo viernes 12 de noviembre. La Escuela de Abogados del Estado concret\u00f3 este [&hellip;]<\/p>\n","protected":false},"author":1,"featured_media":12000,"comment_status":"closed","ping_status":"closed","sticky":false,"template":"","format":"standard","meta":[],"categories":[14],"tags":[],"_links":{"self":[{"href":"http:\/\/nuevacordoba.net\/index.php\/wp-json\/wp\/v2\/posts\/11999"}],"collection":[{"href":"http:\/\/nuevacordoba.net\/index.php\/wp-json\/wp\/v2\/posts"}],"about":[{"href":"http:\/\/nuevacordoba.net\/index.php\/wp-json\/wp\/v2\/types\/post"}],"author":[{"embeddable":true,"href":"http:\/\/nuevacordoba.net\/index.php\/wp-json\/wp\/v2\/users\/1"}],"replies":[{"embeddable":true,"href":"http:\/\/nuevacordoba.net\/index.php\/wp-json\/wp\/v2\/comments?post=11999"}],"version-history":[{"count":0,"href":"http:\/\/nuevacordoba.net\/index.php\/wp-json\/wp\/v2\/posts\/11999\/revisions"}],"wp:featuredmedia":[{"embeddable":true,"href":"http:\/\/nuevacordoba.net\/index.php\/wp-json\/wp\/v2\/media\/12000"}],"wp:attachment":[{"href":"http:\/\/nuevacordoba.net\/index.php\/wp-json\/wp\/v2\/media?parent=11999"}],"wp:term":[{"taxonomy":"category","embeddable":true,"href":"http:\/\/nuevacordoba.net\/index.php\/wp-json\/wp\/v2\/categories?post=11999"},{"taxonomy":"post_tag","embeddable":true,"href":"http:\/\/nuevacordoba.net\/index.php\/wp-json\/wp\/v2\/tags?post=11999"}],"curies":[{"name":"wp","href":"https:\/\/api.w.org\/{rel}","templated":true}]}}