{"id":1202,"date":"2021-02-19T19:26:30","date_gmt":"2021-02-19T19:26:30","guid":{"rendered":"http:\/\/nuevacordoba.net\/index.php\/2021\/02\/19\/las-10-claves-del-consejo-economico-y-social-lanzado-por-alberto-fernandez\/"},"modified":"2021-02-19T19:26:30","modified_gmt":"2021-02-19T19:26:30","slug":"las-10-claves-del-consejo-economico-y-social-lanzado-por-alberto-fernandez","status":"publish","type":"post","link":"http:\/\/nuevacordoba.net\/index.php\/2021\/02\/19\/las-10-claves-del-consejo-economico-y-social-lanzado-por-alberto-fernandez\/","title":{"rendered":"Las 10 claves del Consejo Econ\u00f3mico y Social lanzado por Alberto Fern\u00e1ndez"},"content":{"rendered":"<div><img src=\"http:\/\/nuevacordoba.net\/wp-content\/uploads\/2021\/02\/las-10-claves-del-consejo-economico-y-social-lanzado-por-alberto-fernandez.jpg\" class=\"ff-og-image-inserted\"><\/div>\n<p>El <a href=\"https:\/\/www.lavoz.com.ar\/temas\/consejo-economico-y-social\" target=\"_blank\" rel=\"noopener\">Consejo Econ\u00f3mico y Social<\/a> que lanz\u00f3 este viernes el Gobierno nacional est\u00e1 integrado por los m\u00e1ximos dirigentes de las centrales sindicales, H\u00e9ctor Daer y Hugo Yasky; empresarios como Jos\u00e9 Martins, Marcelo Fern\u00e1ndez, Carlos Achetoni, Iv\u00e1n Szech y Sergio Kaufman; como as\u00ed tambi\u00e9n por Esteban Castro por la UTEP y el rector de la Universidad de Buenos Aires, Alberto Barbieri.<\/p>\n<p>El Consejo fue presentado por el presidente Alberto Fern\u00e1ndez para dise\u00f1ar pol\u00edticas de Estado a largo plazo y funcionar\u00e1 bajo la presidencia del secretario de Asuntos Estrat\u00e9gicos, <a href=\"https:\/\/www.lavoz.com.ar\/personas\/gustavo-beliz\" target=\"_blank\" rel=\"noopener\">Gustavo B\u00e9liz<\/a>, con 30 integrantes provenientes del \u00e1rea sindical, social, empresaria y de las ciencias sociales y la investigaci\u00f3n.<\/p><figcaption class=\"title is-margin-t is-font-small is-font-sans-serif\">Buenos Aires. Se present\u00f3 el Consejo Econ\u00f3mico y Social (Federico L\u00f3pez Claro).<\/figcaption><div class=\"block-ad-node\">\n<div>\n<p> <span>Publicidad<\/span> <\/p>\n<\/div>\n<\/div>\n<p>A continuaci\u00f3n, 10 claves para cumplir su objetivo de un abordaje de pol\u00edticas de Estado a largo plazo, seg\u00fan un informe elaborado por Presidencia de la Naci\u00f3n.<\/p>\n<ul>\n<li><strong>Primero los \u00faltimos:<\/strong> cualquiera sea el tema en tratamiento, el enfoque prioriza la integraci\u00f3n de los m\u00e1s pobres y excluidos.<\/li>\n<li><strong>El bien com\u00fan:<\/strong> se representa a un sector para incorporar valor desde all\u00ed a proyectos compartidos integradores y superadores, no para pujar por ventajas individuales.<\/li>\n<li><strong>Foco en el futuro:<\/strong> proyectos y soluciones creativas que nos unan por sobre las diferencias leg\u00edtimas en ideolog\u00edas, intereses o visiones sobre el pasado.<\/li>\n<li><strong>De lo simple a lo complejo:<\/strong> hacia las grandes metas, por peque\u00f1os pasos, no dejando para despu\u00e9s lo que se puede resolver hoy.<\/li>\n<li><strong>Confianza:<\/strong> no s\u00f3lo importa el impacto de los proyectos, sino tambi\u00e9n c\u00f3mo crecen los lazos de pertenencia, la colaboraci\u00f3n y el aprendizaje en la acci\u00f3n.&nbsp;<\/li>\n<li><strong>Subsidiariedad<\/strong>, respetando a las instituciones existentes y sus \u00e1mbitos de actuaci\u00f3n: el CES no sustituye a ministerios ni a actores sociales, sino que los potencia.<\/li>\n<li><strong>Resultados:<\/strong> proyectos t\u00e9cnicamente s\u00f3lidos, innovadores, estrat\u00e9gicos y medibles, con financiamiento y victorias tempranas que los consoliden.&nbsp;<\/li>\n<li><strong>Enfoque sin\u00e9rgico y contrac\u00edclico:<\/strong> las misiones no son compartimentos estancos, se retroalimentan entre s\u00ed y buscan una visi\u00f3n compartida de largo plazo.<\/li>\n<li><strong>Diversidad y capilaridad:<\/strong> una estrategia federal y participativa, con perspectiva de g\u00e9nero, que en su funcionamiento revele el esp\u00edritu integrador de su visi\u00f3n de pa\u00eds.<\/li>\n<li><strong>Compromiso<\/strong> de los actores de transformar cada acuerdo en una voluntad efectiva de implementaci\u00f3n de proyectos y cambio.<\/li>\n<\/ul>\n<div><amp-img src=\"https:\/\/cdn.lavoz.com.ar\/sites\/default\/files\/styles\/landscape_1020_560\/public\/nota_periodistica\/Consejo_3_1613757689.jpg\" alt=\"Buenos Aires. Se present\u00f3 el Consejo Econ\u00f3mico y Social (Federico L\u00f3pez Claro).\" title=\"Buenos Aires. Se present\u00f3 el Consejo Econ\u00f3mico y Social (Federico L\u00f3pez Claro).\" width=\"565\" height=\"318\" class=\"image-landscape_565_318\" lightbox role=\"button\" tabindex=\"4\" layout=\"responsive\"><\/amp-img><figcaption class=\"title is-margin-t is-font-small is-font-sans-serif\">Buenos Aires. Se present\u00f3 el Consejo Econ\u00f3mico y Social (Federico L\u00f3pez Claro).<\/figcaption><\/div>\n<p class=\"SubTitulo\"><strong>M\u00e1s informaci\u00f3n<\/strong><\/p>\n<div class=\"ctaNewsNotaContainer\" readability=\"6.5\">\n<div class=\"newsletterTextContainer\" readability=\"33\">\n<p> S\u00cdNTESIS POL\u00cdTICA<\/p>\n<p> Informaci\u00f3n exclusiva y el mejor an\u00e1lisis, los lunes en tu correo.<\/p>\n<form method=\"post\" action-xhr=\"https:\/\/www.lavoz.com.ar\/newsletters\/sintesis-politica\/signup\" id=\"newsletter-signup\" class=\"newsletterForm\" target=\"_blank\" custom-validation-reporting=\"as-you-go\" on=\"submit:AMP.setState({formLoading:true});submit-success:AMP.setState({formSuccess:true})\">\n<div submit-success class=\"is-paddingless-l\" readability=\"6\"> <template type=\"amp-mustache\" readability=\"2\"><\/p>\n<p> <strong>\u00a1Gracias por suscribirte!<\/strong><\/p>\n<p> <\/template><\/div>\n<div submit-error class=\"is-paddingless-l\" readability=\"6.5\"> <template type=\"amp-mustache\" readability=\"3\"><\/p>\n<p> <strong>Ha ocurrido un error, por favor intente nuevamente m\u00e1s tarde.<\/strong><\/p>\n<p> <\/template><\/div>\n<\/form>\n<\/div>\n<\/div>\n<div>\n<p> <span>Publicidad<\/span> <\/p>\n<\/div>\n","protected":false},"excerpt":{"rendered":"<p>El Consejo Econ\u00f3mico y Social que lanz\u00f3 este viernes el Gobierno nacional est\u00e1 integrado por los m\u00e1ximos dirigentes de las centrales sindicales, H\u00e9ctor Daer y Hugo Yasky; empresarios como Jos\u00e9 Martins, Marcelo Fern\u00e1ndez, Carlos Achetoni, Iv\u00e1n Szech y Sergio Kaufman; como as\u00ed tambi\u00e9n por Esteban Castro por la UTEP y el rector de la Universidad [&hellip;]<\/p>\n","protected":false},"author":1,"featured_media":1203,"comment_status":"closed","ping_status":"closed","sticky":false,"template":"","format":"standard","meta":[],"categories":[12],"tags":[],"_links":{"self":[{"href":"http:\/\/nuevacordoba.net\/index.php\/wp-json\/wp\/v2\/posts\/1202"}],"collection":[{"href":"http:\/\/nuevacordoba.net\/index.php\/wp-json\/wp\/v2\/posts"}],"about":[{"href":"http:\/\/nuevacordoba.net\/index.php\/wp-json\/wp\/v2\/types\/post"}],"author":[{"embeddable":true,"href":"http:\/\/nuevacordoba.net\/index.php\/wp-json\/wp\/v2\/users\/1"}],"replies":[{"embeddable":true,"href":"http:\/\/nuevacordoba.net\/index.php\/wp-json\/wp\/v2\/comments?post=1202"}],"version-history":[{"count":0,"href":"http:\/\/nuevacordoba.net\/index.php\/wp-json\/wp\/v2\/posts\/1202\/revisions"}],"wp:featuredmedia":[{"embeddable":true,"href":"http:\/\/nuevacordoba.net\/index.php\/wp-json\/wp\/v2\/media\/1203"}],"wp:attachment":[{"href":"http:\/\/nuevacordoba.net\/index.php\/wp-json\/wp\/v2\/media?parent=1202"}],"wp:term":[{"taxonomy":"category","embeddable":true,"href":"http:\/\/nuevacordoba.net\/index.php\/wp-json\/wp\/v2\/categories?post=1202"},{"taxonomy":"post_tag","embeddable":true,"href":"http:\/\/nuevacordoba.net\/index.php\/wp-json\/wp\/v2\/tags?post=1202"}],"curies":[{"name":"wp","href":"https:\/\/api.w.org\/{rel}","templated":true}]}}