{"id":12076,"date":"2021-11-06T16:50:01","date_gmt":"2021-11-06T16:50:01","guid":{"rendered":"http:\/\/cordobanewsnet.wordpress.com\/?p=6362"},"modified":"2021-11-06T16:50:01","modified_gmt":"2021-11-06T16:50:01","slug":"sinopharm-en-ninos-diputados-citar-a-la-ministro-vizzotti-para-explicar-por-que-la-aplican-antes-que-en-china","status":"publish","type":"post","link":"http:\/\/nuevacordoba.net\/index.php\/2021\/11\/06\/sinopharm-en-ninos-diputados-citar-a-la-ministro-vizzotti-para-explicar-por-que-la-aplican-antes-que-en-china\/","title":{"rendered":"Sinopharm en ni\u00f1os: diputados citar a la Ministro Vizzotti para explicar por que la aplican antes que en China"},"content":{"rendered":"<p>Diputados nacionales, encabezados por legisladores de Juntos por el Cambio, solicitaron que se convoque a una reuni\u00f3n de la Comisi\u00f3n de Acci\u00f3n Social y Salud P\u00fablica y se cite a la ministra de Salud, Carla Vizzotti, y al jefe de Gabinete, Juan Manzur, para que brinden explicaciones \u201cpor los hechos que rodearon\u201d la aplicaci\u00f3n de la vacuna Sinopharm a menores de entre 3 a 11 a\u00f1os.<\/p>\n<p>La disputa surgi\u00f3 a partir de lo dicho por Vizzotti, quien asegur\u00f3 que China hab\u00eda comenzado el proceso de vacunaci\u00f3n de menores con el f\u00e1rmaco en octubre, cuando en realidad reci\u00e9n se empez\u00f3 a aplicar la semana pasada.<\/p>\n<p>\u201cEn China y Emiratos \u00c1rabes ya se han aplicado en menores de 12 a\u00f1os y todos los datos de seguridad tambi\u00e9n son muy alentadores\u201d, hab\u00eda asegurado la funcionaria en su momento<\/p>\n<figure class=\"wp-block-image size-large\"><img data-attachment-id=\"5174\" data-permalink=\"https:\/\/cordobanewsnet.wordpress.com\/9070fdf8-86a2-4fa9-b7f8-81d7a05cb6d3\/\" data-orig-file=\"http:\/\/nuevacordoba.net\/wp-content\/uploads\/2021\/11\/sinopharm-en-ninos-diputados-citar-a-la-ministro-vizzotti-para-explicar-por-que-la-aplican-antes-que-en-china-5.jpg\" data-orig-size=\"1280,853\" data-comments-opened=\"1\" data-image-meta=\"{&quot;aperture&quot;:&quot;0&quot;,&quot;credit&quot;:&quot;&quot;,&quot;camera&quot;:&quot;&quot;,&quot;caption&quot;:&quot;&quot;,&quot;created_timestamp&quot;:&quot;0&quot;,&quot;copyright&quot;:&quot;&quot;,&quot;focal_length&quot;:&quot;0&quot;,&quot;iso&quot;:&quot;0&quot;,&quot;shutter_speed&quot;:&quot;0&quot;,&quot;title&quot;:&quot;&quot;,&quot;orientation&quot;:&quot;1&quot;}\" data-image-title=\"9070FDF8-86A2-4FA9-B7F8-81D7A05CB6D3\" data-image-description data-image-caption data-medium-file=\"http:\/\/nuevacordoba.net\/wp-content\/uploads\/2021\/11\/sinopharm-en-ninos-diputados-citar-a-la-ministro-vizzotti-para-explicar-por-que-la-aplican-antes-que-en-china-2.jpg\" data-large-file=\"http:\/\/nuevacordoba.net\/wp-content\/uploads\/2021\/11\/sinopharm-en-ninos-diputados-citar-a-la-ministro-vizzotti-para-explicar-por-que-la-aplican-antes-que-en-china.jpg\" src=\"http:\/\/nuevacordoba.net\/wp-content\/uploads\/2021\/11\/sinopharm-en-ninos-diputados-citar-a-la-ministro-vizzotti-para-explicar-por-que-la-aplican-antes-que-en-china.jpg\" alt class=\"wp-image-5174\" srcset=\"http:\/\/nuevacordoba.net\/wp-content\/uploads\/2021\/11\/sinopharm-en-ninos-diputados-citar-a-la-ministro-vizzotti-para-explicar-por-que-la-aplican-antes-que-en-china.jpg 736w, http:\/\/nuevacordoba.net\/wp-content\/uploads\/2021\/11\/sinopharm-en-ninos-diputados-citar-a-la-ministro-vizzotti-para-explicar-por-que-la-aplican-antes-que-en-china-1.jpg 150w, http:\/\/nuevacordoba.net\/wp-content\/uploads\/2021\/11\/sinopharm-en-ninos-diputados-citar-a-la-ministro-vizzotti-para-explicar-por-que-la-aplican-antes-que-en-china-2.jpg 300w, http:\/\/nuevacordoba.net\/wp-content\/uploads\/2021\/11\/sinopharm-en-ninos-diputados-citar-a-la-ministro-vizzotti-para-explicar-por-que-la-aplican-antes-que-en-china-3.jpg 768w, http:\/\/nuevacordoba.net\/wp-content\/uploads\/2021\/11\/sinopharm-en-ninos-diputados-citar-a-la-ministro-vizzotti-para-explicar-por-que-la-aplican-antes-que-en-china-4.jpg 1024w, http:\/\/nuevacordoba.net\/wp-content\/uploads\/2021\/11\/sinopharm-en-ninos-diputados-citar-a-la-ministro-vizzotti-para-explicar-por-que-la-aplican-antes-que-en-china-5.jpg 1280w\" sizes=\"(max-width: 736px) 100vw, 736px\"><\/figure>\n<p>\u201cMe dirijo a usted en mi car\u00e1cter de Vicepresidente 1\u00ba de la Comisi\u00f3n de Acci\u00f3n Social y Salud P\u00fablica de la Honorable C\u00e1mara de Diputados de la Naci\u00f3n para solicitarle que en forma urgente convoque a reuni\u00f3n de la Comisi\u00f3n a la Ministra de Salud de la Naci\u00f3n, Dra. Carla Vizzotti, y al Dr. Juan Luis Manzur, Jefe de Gabinete de Ministros, para que brinden explicaciones ante las se\u00f1oras y se\u00f1ores diputados que la integran, en forma presencial, por los hechos que rodearon la vacunaci\u00f3n con Sinopharm de ni\u00f1os, ni\u00f1as y adolescentes y que han tomado estado p\u00fablico en el d\u00eda de la fecha\u201d, indica la nota que enviaron al presidente de la Comisi\u00f3n de Acci\u00f3n Social y Salud P\u00fablica, Pablo Yedlin, y al presidente de la C\u00e1mara de Diputados, Sergio Massa.<\/p>\n<p>El texto resalta que \u201ccirculan observaciones de la Organizaci\u00f3n Mundial de la Salud que advierten que todav\u00eda no han finalizado los estudios de ciertas vacunas que ya se est\u00e1n aplicando para la inmunizaci\u00f3n de los ni\u00f1os, ni\u00f1as y adolescentes\u201d.<\/p>\n<div id=\"jp-post-flair\" class=\"sharedaddy sd-like-enabled sd-sharing-enabled\">\n<div class=\"sharedaddy sd-sharing-enabled\">\n<div class=\"robots-nocontent sd-block sd-social sd-social-icon-text sd-sharing\">\n<h3 class=\"sd-title\">Share this:<\/h3>\n<\/div>\n<\/div>\n<div class=\"sharedaddy sd-block sd-like jetpack-likes-widget-wrapper jetpack-likes-widget-unloaded\" id=\"like-post-wrapper-143108178-6362-618769a076d73\" data-src=\"\/\/widgets.wp.com\/likes\/index.html?ver=20210831#blog_id=143108178&amp;post_id=6362&amp;origin=cordobanewsnet.wordpress.com&amp;obj_id=143108178-6362-618769a076d73\" data-name=\"like-post-frame-143108178-6362-618769a076d73\" data-title=\"Me gusta o Compartir\">\n<h3 class=\"sd-title\">Me gusta esto:<\/h3>\n<p><span class=\"button\"><span>Me gusta<\/span><\/span> <span class=\"loading\">Cargando&#8230;<\/span><\/p>\n<p><span class=\"sd-text-color\"><\/span><\/div>\n<p><h3 class=\"jp-relatedposts-headline\"><em>Relacionado<\/em><\/h3>\n<\/p>\n<\/div>\n","protected":false},"excerpt":{"rendered":"<p>Diputados nacionales, encabezados por legisladores de Juntos por el Cambio, solicitaron que se convoque a una reuni\u00f3n de la Comisi\u00f3n de Acci\u00f3n Social y Salud P\u00fablica y se cite a la ministra de Salud, Carla Vizzotti, y al jefe de Gabinete, Juan Manzur, para que brinden explicaciones \u201cpor los hechos que rodearon\u201d la aplicaci\u00f3n de [&hellip;]<\/p>\n","protected":false},"author":1,"featured_media":12077,"comment_status":"closed","ping_status":"closed","sticky":false,"template":"","format":"standard","meta":[],"categories":[14],"tags":[],"_links":{"self":[{"href":"http:\/\/nuevacordoba.net\/index.php\/wp-json\/wp\/v2\/posts\/12076"}],"collection":[{"href":"http:\/\/nuevacordoba.net\/index.php\/wp-json\/wp\/v2\/posts"}],"about":[{"href":"http:\/\/nuevacordoba.net\/index.php\/wp-json\/wp\/v2\/types\/post"}],"author":[{"embeddable":true,"href":"http:\/\/nuevacordoba.net\/index.php\/wp-json\/wp\/v2\/users\/1"}],"replies":[{"embeddable":true,"href":"http:\/\/nuevacordoba.net\/index.php\/wp-json\/wp\/v2\/comments?post=12076"}],"version-history":[{"count":0,"href":"http:\/\/nuevacordoba.net\/index.php\/wp-json\/wp\/v2\/posts\/12076\/revisions"}],"wp:featuredmedia":[{"embeddable":true,"href":"http:\/\/nuevacordoba.net\/index.php\/wp-json\/wp\/v2\/media\/12077"}],"wp:attachment":[{"href":"http:\/\/nuevacordoba.net\/index.php\/wp-json\/wp\/v2\/media?parent=12076"}],"wp:term":[{"taxonomy":"category","embeddable":true,"href":"http:\/\/nuevacordoba.net\/index.php\/wp-json\/wp\/v2\/categories?post=12076"},{"taxonomy":"post_tag","embeddable":true,"href":"http:\/\/nuevacordoba.net\/index.php\/wp-json\/wp\/v2\/tags?post=12076"}],"curies":[{"name":"wp","href":"https:\/\/api.w.org\/{rel}","templated":true}]}}