{"id":12078,"date":"2021-11-06T22:58:51","date_gmt":"2021-11-06T22:58:51","guid":{"rendered":"https:\/\/prensa.cba.gov.ar\/?p=475083"},"modified":"2021-11-06T22:58:51","modified_gmt":"2021-11-06T22:58:51","slug":"el-pasteur-de-villa-maria-tendra-unidad-de-terapia-intensiva-pediatrica","status":"publish","type":"post","link":"http:\/\/nuevacordoba.net\/index.php\/2021\/11\/06\/el-pasteur-de-villa-maria-tendra-unidad-de-terapia-intensiva-pediatrica\/","title":{"rendered":"El Pasteur de Villa Mar\u00eda tendr\u00e1 Unidad de Terapia Intensiva Pedi\u00e1trica"},"content":{"rendered":"<ul>\n<li><strong>Lo confirm\u00f3 el ministro de Salud en su visita al hospital por la puesta en marcha de la Unidad de Cirug\u00eda Ambulatoria y el resonador magn\u00e9tico nuclear.<\/strong><\/li>\n<li><strong>La UTI pedi\u00e1trica contar\u00e1 con 8 camas con respirador y equipamiento de \u00faltima tecnolog\u00eda.<\/strong><\/li>\n<li><strong>Adem\u00e1s, se inform\u00f3 la llegada del nuevo angi\u00f3grafo y otros aparatos para el \u00e1rea de diagn\u00f3stico por im\u00e1genes.<\/strong><\/li>\n<\/ul>\n<p>El ministro de Salud, Diego Cardozo, junto al ministro de Industria y Comercio, Eduardo Accastello; el Director de hospitales del interior, Carlos Negro, y del Hospital Pasteur, Sergio Arroyo, supervis\u00f3 la puesta en marcha de la Unidad de Cirug\u00eda Ambulatorio y el resonador magn\u00e9tico nuclear del Hospital Pasteur.&nbsp;<\/p>\n<p>Durante la recorrida, Cardozo confirm\u00f3 la apertura de la Unidad de Terapia Pedi\u00e1trica que contar\u00e1 con 8 camas equipadas con respirador, monitores y equipamiento de \u00faltima tecnolog\u00eda.<\/p>\n<p>Adem\u00e1s, en el marco Plan de Requipamiento Hospitalario, el titular de Salud inform\u00f3 que se ya encuentran en nuestro pa\u00eds ocho embarques con aparatolog\u00eda para la red de hospitales provinciales. En ese sentido, anunci\u00f3 la llegada para el Pasteur de un nuevo angi\u00f3grafo, equipamiento para el servicio de diagn\u00f3stico y para la nueva UTIP, que se sumar\u00e1n a la incorporaci\u00f3n de doce profesionales: cuatro pediatras, seis especialistas en diagn\u00f3stico por im\u00e1genes y dos integrantes de hemoterapia, para dar respuesta a la actual y futura demanda de estos servicios.<\/p>\n<figure class=\"wp-block-gallery columns-2 is-cropped\">\n<ul class=\"blocks-gallery-grid\">\n<li class=\"blocks-gallery-item\">\n<figure><img loading=\"lazy\" width=\"1280\" height=\"847\" src=\"http:\/\/nuevacordoba.net\/wp-content\/uploads\/2021\/11\/el-pasteur-de-villa-maria-tendra-unidad-de-terapia-intensiva-pediatrica.jpg\" alt data-id=\"475085\" data-link=\"https:\/\/prensa.cba.gov.ar\/?attachment_id=475085\" class=\"wp-image-475085\"><\/figure>\n<\/li>\n<li class=\"blocks-gallery-item\">\n<figure><img loading=\"lazy\" width=\"1280\" height=\"847\" src=\"http:\/\/nuevacordoba.net\/wp-content\/uploads\/2021\/11\/el-pasteur-de-villa-maria-tendra-unidad-de-terapia-intensiva-pediatrica-1.jpg\" alt data-id=\"475084\" data-link=\"https:\/\/prensa.cba.gov.ar\/?attachment_id=475084\" class=\"wp-image-475084\"><\/figure>\n<\/li>\n<\/ul>\n<\/figure>\n<p><em>\u201cNuestra intenci\u00f3n es seguir complejizando nuestros hospitales con el objetivo de dar m\u00e1s prestaciones generando accesibilidad y equidad a las y los cordobeses que nos demandan atenci\u00f3n sanitaria. Adem\u00e1s, permitir\u00e1 evitar que un pap\u00e1 o mam\u00e1 de una criatura que ya ten\u00eda respuesta de diagn\u00f3stico del Pasteur tenga que trasladarse a otros centros sanitarios para el tratamiento de la patolog\u00eda cr\u00edtica\u201d<\/em>, expres\u00f3 Cardozo.<\/p>\n<p>Asimismo, el titular de salud agradeci\u00f3 al personal del Hospital Pasteur por <em>\u201cla labor incomparable en tiempos de pandemia que permiti\u00f3 contener, recuperar y reinsertar a los pacientes con la patolog\u00eda covid, adem\u00e1s, de las enfermedades prevalentes. Esto no es casualidad, se logra con un trabajo comprometido y en equipo de una provincia con los mejores resultados sanitarios del pa\u00eds<\/em>\u201d.<\/p>\n<p>En ese contexto, confirm\u00f3 la construcci\u00f3n de 115 cocheras para los veh\u00edculos del personal que eran demandadas por los propios trabajadores desde hace tiempo.<\/p>\n<div class=\"wp-block-image\">\n<figure class=\"aligncenter size-large is-resized\"><img loading=\"lazy\" src=\"http:\/\/nuevacordoba.net\/wp-content\/uploads\/2021\/11\/el-pasteur-de-villa-maria-tendra-unidad-de-terapia-intensiva-pediatrica-2.jpg\" alt class=\"wp-image-475088\" width=\"562\" height=\"371\"><\/figure>\n<\/div>\n<p>A su tiempo, el ministro Eduardo Accastello resalt\u00f3 la llegada de la UTI Pedi\u00e1trica del Hospital Pasteur: <em>\u201cEs trascendental para todo el departamento San Mart\u00edn y para la regi\u00f3n para que los ni\u00f1os y sus familias&nbsp; no tengan que viajar a C\u00f3rdoba o a R\u00edo Cuarto. Este es uno de los nosocomios m\u00e1s importantes de la Provincia en cuanto a infraestructura, tecnolog\u00eda y recursos humanos\u201d<\/em>.<\/p>\n<p>Tambi\u00e9n ponder\u00f3 la apertura de la UCA: <em>\u201cA partir de ahora el hospital cuenta con la Unidad de Cirug\u00eda Ambulatoria como tienen los grandes centros privados de salud de Argentina y de C\u00f3rdoba\u201d<\/em>.<\/p>\n<p>Cabe destacar que participaron de este recorrido el Secretario de Salud, Pablo Carvajal, la titular de la Agencia C\u00f3rdoba Cultura, Nora Bedano, el secretario de Comunicaciones, Marcos Bovo y el director de Hospitales del Interior, Carlos Negro .<\/p>\n","protected":false},"excerpt":{"rendered":"<p>Lo confirm\u00f3 el ministro de Salud en su visita al hospital por la puesta en marcha de la Unidad de Cirug\u00eda Ambulatoria y el resonador magn\u00e9tico nuclear. La UTI pedi\u00e1trica contar\u00e1 con 8 camas con respirador y equipamiento de \u00faltima tecnolog\u00eda. Adem\u00e1s, se inform\u00f3 la llegada del nuevo angi\u00f3grafo y otros aparatos para el \u00e1rea [&hellip;]<\/p>\n","protected":false},"author":1,"featured_media":12079,"comment_status":"closed","ping_status":"closed","sticky":false,"template":"","format":"standard","meta":[],"categories":[14],"tags":[],"_links":{"self":[{"href":"http:\/\/nuevacordoba.net\/index.php\/wp-json\/wp\/v2\/posts\/12078"}],"collection":[{"href":"http:\/\/nuevacordoba.net\/index.php\/wp-json\/wp\/v2\/posts"}],"about":[{"href":"http:\/\/nuevacordoba.net\/index.php\/wp-json\/wp\/v2\/types\/post"}],"author":[{"embeddable":true,"href":"http:\/\/nuevacordoba.net\/index.php\/wp-json\/wp\/v2\/users\/1"}],"replies":[{"embeddable":true,"href":"http:\/\/nuevacordoba.net\/index.php\/wp-json\/wp\/v2\/comments?post=12078"}],"version-history":[{"count":0,"href":"http:\/\/nuevacordoba.net\/index.php\/wp-json\/wp\/v2\/posts\/12078\/revisions"}],"wp:featuredmedia":[{"embeddable":true,"href":"http:\/\/nuevacordoba.net\/index.php\/wp-json\/wp\/v2\/media\/12079"}],"wp:attachment":[{"href":"http:\/\/nuevacordoba.net\/index.php\/wp-json\/wp\/v2\/media?parent=12078"}],"wp:term":[{"taxonomy":"category","embeddable":true,"href":"http:\/\/nuevacordoba.net\/index.php\/wp-json\/wp\/v2\/categories?post=12078"},{"taxonomy":"post_tag","embeddable":true,"href":"http:\/\/nuevacordoba.net\/index.php\/wp-json\/wp\/v2\/tags?post=12078"}],"curies":[{"name":"wp","href":"https:\/\/api.w.org\/{rel}","templated":true}]}}