{"id":1216,"date":"2021-02-20T18:42:13","date_gmt":"2021-02-20T18:42:13","guid":{"rendered":"http:\/\/nuevacordoba.net\/index.php\/2021\/02\/20\/nueva-condena-y-rechazo-a-una-apelacion-de-navalny-quien-seguira-detenido\/"},"modified":"2021-02-20T18:42:13","modified_gmt":"2021-02-20T18:42:13","slug":"nueva-condena-y-rechazo-a-una-apelacion-de-navalny-quien-seguira-detenido","status":"publish","type":"post","link":"http:\/\/nuevacordoba.net\/index.php\/2021\/02\/20\/nueva-condena-y-rechazo-a-una-apelacion-de-navalny-quien-seguira-detenido\/","title":{"rendered":"Nueva condena y rechazo a una apelaci\u00f3n de Navalny, quien seguir\u00e1 detenido"},"content":{"rendered":"<div class=\"image\" id=\"image\" readability=\"7\"> <img src=\"http:\/\/nuevacordoba.net\/wp-content\/uploads\/2021\/02\/nueva-condena-y-rechazo-a-una-apelacion-de-navalny-quien-seguira-detenido.jpg\" alt=\"Navalny podr\u00eda cumplir su condena en un campo de trabajo\" title=\"Navalny podr\u00eda cumplir su condena en un campo de trabajo\"><\/p>\n<p>Navalny podr\u00eda cumplir su condena en un campo de trabajo<\/p>\n<\/div>\n<p>Un tribunal ruso conden\u00f3 al l\u00edder opositor Alexey Navalny por \u00abdifamaci\u00f3n\u00bb contra un veterano de la Segunda Guerra Mundial, una sentencia que se a\u00f1ade al rechazo a su puesta en libertad que otra corte hab\u00eda dictado horas antes.<\/p>\n<p>La Fiscal\u00eda exigi\u00f3 en este caso 950.000 rublos de multa (unos 10.600 euros, 12.800 d\u00f3lares) y reclam\u00f3 que una pena condicional del opositor se convirtiera en prisi\u00f3n firme.<\/p>\n<p><strong>El opositor, de 44 a\u00f1os, fue acusado de haber difundido informaciones \u00abfalsas\u00bb e \u00abinjuriosas\u00bb sobre un veterano de guerra <\/strong>que hab\u00eda defendido en un video de campa\u00f1a un refer\u00e9ndum que reforz\u00f3 los poderes del presidente Vladimir Putin.<\/p>\n<p>Navalny hab\u00eda calificado, en una red social, a los participantes en ese video de \u00abverg\u00fcenza de la naci\u00f3n\u00bb y de \u00abtraidores\u00bb.<\/p>\n<p>Horas antes, un tribunal de apelaci\u00f3n ruso rechaz\u00f3 un recurso del l\u00edder opositor contra su condena a prisi\u00f3n, pese a que la m\u00e1xima corte europea de derechos humanos exige la liberaci\u00f3n del principal cr\u00edtico del Kremlin.<\/p>\n<blockquote class=\"small-left\" readability=\"9\">\n<p>\u00abNuestro pa\u00eds se apoya en la injusticia\u00bb, dijo Navalny tras escuchar la sentencia, antes de citar la Biblia: \u00abBienaventurados aquellos que tienen hambre y sed de justicia porque se ver\u00e1n saciados\u00bb<span class=\"comilla\">\u201d<\/span><\/p>\n<\/blockquote>\n<p>El juez del tribunal de Mosc\u00fa disminuy\u00f3, no obstante, en un mes y medio la condena del activista anticorrupci\u00f3n, quien finalmente deber\u00e1 pasar en la c\u00e1rcel dos a\u00f1os y medio por no haber cumplido con un control judicial.<\/p>\n<p><strong>Navalny, quien podr\u00eda cumplir su condena en un campo de trabajo, fue encarcelado el mes pasado cuando regres\u00f3 a su pa\u00eds<\/strong> despu\u00e9s de pasar meses de convalecencia en Alemania tras sufrir un envenenamiento que casi le cuesta la vida y del que acusa al Kremlin, que sistem\u00e1ticamente lo niega.<\/p>\n<p>En ese momento, la Justicia transform\u00f3 una sentencia por fraude que data de 2014 y que pod\u00eda cumplir en libertad, en una condena con cumplimiento de la pena en prisi\u00f3n, debido a que el activista viol\u00f3 el control judicial durante su convalecencia en Alemania.<\/p>\n<p><strong>Esta es la primera pena de c\u00e1rcel de larga duraci\u00f3n confirmada contra el activista <\/strong>tras una apelaci\u00f3n en la decena de asuntos judiciales que tiene pendientes en su pa\u00eds.<\/p>\n<p>Presente en la audiencia, Navalny, con gesto sonriente, rechaz\u00f3 la condena y asegur\u00f3 que su intenci\u00f3n, al ir a Alemania, no era librarse de las autoridades rusas, a las cuales advirti\u00f3 de su retorno a Rusia.<\/p>\n<p>\u00abCompr\u00e9 un billete y dije a todo el mundo que regresaba a casa. Esto es absurdo\u00bb, dijo al juez el l\u00edder opositor.<\/p>\n<p>El fiscal le respondi\u00f3 que hab\u00eda quebrantado la ley \u00ababiertamente\u00bb y que se comportaba como si estuviera por encima de las normas, inform\u00f3 la agencia de noticias AFP.<\/p>\n<p>\u00abNuestro pa\u00eds se apoya en la injusticia\u00bb, dijo Navalny tras escuchar la sentencia, antes de citar la Biblia: \u00abBienaventurados aquellos que tienen hambre y sed de justicia porque se ver\u00e1n saciados\u00bb.<\/p>\n<p>Reclamo desde Europa y denuncias<\/p>\n<p>Las dos audiencias contra Navalny tienen lugar despu\u00e9s de que el Tribunal Europeo de Derechos Humanos (TEDH) reclamara esta semana su liberaci\u00f3n, alegando que existe un riesgo para su vida.<\/p>\n<p>Mosc\u00fa refut\u00f3 el pedido de la TEDH como ya hizo con los llamados en este sentido de la Uni\u00f3n Europea (UE), pese a la amenaza de nuevas sanciones.<\/p>\n<p>Navalny, cuya encarcelaci\u00f3n en enero provoc\u00f3 tres jornadas de manifestaciones reprimidas por la polic\u00eda, denuncia que estos tr\u00e1mites judiciales son un montaje.<\/p>\n<p>Seg\u00fan \u00e9l, el Kremlin quiere meterlo en la c\u00e1rcel para silenciarlo tras fracasar en su intento de asesinarlo por envenenamiento. Mosc\u00fa refuta estas acusaciones.<\/p>\n<p>Navalny es objeto tambi\u00e9n de otros juicios. Por ejemplo, la justicia lo investiga por estafa y si es declarado culpable, podr\u00eda pasar 10 a\u00f1os de c\u00e1rcel.<\/p>\n<p>La UE y Estados Unidos han multiplicado los llamados para su liberaci\u00f3n, mientras que los colaboradores del opositor exhortaron a Occidente a que imponga sanciones a los altos responsables rusos y allegados al presidente Putin.<\/p>\n<p>Mosc\u00fa ve en ello una \u00abinjerencia\u00bb en sus asuntos y amenaz\u00f3 a los europeos con represalias. <\/p>\n","protected":false},"excerpt":{"rendered":"<p>Navalny podr\u00eda cumplir su condena en un campo de trabajo Un tribunal ruso conden\u00f3 al l\u00edder opositor Alexey Navalny por \u00abdifamaci\u00f3n\u00bb contra un veterano de la Segunda Guerra Mundial, una sentencia que se a\u00f1ade al rechazo a su puesta en libertad que otra corte hab\u00eda dictado horas antes. La Fiscal\u00eda exigi\u00f3 en este caso 950.000 [&hellip;]<\/p>\n","protected":false},"author":1,"featured_media":1217,"comment_status":"closed","ping_status":"closed","sticky":false,"template":"","format":"standard","meta":[],"categories":[13],"tags":[],"_links":{"self":[{"href":"http:\/\/nuevacordoba.net\/index.php\/wp-json\/wp\/v2\/posts\/1216"}],"collection":[{"href":"http:\/\/nuevacordoba.net\/index.php\/wp-json\/wp\/v2\/posts"}],"about":[{"href":"http:\/\/nuevacordoba.net\/index.php\/wp-json\/wp\/v2\/types\/post"}],"author":[{"embeddable":true,"href":"http:\/\/nuevacordoba.net\/index.php\/wp-json\/wp\/v2\/users\/1"}],"replies":[{"embeddable":true,"href":"http:\/\/nuevacordoba.net\/index.php\/wp-json\/wp\/v2\/comments?post=1216"}],"version-history":[{"count":0,"href":"http:\/\/nuevacordoba.net\/index.php\/wp-json\/wp\/v2\/posts\/1216\/revisions"}],"wp:featuredmedia":[{"embeddable":true,"href":"http:\/\/nuevacordoba.net\/index.php\/wp-json\/wp\/v2\/media\/1217"}],"wp:attachment":[{"href":"http:\/\/nuevacordoba.net\/index.php\/wp-json\/wp\/v2\/media?parent=1216"}],"wp:term":[{"taxonomy":"category","embeddable":true,"href":"http:\/\/nuevacordoba.net\/index.php\/wp-json\/wp\/v2\/categories?post=1216"},{"taxonomy":"post_tag","embeddable":true,"href":"http:\/\/nuevacordoba.net\/index.php\/wp-json\/wp\/v2\/tags?post=1216"}],"curies":[{"name":"wp","href":"https:\/\/api.w.org\/{rel}","templated":true}]}}