{"id":12385,"date":"2021-11-13T17:06:42","date_gmt":"2021-11-13T17:06:42","guid":{"rendered":"http:\/\/nuevacordoba.net\/index.php\/2021\/11\/13\/murio-la-actriz-mariana-prommel-quien-surgio-en-el-parakultural-y-brillo-en-la-tv\/"},"modified":"2021-11-13T17:06:42","modified_gmt":"2021-11-13T17:06:42","slug":"murio-la-actriz-mariana-prommel-quien-surgio-en-el-parakultural-y-brillo-en-la-tv","status":"publish","type":"post","link":"http:\/\/nuevacordoba.net\/index.php\/2021\/11\/13\/murio-la-actriz-mariana-prommel-quien-surgio-en-el-parakultural-y-brillo-en-la-tv\/","title":{"rendered":"Muri\u00f3 la actriz Mariana Prommel, quien surgi\u00f3 en el Parakultural y brill\u00f3 en la TV"},"content":{"rendered":"<figure class=\"mb-3\"><img src=\"http:\/\/nuevacordoba.net\/wp-content\/uploads\/2021\/11\/murio-la-actriz-mariana-prommel-quien-surgio-en-el-parakultural-y-brillo-en-la-tv.jpg\" alt=\"Telam SE\"><figcaption><\/figcaption><\/figure>\n<p>La actriz Mariana Prommel, surgida de ese semillero de talentos que fue el Parakultural y con una nutrida trayectoria art\u00edstica que al teatro sum\u00f3 el cine y la televisi\u00f3n, falleci\u00f3 este viernes a los 55 a\u00f1os, inform\u00f3 la Asociaci\u00f3n Argentina de Actores (AAA).<\/p>\n<p>La int\u00e9rprete nacida en 1966 con el nombre de Mariana Mosqueda, tom\u00f3 parte en las ficciones televisivas \u00abLos Rold\u00e1n\u00bb, \u00abVerano del 98\u00bb, \u00abEl jard\u00edn de bronce\u00bb, \u00abLa Pelu\u00bb, \u00abLa Ni\u00f1era\u00bb, \u00abLos exitosos Pells\u00bb, \u00abGladiadores de Pompeya\u00bb, \u00abMi amor, mi amor\u00bb, \u00abLobo\u00bb, \u00abAmo de casa\u00bb, \u00abConsentidos\u00bb, \u00abMi amor, mi amor\u00bb y \u00abVigilantes\u00bb.<\/p>\n<p>Su intensa labor teatral la cont\u00f3 como integrante de los elencos que animaron piezas como \u00abFalladas\u00bb, \u00abDesesperadamente&#8230; Armando\u00bb, \u00abLa Casa de Bernarda Alba\u00bb, \u00abVerona\u00bb, \u00abAs\u00ed es, si te parece\u00bb, \u00abQui\u00e9n es Janet\u00bb y \u00abSerena y la cooperativa\u00bb.<\/p>\n<blockquote class=\"twitter-tweet\" readability=\"6.8646864686469\">\n<p lang=\"es\" dir=\"ltr\">Con gran dolor despedimos a la actriz Mariana Prommel. Su nutrida trayectoria art\u00edstica incluye trabajos en teatro, cine y televisi\u00f3n. Acompa\u00f1amos a sus familiares y seres queridos en este duro momento. <a href=\"https:\/\/t.co\/gWgle1gkUQ\">pic.twitter.com\/gWgle1gkUQ<\/a><\/p>\n<p>\u2014 Asociaci\u00f3n Argentina de Actores (@actoresprensa) <a href=\"https:\/\/twitter.com\/actoresprensa\/status\/1459277070392045577?ref_src=twsrc%5Etfw\">November 12, 2021<\/a><\/p><\/blockquote>\n<p>En la pantalla grande tuvo participaci\u00f3n en los filmes \u00abTe pido un taxi\u00bb y \u00abHerencia\u00bb y en el cortometraje \u00abKil\u00f3metro 22\u00bb, pero adem\u00e1s actu\u00f3 en los videoclips \u00abP\u00e1rate y mira\u00bb, de Los Pericos, y \u00abDesfachatados\u00bb, de Babas\u00f3nicos.<\/p>\n<p>La imagen de Prommel form\u00f3 parte de la muestra fotogr\u00e1fica \u00abMujeres inmortales\u00bb, de Sebasti\u00e1n Na\u00f3n, que en 2019 se present\u00f3 y exhibi\u00f3 en la sede de la AAA, record\u00f3 la entidad. <\/p>\n","protected":false},"excerpt":{"rendered":"<p>La actriz Mariana Prommel, surgida de ese semillero de talentos que fue el Parakultural y con una nutrida trayectoria art\u00edstica que al teatro sum\u00f3 el cine y la televisi\u00f3n, falleci\u00f3 este viernes a los 55 a\u00f1os, inform\u00f3 la Asociaci\u00f3n Argentina de Actores (AAA). La int\u00e9rprete nacida en 1966 con el nombre de Mariana Mosqueda, tom\u00f3 [&hellip;]<\/p>\n","protected":false},"author":1,"featured_media":12386,"comment_status":"closed","ping_status":"closed","sticky":false,"template":"","format":"standard","meta":[],"categories":[9],"tags":[],"_links":{"self":[{"href":"http:\/\/nuevacordoba.net\/index.php\/wp-json\/wp\/v2\/posts\/12385"}],"collection":[{"href":"http:\/\/nuevacordoba.net\/index.php\/wp-json\/wp\/v2\/posts"}],"about":[{"href":"http:\/\/nuevacordoba.net\/index.php\/wp-json\/wp\/v2\/types\/post"}],"author":[{"embeddable":true,"href":"http:\/\/nuevacordoba.net\/index.php\/wp-json\/wp\/v2\/users\/1"}],"replies":[{"embeddable":true,"href":"http:\/\/nuevacordoba.net\/index.php\/wp-json\/wp\/v2\/comments?post=12385"}],"version-history":[{"count":0,"href":"http:\/\/nuevacordoba.net\/index.php\/wp-json\/wp\/v2\/posts\/12385\/revisions"}],"wp:featuredmedia":[{"embeddable":true,"href":"http:\/\/nuevacordoba.net\/index.php\/wp-json\/wp\/v2\/media\/12386"}],"wp:attachment":[{"href":"http:\/\/nuevacordoba.net\/index.php\/wp-json\/wp\/v2\/media?parent=12385"}],"wp:term":[{"taxonomy":"category","embeddable":true,"href":"http:\/\/nuevacordoba.net\/index.php\/wp-json\/wp\/v2\/categories?post=12385"},{"taxonomy":"post_tag","embeddable":true,"href":"http:\/\/nuevacordoba.net\/index.php\/wp-json\/wp\/v2\/tags?post=12385"}],"curies":[{"name":"wp","href":"https:\/\/api.w.org\/{rel}","templated":true}]}}