{"id":1240,"date":"2021-02-20T19:39:33","date_gmt":"2021-02-20T19:39:33","guid":{"rendered":"http:\/\/nuevacordoba.net\/index.php\/2021\/02\/20\/para-carlotto-la-decision-del-presidente-de-desplazar-a-gines-es-correcta\/"},"modified":"2021-02-20T19:39:33","modified_gmt":"2021-02-20T19:39:33","slug":"para-carlotto-la-decision-del-presidente-de-desplazar-a-gines-es-correcta","status":"publish","type":"post","link":"http:\/\/nuevacordoba.net\/index.php\/2021\/02\/20\/para-carlotto-la-decision-del-presidente-de-desplazar-a-gines-es-correcta\/","title":{"rendered":"Para Carlotto, la decisi\u00f3n del Presidente de desplazar a Gin\u00e9s es \u00abcorrecta\u00bb"},"content":{"rendered":"<div><img src=\"http:\/\/nuevacordoba.net\/wp-content\/uploads\/2021\/02\/para-carlotto-la-decision-del-presidente-de-desplazar-a-gines-es-correcta.jpg\" class=\"ff-og-image-inserted\"><\/div>\n<p>La titular de Abuelas de Plaza de Mayo, <a href=\"https:\/\/www.lavoz.com.ar\/personas\/estela-carlotto\" target=\"_blank\" rel=\"noopener\">Estela de Carlotto<\/a>, afirm\u00f3 este s\u00e1bado que es \u00abcorrecta\u00bb la decisi\u00f3n del presidente Alberto Fern\u00e1ndez de apartar del cargo al extitular de la cartera sanitaria, Gin\u00e9s Gonz\u00e1lez Garc\u00eda, y pidi\u00f3 que se investiguen las \u00abactitudes\u00bb de Horacio Verbitsky luego de que el periodista admitiera p\u00fablicamente que se le aplic\u00f3 una vacuna contra el coronavirus en dependencias del Ministerio de Salud.<\/p>\n<p>\u00abYo creo que la medida que tom\u00f3 el Presidente es correcta, porque corresponde que lo saque del lugar dado que fue una cosa inconsulta y hecha de una manera muy extra\u00f1a\u00bb, se\u00f1al\u00f3 la referente de Derechos Humanos en di\u00e1logo con Radio 10.<\/p>\n<p>Carlotto coment\u00f3 que aprecia mucho a Gin\u00e9s Gonz\u00e1lez Garc\u00eda, a qui\u00e9n calific\u00f3 de \u00abmuy serio y muy respetable\u00bb, \u00abuna persona de bien\u00bb.<\/p>\n<p>Respecto de las declaraciones de <a href=\"https:\/\/www.lavoz.com.ar\/politica\/tras-llamar-a-su-amigo-gines-verbitsky-logro-vacunarse-antes-que-miles-de-trabajadores-de-s\" target=\"_blank\" rel=\"noopener\">Verbitsky<\/a>, la referente de Abuelas dijo que es \u00abextra\u00f1o\u00bb que el periodista \u00ablo haya hecho p\u00fablico\u00bb.<\/p>\n<div class=\"block-ad-node\">\n<div>\n<p> <span>Publicidad<\/span> <\/p>\n<\/div>\n<\/div>\n<p>\u00abEs extra\u00f1o que lo haya puesto en pantalla, que lo haya hecho p\u00fablico con lujo de detalles, con una cosa tan fuera de lugar y casi casi como un hecho pol\u00edtico de entorpecimiento. Me llama mucho la atenci\u00f3n\u00bb y agreg\u00f3: \u00abEstas maniobras, entre comillas, hay que analizarlas por qu\u00e9 se hacen y qui\u00e9n las hace\u00bb.<\/p>\n<p>En ese sentido, apunt\u00f3: \u00abPerd\u00f3nenme, yo lo conozco mucho (a Verbitsky), y estas actitudes as\u00ed, yo creo que hay que investigarlas\u00bb.<\/p>\n<p>Por otra parte, Carlotto dijo que fue vacunada contra el coronavirus en un hospital de la ciudad de La Plata siguiendo los pasos del plan lanzado por la provincia de Buenos Aires.<\/p>\n<blockquote readability=\"10\">\n<p>\u00abA m\u00ed me vacunaron. Me llamaron, pero soy de la Provincia y tengo 90 a\u00f1os. Fui al hospital, hice la cola, todo lo que se tiene que hacer\u00bb, se\u00f1al\u00f3.<\/p>\n<\/blockquote>\n<p>Carlotto recibi\u00f3 la primera dosis en el Hospital San Juan de Dios, afirm\u00f3 no haber sufrido ninguna reacci\u00f3n adversa y dijo estar esperando por la segunda dosis.<\/p>\n<div class=\"block-ad-node\">\n<div>\n<p> <span>Publicidad<\/span> <\/p>\n<\/div>\n<\/div>\n<p class=\"SubTitulo\"><strong>M\u00e1s informaci\u00f3n<\/strong><\/p>\n<div class=\"ctaNewsNotaContainer\" readability=\"6.5\">\n<div class=\"newsletterTextContainer\" readability=\"33\">\n<p> S\u00cdNTESIS POL\u00cdTICA<\/p>\n<p> Informaci\u00f3n exclusiva y el mejor an\u00e1lisis, los lunes en tu correo.<\/p>\n<form method=\"post\" action-xhr=\"https:\/\/www.lavoz.com.ar\/newsletters\/sintesis-politica\/signup\" id=\"newsletter-signup\" class=\"newsletterForm\" target=\"_blank\" custom-validation-reporting=\"as-you-go\" on=\"submit:AMP.setState({formLoading:true});submit-success:AMP.setState({formSuccess:true})\">\n<div submit-success class=\"is-paddingless-l\" readability=\"6\"> <template type=\"amp-mustache\" readability=\"2\"><\/p>\n<p> <strong>\u00a1Gracias por suscribirte!<\/strong><\/p>\n<p> <\/template><\/div>\n<div submit-error class=\"is-paddingless-l\" readability=\"6.5\"> <template type=\"amp-mustache\" readability=\"3\"><\/p>\n<p> <strong>Ha ocurrido un error, por favor intente nuevamente m\u00e1s tarde.<\/strong><\/p>\n<p> <\/template><\/div>\n<\/form>\n<\/div>\n<\/div>\n<div>\n<p> <span>Publicidad<\/span> <\/p>\n<\/div>\n","protected":false},"excerpt":{"rendered":"<p>La titular de Abuelas de Plaza de Mayo, Estela de Carlotto, afirm\u00f3 este s\u00e1bado que es \u00abcorrecta\u00bb la decisi\u00f3n del presidente Alberto Fern\u00e1ndez de apartar del cargo al extitular de la cartera sanitaria, Gin\u00e9s Gonz\u00e1lez Garc\u00eda, y pidi\u00f3 que se investiguen las \u00abactitudes\u00bb de Horacio Verbitsky luego de que el periodista admitiera p\u00fablicamente que se [&hellip;]<\/p>\n","protected":false},"author":1,"featured_media":1241,"comment_status":"closed","ping_status":"closed","sticky":false,"template":"","format":"standard","meta":[],"categories":[12],"tags":[],"_links":{"self":[{"href":"http:\/\/nuevacordoba.net\/index.php\/wp-json\/wp\/v2\/posts\/1240"}],"collection":[{"href":"http:\/\/nuevacordoba.net\/index.php\/wp-json\/wp\/v2\/posts"}],"about":[{"href":"http:\/\/nuevacordoba.net\/index.php\/wp-json\/wp\/v2\/types\/post"}],"author":[{"embeddable":true,"href":"http:\/\/nuevacordoba.net\/index.php\/wp-json\/wp\/v2\/users\/1"}],"replies":[{"embeddable":true,"href":"http:\/\/nuevacordoba.net\/index.php\/wp-json\/wp\/v2\/comments?post=1240"}],"version-history":[{"count":0,"href":"http:\/\/nuevacordoba.net\/index.php\/wp-json\/wp\/v2\/posts\/1240\/revisions"}],"wp:featuredmedia":[{"embeddable":true,"href":"http:\/\/nuevacordoba.net\/index.php\/wp-json\/wp\/v2\/media\/1241"}],"wp:attachment":[{"href":"http:\/\/nuevacordoba.net\/index.php\/wp-json\/wp\/v2\/media?parent=1240"}],"wp:term":[{"taxonomy":"category","embeddable":true,"href":"http:\/\/nuevacordoba.net\/index.php\/wp-json\/wp\/v2\/categories?post=1240"},{"taxonomy":"post_tag","embeddable":true,"href":"http:\/\/nuevacordoba.net\/index.php\/wp-json\/wp\/v2\/tags?post=1240"}],"curies":[{"name":"wp","href":"https:\/\/api.w.org\/{rel}","templated":true}]}}