{"id":12403,"date":"2021-11-14T00:13:04","date_gmt":"2021-11-14T00:13:04","guid":{"rendered":"https:\/\/prensa.cba.gov.ar\/?p=475773"},"modified":"2021-11-14T00:13:04","modified_gmt":"2021-11-14T00:13:04","slug":"la-provincia-asistira-a-damnificados-por-la-tormenta","status":"publish","type":"post","link":"http:\/\/nuevacordoba.net\/index.php\/2021\/11\/14\/la-provincia-asistira-a-damnificados-por-la-tormenta\/","title":{"rendered":"La Provincia asistir\u00e1 a damnificados por la tormenta"},"content":{"rendered":"<div><img src=\"http:\/\/nuevacordoba.net\/wp-content\/uploads\/2021\/11\/la-provincia-asistira-a-damnificados-por-la-tormenta.jpg\" class=\"ff-og-image-inserted\"><\/div>\n<ul>\n<li><strong>Coronel Moldes fue una de las localidades m\u00e1s afectadas con da\u00f1os en cinco viviendas.<\/strong><\/li>\n<li><strong>Los damnificados ser\u00e1n asistidos por el Fondo Permanente para Atenci\u00f3n de Situaciones de Desastre.<\/strong><\/li>\n<\/ul>\n<p>EL Gobierno de C\u00f3rdoba, a trav\u00e9s del Ministerio de Desarrollo Social Delegaci\u00f3n R\u00edo Cuarto, comenz\u00f3 con el relevamiento de da\u00f1os por la tormenta que se abati\u00f3 en la localidad de Coronel Moldes. Hasta el momento se registraron perjuicios en cinco viviendas.<\/p>\n<p>La delgada Adriana Oviedo se comunic\u00f3 con la intendenta Eva Rosso, a quien inform\u00f3 que los 1damnificados ser\u00e1n asistidos a trav\u00e9s del Fondo Permanente para Atenci\u00f3n de Situaciones de Desastre.<\/p>\n<p>El fondo prev\u00e9 subsidios destinados a la reparaci\u00f3n de da\u00f1os en bienes muebles e inmuebles a causa de inclemencias clim\u00e1ticas.<\/p>\n<p>Otras viviendas se vieron afectadas por las fuertes r\u00e1fagas de viento y lluvia en las localidades de Berrotar\u00e1n, Villa del Dique, Santa Rosa de Calamuchita, Malague\u00f1o, Justiniano Posse, Ballesteros, Cosqu\u00edn y Estancia Guadalupe.<\/p>\n<p>La Provincia mantiene di\u00e1logo permanente con las autoridades de esas ciudades para garantizar la asistencia a los damnificados.<\/p>\n<p>A trav\u00e9s de la Secretar\u00eda de Gesti\u00f3n de Riesgo Clim\u00e1tico del ministerio de Seguridad, se realiza un seguimiento continuo de la situaci\u00f3n para la atenci\u00f3n y derivaci\u00f3n de cada contingencia.&nbsp;<\/p>\n","protected":false},"excerpt":{"rendered":"<p>Coronel Moldes fue una de las localidades m\u00e1s afectadas con da\u00f1os en cinco viviendas. Los damnificados ser\u00e1n asistidos por el Fondo Permanente para Atenci\u00f3n de Situaciones de Desastre. EL Gobierno de C\u00f3rdoba, a trav\u00e9s del Ministerio de Desarrollo Social Delegaci\u00f3n R\u00edo Cuarto, comenz\u00f3 con el relevamiento de da\u00f1os por la tormenta que se abati\u00f3 en [&hellip;]<\/p>\n","protected":false},"author":1,"featured_media":12404,"comment_status":"closed","ping_status":"closed","sticky":false,"template":"","format":"standard","meta":[],"categories":[14],"tags":[],"_links":{"self":[{"href":"http:\/\/nuevacordoba.net\/index.php\/wp-json\/wp\/v2\/posts\/12403"}],"collection":[{"href":"http:\/\/nuevacordoba.net\/index.php\/wp-json\/wp\/v2\/posts"}],"about":[{"href":"http:\/\/nuevacordoba.net\/index.php\/wp-json\/wp\/v2\/types\/post"}],"author":[{"embeddable":true,"href":"http:\/\/nuevacordoba.net\/index.php\/wp-json\/wp\/v2\/users\/1"}],"replies":[{"embeddable":true,"href":"http:\/\/nuevacordoba.net\/index.php\/wp-json\/wp\/v2\/comments?post=12403"}],"version-history":[{"count":0,"href":"http:\/\/nuevacordoba.net\/index.php\/wp-json\/wp\/v2\/posts\/12403\/revisions"}],"wp:featuredmedia":[{"embeddable":true,"href":"http:\/\/nuevacordoba.net\/index.php\/wp-json\/wp\/v2\/media\/12404"}],"wp:attachment":[{"href":"http:\/\/nuevacordoba.net\/index.php\/wp-json\/wp\/v2\/media?parent=12403"}],"wp:term":[{"taxonomy":"category","embeddable":true,"href":"http:\/\/nuevacordoba.net\/index.php\/wp-json\/wp\/v2\/categories?post=12403"},{"taxonomy":"post_tag","embeddable":true,"href":"http:\/\/nuevacordoba.net\/index.php\/wp-json\/wp\/v2\/tags?post=12403"}],"curies":[{"name":"wp","href":"https:\/\/api.w.org\/{rel}","templated":true}]}}