{"id":12413,"date":"2021-11-14T10:35:37","date_gmt":"2021-11-14T10:35:37","guid":{"rendered":"http:\/\/nuevacordoba.net\/index.php\/2021\/11\/14\/con-la-inauguracion-de-un-mural-homenajearon-a-alejandro-sabella\/"},"modified":"2021-11-14T10:35:37","modified_gmt":"2021-11-14T10:35:37","slug":"con-la-inauguracion-de-un-mural-homenajearon-a-alejandro-sabella","status":"publish","type":"post","link":"http:\/\/nuevacordoba.net\/index.php\/2021\/11\/14\/con-la-inauguracion-de-un-mural-homenajearon-a-alejandro-sabella\/","title":{"rendered":"Con la inauguraci\u00f3n de un mural homenajearon a Alejandro Sabella"},"content":{"rendered":"<figure class=\"mb-3\"><img src=\"http:\/\/nuevacordoba.net\/wp-content\/uploads\/2021\/11\/con-la-inauguracion-de-un-mural-homenajearon-a-alejandro-sabella.jpg\" alt=\"El mural fue realizado en las instalaciones del club Independiente de Tandil\"><figcaption> El mural fue realizado en las instalaciones del club Independiente de Tandil. <\/figcaption><\/figure>\n<p>El exentrenador del seleccionado argentino de f\u00fatbol, Alejandro Sabella, subcampe\u00f3n mundial 2014, recibi\u00f3 un nuevo homenaje en las instalaciones del club <strong>Independiente de Tandil<\/strong>, en el que se realiz\u00f3 un <strong>mural <\/strong>con su figura, que cont\u00f3 con la presencia de exjugadores de Estudiantes de La Plata como <strong>Juan Ram\u00f3n Ver\u00f3n, Eduardo \u00b4Bocha\u00b4 Flores, Daniel Romeo y Horacio Rodr\u00edguez<\/strong>.<\/p>\n<p>Al acto organizado por la Filial de Estudiantes \u00b4Marcos Lorenz\u00b4 concurrieron m\u00e1s de 200 personas y el mural donde se destaca la imagen de Alejandro tiene frases emblem\u00e1ticas del exentrenador que falleci\u00f3 el pasado 8 de diciembre <strong>\u00abM\u00e1s nosotros, menos yo\u00bb<\/strong>, <strong>\u00abM\u00e1s grupo, menos individualismo\u00bb<\/strong>.<\/p>\n<figure class=\"mb-3\"><img data-src=\"http:\/\/nuevacordoba.net\/wp-content\/uploads\/2021\/11\/con-la-inauguracion-de-un-mural-homenajearon-a-alejandro-sabella-1.jpg\" src=\"https:\/\/www.telam.com.ar\/assets\/img\/not_image.png\" class=\" lazy \" alt=\"Juan Ramn Vern Eduardo Bocha Flores Daniel Romeo y Horacio Rodrguez los ex Estudiantes que estuvieron presentes\"><figcaption> Juan Ram\u00f3n Ver\u00f3n, Eduardo \u00b4Bocha\u00b4 Flores, Daniel Romeo y Horacio Rodr\u00edguez, los ex Estudiantes que estuvieron presentes. <\/figcaption><\/figure>\n<p>El presidente de la filial local Andr\u00e9s Pianzola destac\u00f3 los valores que inspiraron la vida de Sabella; el dirigente albirrojo y coordinador de filiales, Luis \u00c1lvarez Gelves, felicit\u00f3 por la elecci\u00f3n de la figura de Sabella para perpetuarlo en un mural y el presidente del club Independiente, Osvaldo Dadiego, agradeci\u00f3 la elecci\u00f3n de su club para homenajear a <strong>Sabella<\/strong>, como <strong>persona del mundo del f\u00fatbol que trasciende cualquier camiseta<\/strong>.<\/p>\n<p>Cerr\u00f3 el evento Mariel, viuda del exjugador \u00b4pincha\u00b4 Marcos Lorenzo que da nombre a la Filial Tandil, quien estableci\u00f3 un paralelo entre los valores que defend\u00eda Sabella y los que sostiene Estudiantes para finalmente agradecer el apoyo que recibi\u00f3 del club cuando perdi\u00f3 la vida su joven esposo.<strong> \u00abSi no fuera por el club hoy no estar\u00edamos ac\u00e1\u00bb<\/strong>, manifest\u00f3.<\/p>\n","protected":false},"excerpt":{"rendered":"<p>El mural fue realizado en las instalaciones del club Independiente de Tandil. El exentrenador del seleccionado argentino de f\u00fatbol, Alejandro Sabella, subcampe\u00f3n mundial 2014, recibi\u00f3 un nuevo homenaje en las instalaciones del club Independiente de Tandil, en el que se realiz\u00f3 un mural con su figura, que cont\u00f3 con la presencia de exjugadores de Estudiantes [&hellip;]<\/p>\n","protected":false},"author":1,"featured_media":12414,"comment_status":"closed","ping_status":"closed","sticky":false,"template":"","format":"standard","meta":[],"categories":[10],"tags":[],"_links":{"self":[{"href":"http:\/\/nuevacordoba.net\/index.php\/wp-json\/wp\/v2\/posts\/12413"}],"collection":[{"href":"http:\/\/nuevacordoba.net\/index.php\/wp-json\/wp\/v2\/posts"}],"about":[{"href":"http:\/\/nuevacordoba.net\/index.php\/wp-json\/wp\/v2\/types\/post"}],"author":[{"embeddable":true,"href":"http:\/\/nuevacordoba.net\/index.php\/wp-json\/wp\/v2\/users\/1"}],"replies":[{"embeddable":true,"href":"http:\/\/nuevacordoba.net\/index.php\/wp-json\/wp\/v2\/comments?post=12413"}],"version-history":[{"count":0,"href":"http:\/\/nuevacordoba.net\/index.php\/wp-json\/wp\/v2\/posts\/12413\/revisions"}],"wp:featuredmedia":[{"embeddable":true,"href":"http:\/\/nuevacordoba.net\/index.php\/wp-json\/wp\/v2\/media\/12414"}],"wp:attachment":[{"href":"http:\/\/nuevacordoba.net\/index.php\/wp-json\/wp\/v2\/media?parent=12413"}],"wp:term":[{"taxonomy":"category","embeddable":true,"href":"http:\/\/nuevacordoba.net\/index.php\/wp-json\/wp\/v2\/categories?post=12413"},{"taxonomy":"post_tag","embeddable":true,"href":"http:\/\/nuevacordoba.net\/index.php\/wp-json\/wp\/v2\/tags?post=12413"}],"curies":[{"name":"wp","href":"https:\/\/api.w.org\/{rel}","templated":true}]}}