{"id":12425,"date":"2021-11-14T00:27:59","date_gmt":"2021-11-14T00:27:59","guid":{"rendered":"https:\/\/www.ole.com.ar\/futbol-ascenso\/primera-nacional_0_hzjh06wOQ.html"},"modified":"2021-11-14T00:27:59","modified_gmt":"2021-11-14T00:27:59","slug":"como-se-preparan-los-equipos-que-definen-la-primera-nacional","status":"publish","type":"post","link":"http:\/\/nuevacordoba.net\/index.php\/2021\/11\/14\/como-se-preparan-los-equipos-que-definen-la-primera-nacional\/","title":{"rendered":"C\u00f3mo se preparan los equipos que definen la Primera Nacional"},"content":{"rendered":"<div><img src=\"http:\/\/nuevacordoba.net\/wp-content\/uploads\/2021\/11\/como-se-preparan-los-equipos-que-definen-la-primera-nacional.jpg\" class=\"ff-og-image-inserted\"><\/div>\n<h2><strong>Tigre: tres nombres por un lugar<\/strong><\/h2>\n<p>A un d\u00eda para la gran final contra San Mart\u00edn de Tucum\u00e1n, Diego Mart\u00ednez debe resolver qui\u00e9n reemplazar\u00e1 a Fernando Alarc\u00f3n, quien recibi\u00f3 la quinta amarilla en la victoria contra Almirante Brown y deber\u00e1 purgar una fecha de suspensi\u00f3n. Si el entrenador decide mantener la l\u00ednea de tres defensores, hay dos jugadores que surgen como candidatos: Giacopuzzi y Oliver. Sin embargo, si modifica el sistema t\u00e1ctico, podr\u00eda meter un volante de marca y mandar a Lucas Blondel al lateral.<\/p>\n<h2><strong>San Mart\u00edn (T): La Ciudadela se prepara para festejar<\/strong><\/h2>\n<p> De cara al encuentro de ma\u00f1ana contra Tigre, San Mart\u00edn se est\u00e1 preparando para armar una fiesta en su cancha. Por un lado, la Polic\u00eda anunci\u00f3 que habr\u00e1 un operativo \u201cimportante\u201d para que no haya complicaciones. Por el otro, desde el club anunciaron que se superar\u00e1 el aforo permitido. \u00bfC\u00f3mo? \u201cVamos a vender un poquito m\u00e1s del 50%, vamos a superar el 70%, est\u00e1 hablado con los \u00f3rganos de control y la AFA tambi\u00e9n nos dio el visto bueno, estamos en condiciones\u201d, dijo Rub\u00e9n Moisello, presidente del Ciruja.<\/p>\n<h2><strong>Quilmes: con Chiqui lesionado, est\u00e1 el 11<\/strong><\/h2>\n<p> Despu\u00e9s de la baja sensible de Rodrigo Moreira (sufri\u00f3 la rotura de ligamento cruzado anterior y ser\u00e1 operado), el Cervecero ya tiene definido qui\u00e9n el equipo que ir\u00e1 por la victoria ante Belgrano. Con la suspensi\u00f3n de Garc\u00eda Basso por cinco amarillas y la lesi\u00f3n del Chiqui, Facundo Sava meter\u00e1 a Rafael Barrios como central, acompa\u00f1ando a Pier Barrios. \u00bfEl 11? Saracho; Ortega, Pier, Rafael, Arias; Bonetto, Calello, Obreg\u00f3n, Moreno; Pons y Pavone.<\/p>\n<h2><strong>Almirante: con bajas y una alta<\/strong><\/h2>\n<p> Ya clasificado al Reducido, La Fragata todav\u00eda tiene chances de llegar a lo m\u00e1s alto de la Zona A, aunque no ser\u00e1 sencillo. \u00bfQu\u00e9 necesita? Los tres puntos con Alvarado, esperar una igualdad entre San Mart\u00edn de Tucum\u00e1n y Tigre, y que Quilmes no gane. Para eso, tendr\u00e1 dos bajas sensibles: Jos\u00e9 Luis Garc\u00eda y Agust\u00edn Dattola, quienes vieron la quinta amarilla y, como si fuera poco, se lesionaron ante el Matador. El que vuelve es Milton Ramos al lateral izquierdo.<\/p>\n<h2><strong>Barracas: los tocados se ponen a punto<\/strong><\/h2>\n<p> La \u00faltima victoria con San Mart\u00edn de San Juan dej\u00f3 dos preocupaciones en el Guapo: las molestias de Iv\u00e1n Tapia y de Gonzalo Paz. Sin embargo, ambos futbolistas se entrenaron de manera diferenciada durante la semana y llegar\u00e1n sin inconvenientes al duelo de ma\u00f1ana con Villa D\u00e1lmine, en el que la victoria lo meter\u00e1 en la definici\u00f3n por el primer ascenso a la Liga Profesional.<\/p>\n<h2><strong>Ferro: sin D\u00edaz y a la espera del Griego<\/strong><\/h2>\n<p> De cara a Almagro, Oeste no podr\u00e1 contar con el capit\u00e1n Gabriel D\u00edaz, que vio la roja en el triunfo contra Santamarina. El referente se perder\u00e1 un encuentro, tras conocerse la sanci\u00f3n del Tribunal de Disciplina, y volver\u00e1 en caso de una hipot\u00e9tica final o de seguir su camino en el Reducido. Adem\u00e1s, la dupla Orsi-G\u00f3mez aguarda por la recuperaci\u00f3n de Emiliano Ellac\u00f3pulos, uno de los jugadores m\u00e1s regulares en el tramo final del torneo. El volante sali\u00f3 lesionado en el \u00faltimo encuentro y es evaluado.<\/p>\n<h2><strong>Independiente: la Lepra perdi\u00f3 al Colo<\/strong><\/h2>\n<p> Enzo Mart\u00ednez sufri\u00f3 en el \u00faltimo encuentro la rotura de ligamentos cruzados y ser\u00e1 una baja sensible en la recta final de Independiente. Seg\u00fan explic\u00f3 el m\u00e9dico Maximiliano Cichitti, la cirug\u00eda se realizar\u00e1 dentro de tres semanas, cuando \u201cel ligamento pueda cicatrizar\u201d. \u201cDespu\u00e9s hay que aguardar de seis a nueves meses o hasta un a\u00f1o para su recuperaci\u00f3n\u201d, dijo en Dos de Punta.<\/p>\n<h2><strong>G\u00fcemes: para asegurarse el Reducido<\/strong><\/h2>\n<p> Si bien todav\u00eda tiene posibilidades de alcanzar la punta del campeonato y llegar a la final por el primer ascenso, el Gaucho de Santiago del Estero est\u00e1 mentalizado en confirmar su lugar en el Reducido por el segundo boleto a la Liga Profesional. Para eso, deber\u00e1 vencer a Deportivo Mor\u00f3n en un mano a mano, ya que el Gallo le puede arrebatar el puesto en caso de quedarse con los tres puntos.<\/p>\n<div class=\"entry-tags\">\n<h2>TEMAS QUE APARECEN EN ESTA NOTA<\/h2>\n<\/p><\/div>\n","protected":false},"excerpt":{"rendered":"<p>Tigre: tres nombres por un lugar A un d\u00eda para la gran final contra San Mart\u00edn de Tucum\u00e1n, Diego Mart\u00ednez debe resolver qui\u00e9n reemplazar\u00e1 a Fernando Alarc\u00f3n, quien recibi\u00f3 la quinta amarilla en la victoria contra Almirante Brown y deber\u00e1 purgar una fecha de suspensi\u00f3n. Si el entrenador decide mantener la l\u00ednea de tres defensores, [&hellip;]<\/p>\n","protected":false},"author":1,"featured_media":12426,"comment_status":"closed","ping_status":"closed","sticky":false,"template":"","format":"standard","meta":[],"categories":[10],"tags":[],"_links":{"self":[{"href":"http:\/\/nuevacordoba.net\/index.php\/wp-json\/wp\/v2\/posts\/12425"}],"collection":[{"href":"http:\/\/nuevacordoba.net\/index.php\/wp-json\/wp\/v2\/posts"}],"about":[{"href":"http:\/\/nuevacordoba.net\/index.php\/wp-json\/wp\/v2\/types\/post"}],"author":[{"embeddable":true,"href":"http:\/\/nuevacordoba.net\/index.php\/wp-json\/wp\/v2\/users\/1"}],"replies":[{"embeddable":true,"href":"http:\/\/nuevacordoba.net\/index.php\/wp-json\/wp\/v2\/comments?post=12425"}],"version-history":[{"count":0,"href":"http:\/\/nuevacordoba.net\/index.php\/wp-json\/wp\/v2\/posts\/12425\/revisions"}],"wp:featuredmedia":[{"embeddable":true,"href":"http:\/\/nuevacordoba.net\/index.php\/wp-json\/wp\/v2\/media\/12426"}],"wp:attachment":[{"href":"http:\/\/nuevacordoba.net\/index.php\/wp-json\/wp\/v2\/media?parent=12425"}],"wp:term":[{"taxonomy":"category","embeddable":true,"href":"http:\/\/nuevacordoba.net\/index.php\/wp-json\/wp\/v2\/categories?post=12425"},{"taxonomy":"post_tag","embeddable":true,"href":"http:\/\/nuevacordoba.net\/index.php\/wp-json\/wp\/v2\/tags?post=12425"}],"curies":[{"name":"wp","href":"https:\/\/api.w.org\/{rel}","templated":true}]}}