{"id":12429,"date":"2021-11-14T13:16:30","date_gmt":"2021-11-14T13:16:30","guid":{"rendered":"https:\/\/www.bbc.com\/mundo\/noticias-america-latina-59270096"},"modified":"2021-11-14T13:16:30","modified_gmt":"2021-11-14T13:16:30","slug":"que-hay-en-juego-para-el-gobierno-de-alberto-fernandez-y-para-la-oposicion-en-las-elecciones-legislativas-de-argentina","status":"publish","type":"post","link":"http:\/\/nuevacordoba.net\/index.php\/2021\/11\/14\/que-hay-en-juego-para-el-gobierno-de-alberto-fernandez-y-para-la-oposicion-en-las-elecciones-legislativas-de-argentina\/","title":{"rendered":"Qu\u00e9 hay en juego para el gobierno de Alberto Fern\u00e1ndez (y para la oposici\u00f3n) en las elecciones legislativas de Argentina"},"content":{"rendered":"<div dir=\"ltr\" class=\"e1j2237y5 bbc-q4ibpr e57qer20\">\n<div class=\"bbc-1atl7vu e1c9i7u14\">\n<ul role=\"list\" class=\"bbc-k0l9bd e1c9i7u12\">\n<li role=\"listitem\" class=\"bbc-1a3w4ok e1c9i7u11\">Veronica Smink<\/li>\n<li role=\"listitem\" class=\"bbc-1p92jtu e1c9i7u10\">BBC News Mundo, Argentina<\/li>\n<\/ul>\n<\/div>\n<\/div>\n<p><time datetime=\"2021-11-14\" class=\"bbc-14xtggo e4zesg50\">1 hora<\/time><\/p>\n<div dir=\"ltr\" class=\"bbc-1ka88fa e57qer20\">\n<figure class=\"bbc-1qdcvv9 e6bmn90\">\n<div dir=\"ltr\" class=\"bbc-172p16q e57qer20\">\n<div dir=\"ltr\" class=\"bbc-189y18v e57qer20\" readability=\"6.5\">\n<div data-e2e=\"image-placeholder\" class=\"bbc-997y1y e1whu0\" readability=\"8\"><img loading=\"lazy\" srcset=\"http:\/\/nuevacordoba.net\/wp-content\/uploads\/2021\/11\/que-hay-en-juego-para-el-gobierno-de-alberto-fernandez-y-para-la-oposicion-en-las-elecciones-legislativas-de-argentina-6.jpg 240w, http:\/\/nuevacordoba.net\/wp-content\/uploads\/2021\/11\/que-hay-en-juego-para-el-gobierno-de-alberto-fernandez-y-para-la-oposicion-en-las-elecciones-legislativas-de-argentina-7.jpg 320w, http:\/\/nuevacordoba.net\/wp-content\/uploads\/2021\/11\/que-hay-en-juego-para-el-gobierno-de-alberto-fernandez-y-para-la-oposicion-en-las-elecciones-legislativas-de-argentina-8.jpg 480w, http:\/\/nuevacordoba.net\/wp-content\/uploads\/2021\/11\/que-hay-en-juego-para-el-gobierno-de-alberto-fernandez-y-para-la-oposicion-en-las-elecciones-legislativas-de-argentina-9.jpg 624w, http:\/\/nuevacordoba.net\/wp-content\/uploads\/2021\/11\/que-hay-en-juego-para-el-gobierno-de-alberto-fernandez-y-para-la-oposicion-en-las-elecciones-legislativas-de-argentina-10.jpg 800w\" alt=\"El presidente Alberto Fern\u00e1ndez y la vicepresidenta, Cristina Kirchner, en un acto a finales de septiembre, tras su enfrentamiento por la derrota electoral en las primarias\" src=\"http:\/\/nuevacordoba.net\/wp-content\/uploads\/2021\/11\/que-hay-en-juego-para-el-gobierno-de-alberto-fernandez-y-para-la-oposicion-en-las-elecciones-legislativas-de-argentina.jpg\" sizes=\"(min-width: 1008px) 645px, 100vw\" width=\"976\" height=\"549\" class=\"eehpdyc0 bbc-100dhyn e1enwo3v0\"><\/p>\n<p role=\"text\" class=\"bbc-1s1cxbv etq3yw90\"><span class=\"bbc-1gnhmg2 e1yt7oin0\">Fuente de la imagen, <\/span><span lang=\"en-GB\">Getty Images<\/span><\/p>\n<\/div>\n<\/div>\n<div dir=\"ltr\" class=\"bbc-3edg7g e57qer20\" readability=\"6.5\"><figcaption dir=\"ltr\" class=\"bbc-1t9zlwf eede9f50\" readability=\"3\"><span class=\"bbc-1gnhmg2 e1yt7oin0\">Pie de foto, <\/span><\/p>\n<p>La derrota en las elecciones primarias de septiembre caus\u00f3 fracturas en el gobierno y muchos est\u00e1n expectantes sobre lo que podr\u00eda ocurrir este domingo.<\/p>\n<\/figcaption><\/div>\n<\/div>\n<\/figure>\n<\/div>\n<div dir=\"ltr\" class=\"bbc-19j92fr e57qer20\" readability=\"9\">\n<p dir=\"ltr\" class=\"bbc-bm53ic e1cc2ql70\"><b>El gobernante Frente de Todos (FDT) llega a las elecciones parlamentarias de medio t\u00e9rmino de este domingo en Argentina con un precedente poco auspicioso: la categ\u00f3rica derrota que sufri\u00f3 en las primarias hace dos meses.<\/b><\/p>\n<\/div>\n<div dir=\"ltr\" class=\"bbc-19j92fr e57qer20\" readability=\"13\">\n<p dir=\"ltr\" class=\"bbc-bm53ic e1cc2ql70\">Las llamadas Elecciones Primarias Abiertas Simult\u00e1neas Obligatorias -o PASO-, que se celebraron el 12 de septiembre pasado, son obligatorias en este pa\u00eds, y en la pr\u00e1ctica funcionan como una gran \u00abencuesta de opini\u00f3n\u00bb, que dej\u00f3 <b>muy mal parad<\/b><b>a<\/b> a la coalici\u00f3n del presidente Alberto Fern\u00e1ndez.<\/p>\n<\/div>\n<div dir=\"ltr\" class=\"bbc-19j92fr e57qer20\" readability=\"12\">\n<p dir=\"ltr\" class=\"bbc-bm53ic e1cc2ql70\">El FDT, que agrupa a distintas vertientes del peronismo -la fuerza que ha dominado la pol\u00edtica argentina desde el regreso de la democracia en los a\u00f1os 80- sufri\u00f3 una tajante e inesperada derrota a manos de<b> Juntos por el Cambios (JxC)<\/b>, la coalici\u00f3n de centroderecha a la que hab\u00eda desplazado del poder tan solo dos a\u00f1os antes.<\/p>\n<\/div>\n<div dir=\"ltr\" class=\"bbc-19j92fr e57qer20\" readability=\"10\">\n<p dir=\"ltr\" class=\"bbc-bm53ic e1cc2ql70\">Esa alianza encabezada por el expresidente <b>Mauricio Macri<\/b> -quien no compite en estos comicios y ocup\u00f3 un segundo plano durante la campa\u00f1a- obtuvo el 41% de los votos en las primarias, 9% m\u00e1s que el FDT.<\/p>\n<\/div>\n<div dir=\"ltr\" class=\"bbc-19j92fr e57qer20\" readability=\"10\">\n<p dir=\"ltr\" class=\"bbc-bm53ic e1cc2ql70\">As\u00ed, revirti\u00f3 su derrota de la presidenciales de 2019, que perdi\u00f3 por una diferencia de 8 puntos.<\/p>\n<\/div>\n<div dir=\"ltr\" class=\"bbc-19j92fr e57qer20\" readability=\"11\">\n<p dir=\"ltr\" class=\"bbc-bm53ic e1cc2ql70\">En cambio, el oficialismo, que <b>lleg\u00f3<\/b><b> entonces<\/b><b> al poder con el 48%<\/b> de los votos, en las PASO <b>sac\u00f3 el 32%<\/b>.<\/p>\n<\/div>\n<div dir=\"ltr\" class=\"bbc-19j92fr e57qer20\" readability=\"9\">\n<p dir=\"ltr\" class=\"bbc-bm53ic e1cc2ql70\">Si esas cifras se repitieran este domingo -el<b> escenario m\u00e1s probable <\/b>que anticipan los analistas con los que habl\u00f3 BBC Mundo- no solo reflejar\u00eda una fuerte sangr\u00eda del caudal pol\u00edtico del gobierno.<\/p>\n<\/div>\n<div dir=\"ltr\" class=\"bbc-19j92fr e57qer20\" readability=\"7\">\n<p dir=\"ltr\" class=\"bbc-bm53ic e1cc2ql70\">Tambi\u00e9n dejar\u00eda al oficialismo <b>sin el control del Congreso.<\/b><\/p>\n<\/div>\n<div dir=\"ltr\" class=\"bbc-19j92fr e57qer20\" readability=\"12\">\n<p dir=\"ltr\" class=\"bbc-bm53ic e1cc2ql70\">\u00abHoy el FDT tiene mayor\u00eda y qu\u00f3rum propio en el Senado, que preside la vicepresidenta Cristina Fern\u00e1ndez de Kirchner\u00bb, explica el polit\u00f3logo Facundo Nejamkis, director de la consultora Opina Argentina.<\/p>\n<\/div>\n<div dir=\"ltr\" class=\"bbc-19j92fr e57qer20\" readability=\"8\">\n<p dir=\"ltr\" class=\"bbc-bm53ic e1cc2ql70\">\u00abEn la C\u00e1mara de Diputados es la primera minor\u00eda, con aliados que le permiten construir qu\u00f3rum\u00bb.<\/p>\n<\/div>\n<div dir=\"ltr\" class=\"bbc-1ka88fa e57qer20\">\n<figure class=\"bbc-1qdcvv9 e6bmn90\">\n<div dir=\"ltr\" class=\"bbc-172p16q e57qer20\">\n<div dir=\"ltr\" class=\"bbc-189y18v e57qer20\">\n<div data-e2e=\"image-placeholder\" class=\"bbc-997y1y e1whu0\"><noscript><img loading=\"lazy\" srcset=\"http:\/\/nuevacordoba.net\/wp-content\/uploads\/2021\/11\/que-hay-en-juego-para-el-gobierno-de-alberto-fernandez-y-para-la-oposicion-en-las-elecciones-legislativas-de-argentina-11.jpg 240w, http:\/\/nuevacordoba.net\/wp-content\/uploads\/2021\/11\/que-hay-en-juego-para-el-gobierno-de-alberto-fernandez-y-para-la-oposicion-en-las-elecciones-legislativas-de-argentina-12.jpg 320w, http:\/\/nuevacordoba.net\/wp-content\/uploads\/2021\/11\/que-hay-en-juego-para-el-gobierno-de-alberto-fernandez-y-para-la-oposicion-en-las-elecciones-legislativas-de-argentina-13.jpg 480w, http:\/\/nuevacordoba.net\/wp-content\/uploads\/2021\/11\/que-hay-en-juego-para-el-gobierno-de-alberto-fernandez-y-para-la-oposicion-en-las-elecciones-legislativas-de-argentina-14.jpg 624w, http:\/\/nuevacordoba.net\/wp-content\/uploads\/2021\/11\/que-hay-en-juego-para-el-gobierno-de-alberto-fernandez-y-para-la-oposicion-en-las-elecciones-legislativas-de-argentina-15.jpg 800w\" alt=\"Congreso de Argentina\" src=\"http:\/\/nuevacordoba.net\/wp-content\/uploads\/2021\/11\/que-hay-en-juego-para-el-gobierno-de-alberto-fernandez-y-para-la-oposicion-en-las-elecciones-legislativas-de-argentina-1.jpg\" sizes=\"(min-width: 1008px) 645px, 100vw\" width=\"976\" height=\"549\" class=\"eehpdyc0 bbc-100dhyn e1enwo3v0\"><\/noscript><\/div>\n<\/div>\n<div dir=\"ltr\" class=\"bbc-3edg7g e57qer20\" readability=\"6\"><figcaption dir=\"ltr\" class=\"bbc-1t9zlwf eede9f50\" readability=\"2\"><span class=\"bbc-1gnhmg2 e1yt7oin0\">Pie de foto, <\/span><\/p>\n<p>El oficialismo pone en juego su control sobre el Congreso en estos comicios.<\/p>\n<\/figcaption><\/div>\n<\/div>\n<\/figure>\n<\/div>\n<div dir=\"ltr\" class=\"bbc-19j92fr e57qer20\" readability=\"9\">\n<p dir=\"ltr\" class=\"bbc-bm53ic e1cc2ql70\">Esa relaci\u00f3n de fuerzas podr\u00eda cambiar dr\u00e1sticamente despu\u00e9s de estos comicios, en los que se renuevan <b>un tercio de las bancas de la C\u00e1mara Alta y casi la mitad de la Baja.<\/b><\/p>\n<\/div>\n<div dir=\"ltr\" class=\"bbc-19j92fr e57qer20\" readability=\"11\">\n<p dir=\"ltr\" class=\"bbc-bm53ic e1cc2ql70\">Si los resultados de las PASO se repitieran, JxC le quitar\u00eda al peronismo su supremac\u00eda parlamentaria, convirti\u00e9ndose en la primera minor\u00eda en Diputados y dej\u00e1ndolo sin qu\u00f3rum propio en el Senado.<\/p>\n<\/div>\n<div dir=\"ltr\" class=\"bbc-19j92fr e57qer20\" readability=\"7\">\n<p dir=\"ltr\" class=\"bbc-bm53ic e1cc2ql70\">Esto -dice Nejamkis- obligar\u00eda al oficialismo a tener que construir alianzas para poder gobernar.<\/p>\n<\/div>\n<div dir=\"ltr\" class=\"bbc-19j92fr e57qer20\" readability=\"8\">\n<p dir=\"ltr\" class=\"bbc-bm53ic e1cc2ql70\">\u00ab<b>Las condiciones de la gobernabilidad ser\u00edan mucho m\u00e1s fr\u00e1giles<\/b>\u00ab, se\u00f1ala.<\/p>\n<\/div>\n<p><h2 id=\"En-busca-de-votos\" tabindex=\"-1\" class=\"bbc-l3e97o e14hemmw0\">En busca de votos<\/h2>\n<\/p>\n<div dir=\"ltr\" class=\"bbc-19j92fr e57qer20\" readability=\"7\">\n<p dir=\"ltr\" class=\"bbc-bm53ic e1cc2ql70\">El gobierno apuesta a evitar este escenario.<\/p>\n<\/div>\n<div dir=\"ltr\" class=\"bbc-19j92fr e57qer20\" readability=\"11\">\n<p dir=\"ltr\" class=\"bbc-bm53ic e1cc2ql70\">Tras la derrota en septiembre, que sorprendi\u00f3 a todos por su magnitud (el oficialismo perdi\u00f3 casi 16 puntos en comparaci\u00f3n con 2019), Fern\u00e1ndez reconoci\u00f3 que hab\u00eda una \u00abdemanda insatisfecha\u00bb en la poblaci\u00f3n.<\/p>\n<\/div>\n<div dir=\"ltr\" class=\"bbc-19j92fr e57qer20\" readability=\"10\">\n<p dir=\"ltr\" class=\"bbc-bm53ic e1cc2ql70\">\u00abEvidentemente <b>hay errores que hemos cometido<\/b>\u00ab, dijo al conocerse los resultados. \u00abDe ellos aprenderemos\u00bb, asegur\u00f3.<\/p>\n<\/div>\n<div dir=\"ltr\" class=\"bbc-19j92fr e57qer20\" readability=\"8\">\n<p dir=\"ltr\" class=\"bbc-bm53ic e1cc2ql70\">La mayor\u00eda de las medidas que implement\u00f3 el gobierno para revertir ese rev\u00e9s electoral se concentraron en <b>mejorar el bolsillo de los argentinos.<\/b><\/p>\n<\/div>\n<div dir=\"ltr\" class=\"bbc-19j92fr e57qer20\" readability=\"12\">\n<p dir=\"ltr\" class=\"bbc-bm53ic e1cc2ql70\">Las encuestas muestran que la principal preocupaci\u00f3n de la gente es la econom\u00eda, que ya ven\u00eda de dos a\u00f1os de recesi\u00f3n y una inflaci\u00f3n que superaba el 50% cuando llegaron la pandemia y las fuertes restricciones ordenadas por Fern\u00e1ndez, que juntas provocaron una contracci\u00f3n econ\u00f3mica del 10%. <\/p>\n<\/div>\n<div dir=\"ltr\" class=\"bbc-19j92fr e57qer20\" readability=\"12\">\n<p dir=\"ltr\" class=\"bbc-bm53ic e1cc2ql70\">Tras la derrota en las primarias, el gobierno <b>aument\u00f3 el salario m\u00ednimo, la asistencia social y los cr\u00e9ditos, y redujo los impuestos<\/b> sobre el salario para las personas con ingresos medios y medioaltos.<\/p>\n<\/div>\n<div dir=\"ltr\" class=\"bbc-19j92fr e57qer20\" readability=\"9\">\n<p dir=\"ltr\" class=\"bbc-bm53ic e1cc2ql70\">Tambi\u00e9n aument\u00f3 la<b> intervenci\u00f3n estatal <\/b>para intentar contener la inflaci\u00f3n, congelando el precio de 1.400 productos de consumo masivo y de medicamentos hasta enero de 2022.<\/p>\n<\/div>\n<div dir=\"ltr\" class=\"bbc-1ka88fa e57qer20\">\n<figure class=\"bbc-1qdcvv9 e6bmn90\">\n<div dir=\"ltr\" class=\"bbc-172p16q e57qer20\">\n<div dir=\"ltr\" class=\"bbc-189y18v e57qer20\" readability=\"6.5\">\n<div data-e2e=\"image-placeholder\" class=\"bbc-997y1y e1whu0\" readability=\"8\"><noscript><img loading=\"lazy\" srcset=\"http:\/\/nuevacordoba.net\/wp-content\/uploads\/2021\/11\/que-hay-en-juego-para-el-gobierno-de-alberto-fernandez-y-para-la-oposicion-en-las-elecciones-legislativas-de-argentina-16.jpg 240w, http:\/\/nuevacordoba.net\/wp-content\/uploads\/2021\/11\/que-hay-en-juego-para-el-gobierno-de-alberto-fernandez-y-para-la-oposicion-en-las-elecciones-legislativas-de-argentina-17.jpg 320w, http:\/\/nuevacordoba.net\/wp-content\/uploads\/2021\/11\/que-hay-en-juego-para-el-gobierno-de-alberto-fernandez-y-para-la-oposicion-en-las-elecciones-legislativas-de-argentina-18.jpg 480w, http:\/\/nuevacordoba.net\/wp-content\/uploads\/2021\/11\/que-hay-en-juego-para-el-gobierno-de-alberto-fernandez-y-para-la-oposicion-en-las-elecciones-legislativas-de-argentina-19.jpg 624w, http:\/\/nuevacordoba.net\/wp-content\/uploads\/2021\/11\/que-hay-en-juego-para-el-gobierno-de-alberto-fernandez-y-para-la-oposicion-en-las-elecciones-legislativas-de-argentina-20.jpg 800w\" alt=\"Venta de carne en un supermercado en Argentina\" src=\"http:\/\/nuevacordoba.net\/wp-content\/uploads\/2021\/11\/que-hay-en-juego-para-el-gobierno-de-alberto-fernandez-y-para-la-oposicion-en-las-elecciones-legislativas-de-argentina-2.jpg\" sizes=\"(min-width: 1008px) 645px, 100vw\" width=\"976\" height=\"649\" class=\"eehpdyc0 bbc-100dhyn e1enwo3v0\"><\/noscript><\/p>\n<p role=\"text\" class=\"bbc-1s1cxbv etq3yw90\"><span class=\"bbc-1gnhmg2 e1yt7oin0\">Fuente de la imagen, <\/span><span lang=\"en-GB\">Getty Images<\/span><\/p>\n<\/div>\n<\/div>\n<div dir=\"ltr\" class=\"bbc-3edg7g e57qer20\" readability=\"7\"><figcaption dir=\"ltr\" class=\"bbc-1t9zlwf eede9f50\" readability=\"4\"><span class=\"bbc-1gnhmg2 e1yt7oin0\">Pie de foto, <\/span><\/p>\n<p>El gobierno congel\u00f3 los precios de algunos alimentos y productos b\u00e1sicos a finales de octubre para tratar de contener la inflaci\u00f3n, que supera el 50% anual.<\/p>\n<\/figcaption><\/div>\n<\/div>\n<\/figure>\n<\/div>\n<div dir=\"ltr\" class=\"bbc-19j92fr e57qer20\" readability=\"12\">\n<p dir=\"ltr\" class=\"bbc-bm53ic e1cc2ql70\">El objetivo del gobierno, se\u00f1alan los observadores, no es solo recuperar los votos perdidos en las PASO, sino intentar atraer al gran n\u00famero de votantes que <b>no particip\u00f3 en esos comicios<\/b> y podr\u00eda hacerlo este domingo.<\/p>\n<\/div>\n<div dir=\"ltr\" class=\"bbc-19j92fr e57qer20\" readability=\"12\">\n<p dir=\"ltr\" class=\"bbc-bm53ic e1cc2ql70\">El analista pol\u00edtico Juan Germano, director de Isonom\u00eda Consultores, se\u00f1al\u00f3 a BBC Mundo que en las primarias vot\u00f3 cerca del 10% menos del \u00abpromedio hist\u00f3rico\u00bb de participaci\u00f3n, que ronda el 80%.<\/p>\n<\/div>\n<div dir=\"ltr\" class=\"bbc-19j92fr e57qer20\" readability=\"9\">\n<p dir=\"ltr\" class=\"bbc-bm53ic e1cc2ql70\">A eso se suma otro 9% del electorado que en las primarias vot\u00f3 por partidos que no lograron superar el piso del 1,5% de los votos necesarios para competir en los comicios legislativos.<\/p>\n<\/div>\n<div dir=\"ltr\" class=\"bbc-19j92fr e57qer20\" readability=\"9\">\n<p dir=\"ltr\" class=\"bbc-bm53ic e1cc2ql70\">Es ese <b>quinto del electorado<\/b> el que abre interrogantes sobre qu\u00e9 pasar\u00e1 este domingo y deja abierta la posibilidad de un resultado sorpresa, que se aleje del de septiembre.<\/p>\n<\/div>\n<p><h2 id=\"La-crisis-interna\" tabindex=\"-1\" class=\"bbc-l3e97o e14hemmw0\">La crisis interna<\/h2>\n<\/p>\n<div dir=\"ltr\" class=\"bbc-19j92fr e57qer20\" readability=\"8\">\n<p dir=\"ltr\" class=\"bbc-bm53ic e1cc2ql70\">Germano se\u00f1ala que incluso una leve mejor\u00eda del FDT respecto de las primarias tendr\u00eda \u00abun fuerte valor simb\u00f3lico\u00bb.<\/p>\n<\/div>\n<div dir=\"ltr\" class=\"bbc-19j92fr e57qer20\" readability=\"9\">\n<p dir=\"ltr\" class=\"bbc-bm53ic e1cc2ql70\">Una de las mayores esperanzas del oficialismo es mejorar su rendimiento en la provincia de Buenos Aires, donde vota cerca del 40% del electorado nacional.<\/p>\n<\/div>\n<div dir=\"ltr\" class=\"bbc-19j92fr e57qer20\" readability=\"10\">\n<p dir=\"ltr\" class=\"bbc-bm53ic e1cc2ql70\">A pesar de ser considerado el principal <b>basti\u00f3n peronista<\/b> -en las presidenciales el oficialismo se impuso all\u00ed con el 52% de los votos- en las primarias obtuvo apenas el 35%, casi 5 puntos menos que Juntos por el Cambio.<\/p>\n<\/div>\n<div dir=\"ltr\" class=\"bbc-19j92fr e57qer20\" readability=\"14\">\n<p dir=\"ltr\" class=\"bbc-bm53ic e1cc2ql70\">\u00abSi el gobierno logra mejorar, aunque sea un poquito, ser\u00eda un s\u00edmbolo de que la estrategia pos-PASO -emisi\u00f3n monetaria, congelar tarifas, congelar precios- tuvo cierto r\u00e9dito\u00bb, afirma el polit\u00f3logo.<\/p>\n<\/div>\n<div dir=\"ltr\" class=\"bbc-19j92fr e57qer20\" readability=\"10\">\n<p dir=\"ltr\" class=\"bbc-bm53ic e1cc2ql70\">Sin embargo, aclara, \u00absi a\u00fan con todo eso no funcion\u00f3, <b>el quiebre puede ser mayor<\/b>\u00ab.<\/p>\n<\/div>\n<div dir=\"ltr\" class=\"bbc-19j92fr e57qer20\" readability=\"8\">\n<p dir=\"ltr\" class=\"bbc-bm53ic e1cc2ql70\">El \u00abquiebre\u00bb al que hace referencia es el que se puso en evidencia en el seno de la coalici\u00f3n gobernante tras la derrota en las primarias.<\/p>\n<\/div>\n<div dir=\"ltr\" class=\"bbc-19j92fr e57qer20\" readability=\"11\">\n<p dir=\"ltr\" class=\"bbc-bm53ic e1cc2ql70\">El resultado adverso provoc\u00f3 una <b>muy p\u00fablica disputa entre el presidente y la vicepresidenta<\/b>, que intercambiaron cr\u00edticas a trav\u00e9s de las redes sociales, llevando a los argentinos a especular con una posible ruptura de la coalici\u00f3n gubernamental.<\/p>\n<\/div>\n<div class=\"bbc-sffzb7 e8v25yx0\">\n<div dir=\"ltr\" class=\"bbc-1ka88fa e57qer20\">\n<figure class=\"bbc-1qdcvv9 e6bmn90\">\n<div dir=\"ltr\" class=\"bbc-172p16q e57qer20\">\n<div dir=\"ltr\" class=\"bbc-189y18v e57qer20\" readability=\"6.5\">\n<div data-e2e=\"image-placeholder\" class=\"bbc-997y1y e1whu0\" readability=\"8\"><noscript><img loading=\"lazy\" srcset=\"http:\/\/nuevacordoba.net\/wp-content\/uploads\/2021\/11\/que-hay-en-juego-para-el-gobierno-de-alberto-fernandez-y-para-la-oposicion-en-las-elecciones-legislativas-de-argentina-21.jpg 240w, http:\/\/nuevacordoba.net\/wp-content\/uploads\/2021\/11\/que-hay-en-juego-para-el-gobierno-de-alberto-fernandez-y-para-la-oposicion-en-las-elecciones-legislativas-de-argentina-22.jpg 320w, http:\/\/nuevacordoba.net\/wp-content\/uploads\/2021\/11\/que-hay-en-juego-para-el-gobierno-de-alberto-fernandez-y-para-la-oposicion-en-las-elecciones-legislativas-de-argentina-23.jpg 480w, http:\/\/nuevacordoba.net\/wp-content\/uploads\/2021\/11\/que-hay-en-juego-para-el-gobierno-de-alberto-fernandez-y-para-la-oposicion-en-las-elecciones-legislativas-de-argentina-24.jpg 624w, http:\/\/nuevacordoba.net\/wp-content\/uploads\/2021\/11\/que-hay-en-juego-para-el-gobierno-de-alberto-fernandez-y-para-la-oposicion-en-las-elecciones-legislativas-de-argentina-25.jpg 800w\" alt=\"El presidente Alberto Fern\u00e1ndez y la vicepresidenta, Cristina Kirchner, en el acto de cierre de campa\u00f1a\" src=\"http:\/\/nuevacordoba.net\/wp-content\/uploads\/2021\/11\/que-hay-en-juego-para-el-gobierno-de-alberto-fernandez-y-para-la-oposicion-en-las-elecciones-legislativas-de-argentina-3.jpg\" sizes=\"(min-width: 1008px) 645px, 100vw\" width=\"976\" height=\"549\" class=\"eehpdyc0 bbc-100dhyn e1enwo3v0\"><\/noscript><\/p>\n<p role=\"text\" class=\"bbc-1s1cxbv etq3yw90\"><span class=\"bbc-1gnhmg2 e1yt7oin0\">Fuente de la imagen, <\/span><span lang=\"en-GB\">Getty Images<\/span><\/p>\n<\/div>\n<\/div>\n<div dir=\"ltr\" class=\"bbc-3edg7g e57qer20\" readability=\"7\"><figcaption dir=\"ltr\" class=\"bbc-1t9zlwf eede9f50\" readability=\"4\"><span class=\"bbc-1gnhmg2 e1yt7oin0\">Pie de foto, <\/span><\/p>\n<p>Alberto Fern\u00e1ndez y Cristina Kirchner se enfrentaron p\u00fablicamente despu\u00e9s de perder las primarias en septiembre, aunque luego se volvieron a mostrar juntos.<\/p>\n<\/figcaption><\/div>\n<\/div>\n<\/figure>\n<\/div>\n<\/div>\n<div dir=\"ltr\" class=\"bbc-19j92fr e57qer20\" readability=\"11\">\n<p dir=\"ltr\" class=\"bbc-bm53ic e1cc2ql70\">La crisis pol\u00edtica se sald\u00f3 luego de unos d\u00edas con un <b>cambio de gabinete<\/b>, algo que hab\u00eda exigido abiertamente Cristina Kirchner, generalmente considerada la socia mayoritaria en la dupla presidencial.<\/p>\n<\/div>\n<div dir=\"ltr\" class=\"bbc-19j92fr e57qer20\" readability=\"13\">\n<p dir=\"ltr\" class=\"bbc-bm53ic e1cc2ql70\">Y es que, aunque el presidente sea Alberto Fern\u00e1ndez, fue la vicepresidenta quien <b>lo escogi\u00f3 para competir juntos en 2019<\/b>, una decisi\u00f3n que caus\u00f3 mucha sorpresa en su momento, debido a la animosidad entre ambos desde que \u00e9l renunciara como jefe de Gabinete de ella en 2008. <\/p>\n<\/div>\n<div dir=\"ltr\" class=\"bbc-19j92fr e57qer20\" readability=\"13\">\n<p dir=\"ltr\" class=\"bbc-bm53ic e1cc2ql70\">Seg\u00fan Germano, la decisi\u00f3n de Kirchner de dar un paso al costado y formar una alianza peronista con Fern\u00e1ndez y otro exjefe de Gabinete con el que termin\u00f3 enfrentada, Sergio Massa, fue \u00ab<b>muy efectiva desde lo electoral, pero muy poco efectiva para gobernar<\/b>\u00ab.<\/p>\n<\/div>\n<div dir=\"ltr\" class=\"bbc-19j92fr e57qer20\" readability=\"11\">\n<p dir=\"ltr\" class=\"bbc-bm53ic e1cc2ql70\">\u00abEl gobierno <b>no tiene un rumbo<\/b>, muchas de las discusiones internas fueron demasiado p\u00fablicas, y eso te saca credibilidad\u00bb, se\u00f1ala. <\/p>\n<\/div>\n<div dir=\"ltr\" class=\"bbc-19j92fr e57qer20\" readability=\"13\">\n<p dir=\"ltr\" class=\"bbc-bm53ic e1cc2ql70\">\u00abEn un momento en el que requer\u00edas tranquilidad y tener un norte, porque ven\u00edas de una mala experiencia econ\u00f3mica y te vino una pandemia encima, con toda la incertidumbre que eso gener\u00f3, el gobierno no logr\u00f3 dar esa tranquilidad\u00bb, afirma.<\/p>\n<\/div>\n<div dir=\"ltr\" class=\"bbc-19j92fr e57qer20\" readability=\"9\">\n<p dir=\"ltr\" class=\"bbc-bm53ic e1cc2ql70\">Lo que muchos se preguntan ahora es si las rivalidades -o \u00abinternas\u00bb- que se magnificaron tras la derrota de septiembre, <b>podr\u00edan restarle votos al oficialismo. <\/b><\/p>\n<\/div>\n<div dir=\"ltr\" class=\"bbc-19j92fr e57qer20\" readability=\"9\">\n<p dir=\"ltr\" class=\"bbc-bm53ic e1cc2ql70\">Y si un nuevo resultado adverso podr\u00eda <b>ahondar a\u00fan m\u00e1s las diferencias, debilitando a Fern\u00e1ndez<\/b> y complicando todav\u00eda m\u00e1s la gobernabilidad en la segunda mitad de su mandato.<\/p>\n<\/div>\n<p><h2 id=\"El-resurgimiento-del-macrismo\" tabindex=\"-1\" class=\"bbc-l3e97o e14hemmw0\">El resurgimiento del macrismo<\/h2>\n<\/p>\n<div dir=\"ltr\" class=\"bbc-19j92fr e57qer20\" readability=\"10\">\n<p dir=\"ltr\" class=\"bbc-bm53ic e1cc2ql70\">Al igual que el gobierno, Juntos por el Cambio tambi\u00e9n se ilusiona con atraer a nuevos electores este domingo, para mantener o incluso acrecentar la ventaja electoral que obtuvo hace dos meses.<\/p>\n<\/div>\n<div dir=\"ltr\" class=\"bbc-19j92fr e57qer20\" readability=\"13\">\n<p dir=\"ltr\" class=\"bbc-bm53ic e1cc2ql70\">De lograrlo, significar\u00eda una reivindicaci\u00f3n para Mauricio Macri, que dej\u00f3 el poder tras un solo mandato, en medio de una crisis inflacionaria y de deuda, y con un peso que perdi\u00f3 m\u00e1s del 500% de su valor frente al d\u00f3lar.<\/p>\n<\/div>\n<div dir=\"ltr\" class=\"bbc-19j92fr e57qer20\" readability=\"9\">\n<p dir=\"ltr\" class=\"bbc-bm53ic e1cc2ql70\">No obstante, Nejamkis se\u00f1ala que parte del \u00e9xito que tuvo el macrismo en las primarias se debi\u00f3 a que logr\u00f3 <b>despegarse del expresidente. <\/b><\/p>\n<\/div>\n<div dir=\"ltr\" class=\"bbc-1ka88fa e57qer20\">\n<figure class=\"bbc-1qdcvv9 e6bmn90\">\n<div dir=\"ltr\" class=\"bbc-172p16q e57qer20\">\n<div dir=\"ltr\" class=\"bbc-189y18v e57qer20\" readability=\"6.5\">\n<div data-e2e=\"image-placeholder\" class=\"bbc-997y1y e1whu0\" readability=\"8\"><noscript><img loading=\"lazy\" srcset=\"http:\/\/nuevacordoba.net\/wp-content\/uploads\/2021\/11\/que-hay-en-juego-para-el-gobierno-de-alberto-fernandez-y-para-la-oposicion-en-las-elecciones-legislativas-de-argentina-26.jpg 240w, http:\/\/nuevacordoba.net\/wp-content\/uploads\/2021\/11\/que-hay-en-juego-para-el-gobierno-de-alberto-fernandez-y-para-la-oposicion-en-las-elecciones-legislativas-de-argentina-27.jpg 320w, http:\/\/nuevacordoba.net\/wp-content\/uploads\/2021\/11\/que-hay-en-juego-para-el-gobierno-de-alberto-fernandez-y-para-la-oposicion-en-las-elecciones-legislativas-de-argentina-28.jpg 480w, http:\/\/nuevacordoba.net\/wp-content\/uploads\/2021\/11\/que-hay-en-juego-para-el-gobierno-de-alberto-fernandez-y-para-la-oposicion-en-las-elecciones-legislativas-de-argentina-29.jpg 624w, http:\/\/nuevacordoba.net\/wp-content\/uploads\/2021\/11\/que-hay-en-juego-para-el-gobierno-de-alberto-fernandez-y-para-la-oposicion-en-las-elecciones-legislativas-de-argentina-30.jpg 800w\" alt=\"Mauricio Macri detr\u00e1s de banderas de Argentina\" src=\"http:\/\/nuevacordoba.net\/wp-content\/uploads\/2021\/11\/que-hay-en-juego-para-el-gobierno-de-alberto-fernandez-y-para-la-oposicion-en-las-elecciones-legislativas-de-argentina-4.jpg\" sizes=\"(min-width: 1008px) 645px, 100vw\" width=\"976\" height=\"549\" class=\"eehpdyc0 bbc-100dhyn e1enwo3v0\"><\/noscript><\/p>\n<p role=\"text\" class=\"bbc-1s1cxbv etq3yw90\"><span class=\"bbc-1gnhmg2 e1yt7oin0\">Fuente de la imagen, <\/span><span lang=\"en-GB\">Getty Images<\/span><\/p>\n<\/div>\n<\/div>\n<div dir=\"ltr\" class=\"bbc-3edg7g e57qer20\" readability=\"6\"><figcaption dir=\"ltr\" class=\"bbc-1t9zlwf eede9f50\" readability=\"2\"><span class=\"bbc-1gnhmg2 e1yt7oin0\">Pie de foto, <\/span><\/p>\n<p>Mauricio Macri no particip\u00f3 activamente en la campa\u00f1a de Juntos por el Cambio.<\/p>\n<\/figcaption><\/div>\n<\/div>\n<\/figure>\n<\/div>\n<div dir=\"ltr\" class=\"bbc-19j92fr e57qer20\" readability=\"11\">\n<p dir=\"ltr\" class=\"bbc-bm53ic e1cc2ql70\">\u00abJuntos logr\u00f3 desplazar a la figura m\u00e1s controversial de esa experiencia de gobierno, que es Mauricio Macri, y <b>renovar el elenco<\/b> de sus figuras electorales\u00bb, le dice a BBC Mundo.<\/p>\n<\/div>\n<div dir=\"ltr\" class=\"bbc-19j92fr e57qer20\" readability=\"8\">\n<p dir=\"ltr\" class=\"bbc-bm53ic e1cc2ql70\">\u00abEso le permiti\u00f3 alejar el efecto del costo del malestar que gener\u00f3 en buena parte de la poblaci\u00f3n el gobierno de Macri\u00bb.<\/p>\n<\/div>\n<div dir=\"ltr\" class=\"bbc-19j92fr e57qer20\" readability=\"10\">\n<p dir=\"ltr\" class=\"bbc-bm53ic e1cc2ql70\">Germano coincide en que la renovaci\u00f3n de JxC fue clave para explicar su sorpresivo resurgimiento en las PASO, pero considera que ese voto reflej\u00f3 m\u00e1s \u00ab<b>un castigo para el gobierno que un premio\u00bb para el macrismo<\/b>.<\/p>\n<\/div>\n<div dir=\"ltr\" class=\"bbc-19j92fr e57qer20\" readability=\"9\">\n<p dir=\"ltr\" class=\"bbc-bm53ic e1cc2ql70\">De todos modos, una holgada victoria de la principal coalici\u00f3n opositora no solo le dar\u00eda mayor poder en el Congreso durante los pr\u00f3ximos dos a\u00f1os.<\/p>\n<\/div>\n<div dir=\"ltr\" class=\"bbc-19j92fr e57qer20\" readability=\"12\">\n<p dir=\"ltr\" class=\"bbc-bm53ic e1cc2ql70\">Tambi\u00e9n fortalecer\u00eda las aspiraciones del delf\u00edn de Macri, <b>Horacio Rodr\u00edguez Larreta<\/b>, actual alcalde de la ciudad de Buenos Aires, quien se perfila como el principal candidato presidencial de la oposici\u00f3n en las elecciones de 2023.<\/p>\n<\/div>\n<div dir=\"ltr\" class=\"bbc-19j92fr e57qer20\" readability=\"10\">\n<p dir=\"ltr\" class=\"bbc-bm53ic e1cc2ql70\">Fuera de la llamada \u00abgrieta\u00bb -macrismo\/kirchnerismo-, estos comicios legislativos tambi\u00e9n podr\u00edan marcar la consolidaci\u00f3n pol\u00edtica de otras fuerzas minoritarias que han ganado terreno entre los argentinos descontentos con los partidos pol\u00edticos tradicionales.<\/p>\n<\/div>\n<div dir=\"ltr\" class=\"bbc-19j92fr e57qer20\" readability=\"13\">\n<p dir=\"ltr\" class=\"bbc-bm53ic e1cc2ql70\">Entre estos destacan los<b> \u00ablibertarios\u00bb<\/b>, encabezados por los economistas <b>Javier Milei y Jos\u00e9 Luis Espert<\/b>, quienes han logrado atraer sobre todo al voto joven con sus propuestas ultraliberales y antisistema, y que tambi\u00e9n buscar\u00e1n usar un resultado favorable este domingo como trampol\u00edn para sus aspiraciones presidenciales. <\/p>\n<\/div>\n<div dir=\"ltr\" class=\"bbc-1ka88fa e57qer20\">\n<figure class=\"bbc-1qdcvv9 e6bmn90\">\n<div dir=\"ltr\" class=\"bbc-172p16q e57qer20\">\n<div dir=\"ltr\" class=\"bbc-189y18v e57qer20\">\n<div data-e2e=\"image-placeholder\" class=\"bbc-997y1y e1whu0\"><noscript><img loading=\"lazy\" srcset=\"http:\/\/nuevacordoba.net\/wp-content\/uploads\/2021\/11\/que-hay-en-juego-para-el-gobierno-de-alberto-fernandez-y-para-la-oposicion-en-las-elecciones-legislativas-de-argentina-31.jpg 240w, http:\/\/nuevacordoba.net\/wp-content\/uploads\/2021\/11\/que-hay-en-juego-para-el-gobierno-de-alberto-fernandez-y-para-la-oposicion-en-las-elecciones-legislativas-de-argentina-32.jpg 320w, http:\/\/nuevacordoba.net\/wp-content\/uploads\/2021\/11\/que-hay-en-juego-para-el-gobierno-de-alberto-fernandez-y-para-la-oposicion-en-las-elecciones-legislativas-de-argentina-33.jpg 464w\" alt=\"l\u00ednea\" src=\"http:\/\/nuevacordoba.net\/wp-content\/uploads\/2021\/11\/que-hay-en-juego-para-el-gobierno-de-alberto-fernandez-y-para-la-oposicion-en-las-elecciones-legislativas-de-argentina-5.jpg\" sizes=\"(min-width: 1008px) 645px, 100vw\" width=\"464\" height=\"2\" class=\"eehpdyc0 bbc-100dhyn e1enwo3v0\"><\/noscript><\/div>\n<\/div>\n<\/div>\n<\/figure>\n<\/div>\n<div dir=\"ltr\" class=\"bbc-19j92fr e57qer20\" readability=\"8\">\n<p dir=\"ltr\" class=\"bbc-bm53ic e1cc2ql70\"><i class=\"bbc-h1y5j7 ewc4zcb0\">Ahora puedes recibir notificaciones de BBC <\/i><i class=\"bbc-h1y5j7 ewc4zcb0\">News <\/i><i class=\"bbc-h1y5j7 ewc4zcb0\">Mundo. Descarga la nueva versi\u00f3n de nuestra app y act\u00edvalas para no perderte nuestro mejor contenido.<\/i><\/p>\n<\/div>\n","protected":false},"excerpt":{"rendered":"<p>Veronica Smink BBC News Mundo, Argentina 1 hora Fuente de la imagen, Getty Images Pie de foto, La derrota en las elecciones primarias de septiembre caus\u00f3 fracturas en el gobierno y muchos est\u00e1n expectantes sobre lo que podr\u00eda ocurrir este domingo. El gobernante Frente de Todos (FDT) llega a las elecciones parlamentarias de medio t\u00e9rmino [&hellip;]<\/p>\n","protected":false},"author":1,"featured_media":12430,"comment_status":"closed","ping_status":"closed","sticky":false,"template":"","format":"standard","meta":[],"categories":[13],"tags":[],"_links":{"self":[{"href":"http:\/\/nuevacordoba.net\/index.php\/wp-json\/wp\/v2\/posts\/12429"}],"collection":[{"href":"http:\/\/nuevacordoba.net\/index.php\/wp-json\/wp\/v2\/posts"}],"about":[{"href":"http:\/\/nuevacordoba.net\/index.php\/wp-json\/wp\/v2\/types\/post"}],"author":[{"embeddable":true,"href":"http:\/\/nuevacordoba.net\/index.php\/wp-json\/wp\/v2\/users\/1"}],"replies":[{"embeddable":true,"href":"http:\/\/nuevacordoba.net\/index.php\/wp-json\/wp\/v2\/comments?post=12429"}],"version-history":[{"count":0,"href":"http:\/\/nuevacordoba.net\/index.php\/wp-json\/wp\/v2\/posts\/12429\/revisions"}],"wp:featuredmedia":[{"embeddable":true,"href":"http:\/\/nuevacordoba.net\/index.php\/wp-json\/wp\/v2\/media\/12430"}],"wp:attachment":[{"href":"http:\/\/nuevacordoba.net\/index.php\/wp-json\/wp\/v2\/media?parent=12429"}],"wp:term":[{"taxonomy":"category","embeddable":true,"href":"http:\/\/nuevacordoba.net\/index.php\/wp-json\/wp\/v2\/categories?post=12429"},{"taxonomy":"post_tag","embeddable":true,"href":"http:\/\/nuevacordoba.net\/index.php\/wp-json\/wp\/v2\/tags?post=12429"}],"curies":[{"name":"wp","href":"https:\/\/api.w.org\/{rel}","templated":true}]}}