{"id":12433,"date":"2021-11-14T15:17:01","date_gmt":"2021-11-14T15:17:01","guid":{"rendered":"http:\/\/nuevacordoba.net\/index.php\/2021\/11\/14\/ca7riel-se-estrena-como-solista-con-el-disko\/"},"modified":"2021-11-14T15:17:01","modified_gmt":"2021-11-14T15:17:01","slug":"ca7riel-se-estrena-como-solista-con-el-disko","status":"publish","type":"post","link":"http:\/\/nuevacordoba.net\/index.php\/2021\/11\/14\/ca7riel-se-estrena-como-solista-con-el-disko\/","title":{"rendered":"Ca7riel se estrena como solista con \u00abEl Disko\u00bb"},"content":{"rendered":"<figure class=\"mb-3\"><img src=\"http:\/\/nuevacordoba.net\/wp-content\/uploads\/2021\/11\/ca7riel-se-estrena-como-solista-con-el-disko.jpg\" alt=\"Este lbum es lo menos contaminado por la industria porque con los likes te volvs loco dijo Ca7riel Foto Pepe Mateos\"><figcaption> Este \u00e1lbum \u00abes lo menos contaminado por la industria, porque con los likes te volv\u00e9s loco\u00bb dijo Ca7riel. Foto: Pepe Mateos <\/figcaption><\/figure>\n<p>&nbsp;<br \/>El <strong>guitarrista, compositor y cantante Ca7riel<\/strong>, uno de los nombres propios de mayor peso de la escena de la m\u00fasica urbana, considera que su flamante primer \u00e1lbum, \u00abEl Disko\u00bb, \u00abes lo m\u00e1s puro, lo m\u00e1s sincero, lo menos contaminado por la industria, porque con los likes te volv\u00e9s loco\u00bb.<\/p>\n<p>\u00abEstas canciones no las hice pensando en los likes y por eso tampoco tienen &#8216;feats&#8217; (colaboraciones que se usan para sumar seguidores de otros artistas a la legi\u00f3n propia)\u00bb, se ufana Ca7riel durante una entrevista con T\u00e9lam.<\/p>\n<p>Pero convencido de contar con \u00abun p\u00fablico muy fiel, muy enorme y muy real\u00bb, el m\u00fasico valora la apuesta encarada con \u00abEl Disko\u00bb y sostiene: \u00abSiempre que propon\u00e9s otra cosa te puede ir m\u00e1s o menos o extremadamente bien\u00bb.<\/p>\n<p>En ese camino de un material que define como \u00abuna pel\u00edcula de once temas\u00bb, el m\u00fasico nacido hace 27 a\u00f1os bajo el nombre de Catriel Guerreiro Fern\u00e1ndez Pe\u00f1aloza asegura que \u00ab&#8216;El Disko&#8217; es la evoluci\u00f3n m\u00e1s desarrollada de Ca7riel\u00bb.<\/p>\n<p>La <strong>placa en cuesti\u00f3n reuni\u00f3 al artista con el multiinstrumentista Tom\u00e1s Sainz <\/strong>(32 a\u00f1os e hijo de Sergio Sainz, bajista en la primera banda rosarina de Juan Carlos Baglietto) <strong>en plena pandemia para construir un universo desafiante <\/strong>que logra salirse de las casillas.<\/p>\n<p>\u00abMuy bien\u00bb (con referencias a \u00abLuna de miel\u00bb de Virus y \u00abLucy in the Sky with Diamonds\u00bb, de The Beatles), \u00abBad Bitch\u00bb, \u00abShipea\u00bb, \u00abU.U\u00bb, \u00abKeyhole\u00bb, \u00abDonde tai\u00bb, \u00abChanel Maconha\u00bb, \u00abNunca me atiende\u00bb, \u00abSouvenir\u00bb, \u00abSin Sublow\u00bb y \u00abPolvo\u00bb, conforman el repertorio de \u00abEl Disko\u00bb.<\/p>\n<div class=\"video_repositive\"><a class=\"video_sticky\" href=\"javascript:void();\" onclick=\"removeStuckVideo(true);\"><i class=\"far fa-window-close\"><\/i><\/a><\/p>\n<div id=\"qS2D6cJDBgo\" class=\"video_telam\">\n<div class=\"feature_article_inner\">\n<p><h2 class=\"text-center\">CA7RIEL &#8211; Donde tai<\/h2>\n<\/p>\n<\/div>\n<p>VER VIDEO <i class=\"fas fa-play\"><\/i><\/p>\n<\/div>\n<\/div>\n<p>La potente e inspirada dupla Ca7riel-Sainz (a la que se sum\u00f3 Facundo Yalve, productor de Wos, en \u00abKeyhole\u00bb y \u00abSin Sublow\u00bb), empez\u00f3 a mostrar sus credenciales a partir de <strong>\u00abPolvo\u00bb, lanzado el 2 de septiembre de 2020 y con m\u00e1s de 3.120.000 vistas solamente en YouTube<\/strong>.<\/p>\n<p>De la mano de este lanzamiento, el int\u00e9rprete e instrumentista da un nuevo paso en un camino caracterizado por el cambio y la b\u00fasqueda, ya sea de expresi\u00f3n como de suceso.<\/p>\n<p>Una <strong>d\u00e9cada atr\u00e1s form\u00f3 parte de la banda Astor y las Flores de Marte<\/strong>, donde plasm\u00f3 musicalmente su amistad de ni\u00f1ez con Ulises Guerriero, nombre real de Paco Amoroso, quien por entonces tocaba la bater\u00eda.<\/p>\n<p>Gracias a otro amigo de la infancia se inici\u00f3 en el rap y lleg\u00f3 a participar de las batallas de freestyle de El Quinto Escal\u00f3n, una experiencia que m\u00e1s all\u00e1 de los resultados del momento, marcar\u00edan decisivamente un rumbo diferente.<\/p>\n<p>En<strong> 2018 <\/strong>edit\u00f3 los EP \u00abPovre\u00bb y \u00abLivre\u00bb y para abordarlos decidi\u00f3 convocar a Paco Amoroso, con quien desde entonces conform\u00f3 un ascendente d\u00fao de trap (hacedor de hits como \u00abPiola\u00bb, \u00abJala Jala\u00bb, \u00abOuke\u00bb, \u00abOla Mina XD\u00bb y \u00abMi Sombra\u00bb y protagonista de un renombrado show en el estadio Obras en diciembre de 2019).<\/p>\n<p>Y en medio de esa vor\u00e1gine, Ca7riel fue, adem\u00e1s, el guitarrista en vivo de la mayor\u00eda de los recitales del popular rapero Wos hasta <strong>noviembre de 2019.<\/strong><\/p>\n<p>\u00ab<strong>Cay\u00f3 la pandemia, nos tuvimos que encerrar y yo ten\u00eda muchas inquietudes que no pude abordar en el momento<\/strong> en el que estaba a full y ah\u00ed apareci\u00f3 el espacio para juntarme con Tomi\u00bb, relata el m\u00fasico encontrando una buena noticia en medio del virus que paraliz\u00f3 al mundo.<\/p>\n<figure class=\"mb-3\"><img data-src=\"http:\/\/nuevacordoba.net\/wp-content\/uploads\/2021\/11\/ca7riel-se-estrena-como-solista-con-el-disko-1.jpg\" src=\"https:\/\/www.telam.com.ar\/assets\/img\/not_image.png\" class=\" lazy \" alt=\"El Disko es un material que el msico defini como una pelcula de once temas Foto Pepe Mateos\"><figcaption> \u00abEl Disko\u00bb, es un material que el m\u00fasico defini\u00f3 como \u00abuna pel\u00edcula de once temas\u00bb. Foto: Pepe Mateos <\/figcaption><\/figure>\n<p><strong>&#8211; T\u00e9lam: O sea que la pandemia de coronavirus dio lugar al nacimiento de \u00abEl Disko\u00bb\u2026<br \/>&#8211; Ca7riel: <\/strong>Claro. Tomi es el padre y yo la madre. Todo empez\u00f3 con \u00abPolvo\u00bb, pero estaba muy solito y necesitaba m\u00e1s hermanitos y dijimos \u00abhagamos un EP\u00bb, pero luego sentimos que nos ped\u00eda m\u00e1s y as\u00ed fuimos encontrando el sondo m\u00e1s puro de Ca7riel.<\/p>\n<p><strong>&#8211; T: \u00bfPara eso fue fundamental juntarte a trabajar con Sainz?<br \/>&#8211; C: <\/strong>Definitivamente, mil por ciento. No podr\u00eda haberlo hecho con otra persona porque lo vi trabajar durante tanto tiempo con un fanatismo tan grande que es como que le rob\u00e9 la data. Yo soy un ni\u00f1o m\u00e1s pop y \u00e9l es m\u00e1s nerd y se concentra en lo que importa. Juntos somos dos personas que construimos desde el s\u00ed. En la creaci\u00f3n nunca hay un no. Lo llevamos al m\u00e1ximo y eso da como resultado una creaci\u00f3n mucho m\u00e1s positiva.<\/p>\n<p><strong>&#8211; T: \u00bfEl objetivo era poder hacer canciones que se escapen de los g\u00e9neros?<br \/>&#8211; C: <\/strong>No tengo tribu ni g\u00e9nero. Soy una persona muy inquieta que se aburre r\u00e1pidamente y me castigo mucho al hacer m\u00fasica porque vengo de palos como el jazz, el metal y el rap, g\u00e9neros de nicho que por ah\u00ed te cortan las alas. Y hacer este trabajo con Tomi implic\u00f3 conservar la sangre de lo que estoy haciendo.<\/p>\n<p><strong>&#8211; T: \u00bfA\u00fan corriendo riesgos?<br \/>&#8211; C: <\/strong>De la equivocaci\u00f3n y de la improvisaci\u00f3n pod\u00e9s sacar algo muy bello. Est\u00e1 muy calculado. Realmente no me importa lo que piensen de m\u00ed. Es lo que quer\u00eda hacer y lo que me sale porque este disco no lo hice pensando en esos t\u00e9rminos.<\/p>\n<p>&#8211;<strong> T: \u00bfSent\u00eds que tu p\u00fablico acompa\u00f1ar\u00e1 la aventura?<br \/>&#8211; C: <\/strong>La gente que escucha Ca7riel tiene el o\u00eddo m\u00e1s experimentado con otros colores, gente m\u00e1s mel\u00f3mana. Son personas que gustan de disponer de distintos sabores en el plato y si fuera una comida s\u00e9 que \u00abEl Disko\u00bb es medio gourmet. Lo que hago no es para todo el mundo y lo acepto y lo abrazo y s\u00e9 que me pregunto cosas raras.<\/p>\n<p><strong>&#8211; T: Poner un freno a lo que vos mismo desataste\u2026<br \/>&#8211; C: <\/strong>Estoy mucho m\u00e1s tranquilo. Ven\u00eda de saltar con autotune y tener que hacer saltar a quince mil personas. Ahora estoy mucho m\u00e1s plantado y seguro de lo que puedo hacer, por eso sostengo que \u00abEl Disko\u00bb es la evoluci\u00f3n m\u00e1s desarrollada de Ca7riel.<\/p>\n<div class=\"jumbotron pt-4 mt-3\" readability=\"43\">\n<h3 class=\"module-title\">Ca7riel pone en pausa su d\u00fao con Paco Amoroso<\/h3>\n<p>Entusiasmado por lo que plasm\u00f3 en su<strong> \u00e1lbum debut \u00abEl Disko\u00bb<\/strong>, Ca7riel anuncia que saldr\u00e1 a tocarlo a partir de diciembre y que por esta decisi\u00f3n <strong>queda en suspenso su exitoso d\u00fao con Paco Amoroso<\/strong>.<\/p>\n<p>\u00abNosotros somos hermanazos con Paquito pero tenemos inquietudes musicales distintas. Yo soy mucho m\u00e1s volado y necesitamos aclarar esas dudas art\u00edsticas\u00bb, desliza Ca7riel a T\u00e9lam sobre el v\u00ednculo con Amoroso, quien por su parte pr\u00f3ximamente tambi\u00e9n estrenar\u00e1 disco solista, titulado \u00abSaeta\u00bb.<\/p>\n<p><strong>&#8211; T\u00e9lam: \u00bfC\u00f3mo imagin\u00e1s que ser\u00e1 la puesta en vivo de \u00abEl Disko\u00bb y a partir de cu\u00e1ndo ocurrir\u00e1?<\/strong><\/p>\n<p>&#8211; Ca7riel: Vamos a salir a defenderlo entre diciembre y marzo. Empezaremos por el oeste y por las provincias para defender lo nuestro. Somos caballos de batalla. En cuanto al repertorio hay temas que suenan muy parecidos y otras son versiones muy a pulm\u00f3n y a sangre. Las que valen la pena no utilizamos pistas ni nada y a m\u00ed me llena de orgullo ganarle al robot, defender la artesan\u00eda del sonido.<\/p>\n<p><strong>&#8211; T: \u00bfCa7riel ir\u00eda a ver un show de Ca7riel?<\/strong><\/p>\n<p>&#8211; C: Mi sue\u00f1o es ver el show de abajo. Cuando me veo en los videos me doy un \u00abcringe\u00bb terrible pero re-ir\u00eda a ver a Ca7riel porque es algo que se escucha, se ve y se huele bien.<\/p>\n<p><strong>&#8211; T: \u00bfEn qu\u00e9 momento sent\u00eds que llegaste a \u00abEl Disko\u00bb?<\/strong><\/p>\n<p>&#8211; C: Es de la primeras veces que estoy haciendo m\u00fasica con la heladera llena y tengo mi hogar. Es algo que me lo busqu\u00e9 y que me permiti\u00f3 explorar otras formas de sentirme y expresarlo. Hasta ac\u00e1 siempre hab\u00eda creado con la panza vac\u00eda y deudas.<\/p>\n<p><strong>&#8211; T: \u00bfSer\u00e1 eso lo que te permiti\u00f3 abrir otras posibilidades sonoras?<\/strong><\/p>\n<p>&#8211; C: No lo s\u00e9. Pero abrir puertas y ventanas siempre es bueno porque cuando las cosas se hacen con amor se abren m\u00e1gicas y maravillosas posibilidades. Tanto de hacer m\u00fasica como de estar comiendo paella con (Jorge) Drexler en su casa en Madrid.<\/p>\n<\/div>\n","protected":false},"excerpt":{"rendered":"<p>Este \u00e1lbum \u00abes lo menos contaminado por la industria, porque con los likes te volv\u00e9s loco\u00bb dijo Ca7riel. Foto: Pepe Mateos &nbsp;El guitarrista, compositor y cantante Ca7riel, uno de los nombres propios de mayor peso de la escena de la m\u00fasica urbana, considera que su flamante primer \u00e1lbum, \u00abEl Disko\u00bb, \u00abes lo m\u00e1s puro, lo [&hellip;]<\/p>\n","protected":false},"author":1,"featured_media":12434,"comment_status":"closed","ping_status":"closed","sticky":false,"template":"","format":"standard","meta":[],"categories":[9],"tags":[],"_links":{"self":[{"href":"http:\/\/nuevacordoba.net\/index.php\/wp-json\/wp\/v2\/posts\/12433"}],"collection":[{"href":"http:\/\/nuevacordoba.net\/index.php\/wp-json\/wp\/v2\/posts"}],"about":[{"href":"http:\/\/nuevacordoba.net\/index.php\/wp-json\/wp\/v2\/types\/post"}],"author":[{"embeddable":true,"href":"http:\/\/nuevacordoba.net\/index.php\/wp-json\/wp\/v2\/users\/1"}],"replies":[{"embeddable":true,"href":"http:\/\/nuevacordoba.net\/index.php\/wp-json\/wp\/v2\/comments?post=12433"}],"version-history":[{"count":0,"href":"http:\/\/nuevacordoba.net\/index.php\/wp-json\/wp\/v2\/posts\/12433\/revisions"}],"wp:featuredmedia":[{"embeddable":true,"href":"http:\/\/nuevacordoba.net\/index.php\/wp-json\/wp\/v2\/media\/12434"}],"wp:attachment":[{"href":"http:\/\/nuevacordoba.net\/index.php\/wp-json\/wp\/v2\/media?parent=12433"}],"wp:term":[{"taxonomy":"category","embeddable":true,"href":"http:\/\/nuevacordoba.net\/index.php\/wp-json\/wp\/v2\/categories?post=12433"},{"taxonomy":"post_tag","embeddable":true,"href":"http:\/\/nuevacordoba.net\/index.php\/wp-json\/wp\/v2\/tags?post=12433"}],"curies":[{"name":"wp","href":"https:\/\/api.w.org\/{rel}","templated":true}]}}