{"id":12435,"date":"2021-11-14T20:25:07","date_gmt":"2021-11-14T20:25:07","guid":{"rendered":"http:\/\/nuevacordoba.net\/index.php\/2021\/11\/14\/austria-confinara-a-los-no-vacunados-desde-este-lunes\/"},"modified":"2021-11-14T20:25:07","modified_gmt":"2021-11-14T20:25:07","slug":"austria-confinara-a-los-no-vacunados-desde-este-lunes","status":"publish","type":"post","link":"http:\/\/nuevacordoba.net\/index.php\/2021\/11\/14\/austria-confinara-a-los-no-vacunados-desde-este-lunes\/","title":{"rendered":"Austria confinar\u00e1 a los no vacunados desde este lunes"},"content":{"rendered":"<figure class=\"mb-3\"><img src=\"http:\/\/nuevacordoba.net\/wp-content\/uploads\/2021\/11\/austria-confinara-a-los-no-vacunados-desde-este-lunes.jpg\" alt=\"El confinamiento afectar a unos dos millones de austracos alrededor del 23 de la poblacin del pas\"><figcaption> El confinamiento afectar\u00e1 a unos dos millones de austr\u00edacos, alrededor del 23% de la poblaci\u00f3n del pa\u00eds. <\/figcaption><\/figure>\n<p>El Gobierno de Austria anunci\u00f3 este domingo un confinamiento nacional a partir de este lunes para todas aquellas personas que no se hayan vacunado contra el coronavirus, en un esfuerzo por contener la r\u00e1pida propagaci\u00f3n de la enfermedad en el pa\u00eds europeo.<\/p>\n<p>La decisi\u00f3n proh\u00edbe a los individuos no vacunados mayores de 12 a\u00f1os salir de sus casas excepto para actividades b\u00e1sicas como trabajar, comprar comida, ir a dar un paseo o a vacunarse.<\/p>\n<p>Autoridades hab\u00edan expresado su preocupaci\u00f3n por la posibilidad de un colapso hospitalario por la creciente cantidad de pacientes con Covid-19 en la naci\u00f3n, que tiene una tasa de vacunaci\u00f3n relativamente baja.<\/p>\n<p><strong>\u00abEs nuestro trabajo como Gobierno de Austria proteger a la gente\u00bb<\/strong>, dijo el jefe de Gobierno, Alexander Schallenberg, a periodistas en Viena.&nbsp;\u00abPor lo tanto, decidimos que, desde ma\u00f1ana, habr\u00e1 un confinamiento para los no vacunados\u00bb, agreg\u00f3, inform\u00f3 la agencia de noticias estatal APA.<\/p>\n<p>El confinamiento, que comienza a la medianoche, <strong>afectar\u00e1 a unas 2 millones de personas en este pa\u00eds alpino de 8,9 millones de habitantes. L<\/strong>a medida durar\u00e1 inicialmente diez d\u00edas, y la polic\u00eda comprobar\u00e1 en las calles si la gente est\u00e1 vacunada, dijo Schallenberg.<\/p>\n<p>S\u00f3lo el 65% de la poblaci\u00f3n de Austria est\u00e1 completamente vacunada contra la Covid-19, una tasa muy inferior a la de otras naciones de la Uni\u00f3n Europea (UE).&nbsp;En semanas recientes, los casos de coronavirus aumentaron fuertemente.<\/p>\n<p>El Ministerio de Salud inform\u00f3 este domingo 11.552 nuevos contagios en las \u00faltimas 24 horas. Hace una semana, hab\u00eda informado 8.554.<\/p>\n<p>La incidencia semanal acumulada en Austria es de un exorbitante <strong>775,5 nuevos casos por cada 100.000 habitantes.&nbsp;<\/strong>En comparaci\u00f3n, la incidencia semanal en la vecina Alemania, que tambi\u00e9n est\u00e1 en alarma por estar registrando r\u00e9cord de casos, es de 298. <\/p>\n","protected":false},"excerpt":{"rendered":"<p>El confinamiento afectar\u00e1 a unos dos millones de austr\u00edacos, alrededor del 23% de la poblaci\u00f3n del pa\u00eds. El Gobierno de Austria anunci\u00f3 este domingo un confinamiento nacional a partir de este lunes para todas aquellas personas que no se hayan vacunado contra el coronavirus, en un esfuerzo por contener la r\u00e1pida propagaci\u00f3n de la enfermedad [&hellip;]<\/p>\n","protected":false},"author":1,"featured_media":12436,"comment_status":"closed","ping_status":"closed","sticky":false,"template":"","format":"standard","meta":[],"categories":[13],"tags":[],"_links":{"self":[{"href":"http:\/\/nuevacordoba.net\/index.php\/wp-json\/wp\/v2\/posts\/12435"}],"collection":[{"href":"http:\/\/nuevacordoba.net\/index.php\/wp-json\/wp\/v2\/posts"}],"about":[{"href":"http:\/\/nuevacordoba.net\/index.php\/wp-json\/wp\/v2\/types\/post"}],"author":[{"embeddable":true,"href":"http:\/\/nuevacordoba.net\/index.php\/wp-json\/wp\/v2\/users\/1"}],"replies":[{"embeddable":true,"href":"http:\/\/nuevacordoba.net\/index.php\/wp-json\/wp\/v2\/comments?post=12435"}],"version-history":[{"count":0,"href":"http:\/\/nuevacordoba.net\/index.php\/wp-json\/wp\/v2\/posts\/12435\/revisions"}],"wp:featuredmedia":[{"embeddable":true,"href":"http:\/\/nuevacordoba.net\/index.php\/wp-json\/wp\/v2\/media\/12436"}],"wp:attachment":[{"href":"http:\/\/nuevacordoba.net\/index.php\/wp-json\/wp\/v2\/media?parent=12435"}],"wp:term":[{"taxonomy":"category","embeddable":true,"href":"http:\/\/nuevacordoba.net\/index.php\/wp-json\/wp\/v2\/categories?post=12435"},{"taxonomy":"post_tag","embeddable":true,"href":"http:\/\/nuevacordoba.net\/index.php\/wp-json\/wp\/v2\/tags?post=12435"}],"curies":[{"name":"wp","href":"https:\/\/api.w.org\/{rel}","templated":true}]}}