{"id":12447,"date":"2021-11-14T14:51:27","date_gmt":"2021-11-14T14:51:27","guid":{"rendered":"https:\/\/prensa.cba.gov.ar\/?p=475790"},"modified":"2021-11-14T14:51:27","modified_gmt":"2021-11-14T14:51:27","slug":"schiaretti-le-pido-a-los-cordobeses-que-concurran-a-votar-para-expresar-su-opinion","status":"publish","type":"post","link":"http:\/\/nuevacordoba.net\/index.php\/2021\/11\/14\/schiaretti-le-pido-a-los-cordobeses-que-concurran-a-votar-para-expresar-su-opinion\/","title":{"rendered":"Schiaretti: \u201cLe pido a los cordobeses que concurran a votar para expresar su opini\u00f3n\u201d"},"content":{"rendered":"<ul>\n<li><strong>El primer mandatario provincial emiti\u00f3 su voto en el colegio Domingo Savio de la ciudad Capital.<\/strong><\/li>\n<li><strong>Celebr\u00f3 la concreci\u00f3n de una nueva jornada democr\u00e1tica en el pa\u00eds e inst\u00f3 a los cordobeses a participar.<\/strong><\/li>\n<\/ul>\n<p>Este domingo a la ma\u00f1ana, el gobernador Juan Schiaretti emiti\u00f3 su voto en el Instituto Domingo Savio, ubicado en el barrio Don Bosco de la ciudad Capital. Pasadas las 10.30, el mandatario sufrag\u00f3 en la mesa electoral n\u00famero 2.130.<\/p>\n<p>Al salir del cuarto oscuro, Schiaretti dialog\u00f3 con la prensa y sostuvo: \u201c<em>El proceso electoral se est\u00e1 desarrollando con absoluta normalidad; hay buena cantidad de gente votando. Yo le pido al pueblo de C\u00f3rdoba que concurra y exprese su opini\u00f3n a trav\u00e9s del voto porque es un derecho y un deber de todos\u201d.<\/em><\/p>\n<p>Consultado sobre el futuro de la Provincia acerca de estas elecciones legislativas el gobernador remarc\u00f3: \u201c<em>C\u00f3rdoba va a seguir creciendo porque ac\u00e1 se trabaja en conjunto y ese es el secreto del progreso de nuestra provincia. Pensamos distinto, pero trabajamos respetando la pluralidad de ideas\u201d.<\/em><\/p>\n<p>En estas elecciones legislativas,&nbsp;los argentinos votar\u00e1n para renovar la mitad de la C\u00e1mara de Diputados y un tercio de Senado de la Naci\u00f3n. C\u00f3rdoba elegir\u00e1 nueve nuevos diputados nacionales y tres senadores.<\/p>\n<figure class=\"wp-block-audio\"><audio controls src=\"https:\/\/prensa.cba.gov.ar\/wp-content\/uploads\/2021\/11\/schiaretti14.11.21-1.mp3\"><\/audio><\/figure>\n<p><em>Audio: gobernador Schiaretti.<\/em><\/p>\n<figure class=\"wp-block-gallery columns-2 is-cropped\">\n<ul class=\"blocks-gallery-grid\">\n<li class=\"blocks-gallery-item\">\n<figure><img loading=\"lazy\" width=\"1600\" height=\"1069\" src=\"http:\/\/nuevacordoba.net\/wp-content\/uploads\/2021\/11\/schiaretti-le-pido-a-los-cordobeses-que-concurran-a-votar-para-expresar-su-opinion.jpg\" alt data-id=\"475793\" data-full-url=\"http:\/\/nuevacordoba.net\/wp-content\/uploads\/2021\/11\/schiaretti-le-pido-a-los-cordobeses-que-concurran-a-votar-para-expresar-su-opinion.jpg\" data-link=\"https:\/\/prensa.cba.gov.ar\/?attachment_id=475793\" class=\"wp-image-475793\"><\/figure>\n<\/li>\n<li class=\"blocks-gallery-item\">\n<figure><img loading=\"lazy\" width=\"1280\" height=\"851\" src=\"http:\/\/nuevacordoba.net\/wp-content\/uploads\/2021\/11\/schiaretti-le-pido-a-los-cordobeses-que-concurran-a-votar-para-expresar-su-opinion-1.jpg\" alt data-id=\"475792\" data-full-url=\"http:\/\/nuevacordoba.net\/wp-content\/uploads\/2021\/11\/schiaretti-le-pido-a-los-cordobeses-que-concurran-a-votar-para-expresar-su-opinion-1.jpg\" data-link=\"https:\/\/prensa.cba.gov.ar\/?attachment_id=475792\" class=\"wp-image-475792\"><\/figure>\n<\/li>\n<\/ul>\n<\/figure>\n<figure class=\"wp-block-embed is-type-rich is-provider-twitter wp-block-embed-twitter\"><\/figure>\n","protected":false},"excerpt":{"rendered":"<p>El primer mandatario provincial emiti\u00f3 su voto en el colegio Domingo Savio de la ciudad Capital. Celebr\u00f3 la concreci\u00f3n de una nueva jornada democr\u00e1tica en el pa\u00eds e inst\u00f3 a los cordobeses a participar. Este domingo a la ma\u00f1ana, el gobernador Juan Schiaretti emiti\u00f3 su voto en el Instituto Domingo Savio, ubicado en el barrio [&hellip;]<\/p>\n","protected":false},"author":1,"featured_media":12448,"comment_status":"closed","ping_status":"closed","sticky":false,"template":"","format":"standard","meta":[],"categories":[14],"tags":[],"_links":{"self":[{"href":"http:\/\/nuevacordoba.net\/index.php\/wp-json\/wp\/v2\/posts\/12447"}],"collection":[{"href":"http:\/\/nuevacordoba.net\/index.php\/wp-json\/wp\/v2\/posts"}],"about":[{"href":"http:\/\/nuevacordoba.net\/index.php\/wp-json\/wp\/v2\/types\/post"}],"author":[{"embeddable":true,"href":"http:\/\/nuevacordoba.net\/index.php\/wp-json\/wp\/v2\/users\/1"}],"replies":[{"embeddable":true,"href":"http:\/\/nuevacordoba.net\/index.php\/wp-json\/wp\/v2\/comments?post=12447"}],"version-history":[{"count":0,"href":"http:\/\/nuevacordoba.net\/index.php\/wp-json\/wp\/v2\/posts\/12447\/revisions"}],"wp:featuredmedia":[{"embeddable":true,"href":"http:\/\/nuevacordoba.net\/index.php\/wp-json\/wp\/v2\/media\/12448"}],"wp:attachment":[{"href":"http:\/\/nuevacordoba.net\/index.php\/wp-json\/wp\/v2\/media?parent=12447"}],"wp:term":[{"taxonomy":"category","embeddable":true,"href":"http:\/\/nuevacordoba.net\/index.php\/wp-json\/wp\/v2\/categories?post=12447"},{"taxonomy":"post_tag","embeddable":true,"href":"http:\/\/nuevacordoba.net\/index.php\/wp-json\/wp\/v2\/tags?post=12447"}],"curies":[{"name":"wp","href":"https:\/\/api.w.org\/{rel}","templated":true}]}}