{"id":12451,"date":"2021-11-15T10:37:10","date_gmt":"2021-11-15T10:37:10","guid":{"rendered":"http:\/\/nuevacordoba.net\/index.php\/2021\/11\/15\/messi-rumbo-a-la-titularidad-ante-brasil-y-paredes-estuvo-a-la-par-de-todos\/"},"modified":"2021-11-15T10:37:10","modified_gmt":"2021-11-15T10:37:10","slug":"messi-rumbo-a-la-titularidad-ante-brasil-y-paredes-estuvo-a-la-par-de-todos","status":"publish","type":"post","link":"http:\/\/nuevacordoba.net\/index.php\/2021\/11\/15\/messi-rumbo-a-la-titularidad-ante-brasil-y-paredes-estuvo-a-la-par-de-todos\/","title":{"rendered":"Messi rumbo a la titularidad ante Brasil y Paredes estuvo a la par de todos"},"content":{"rendered":"<div><img src=\"http:\/\/nuevacordoba.net\/wp-content\/uploads\/2021\/11\/messi-rumbo-a-la-titularidad-ante-brasil-y-paredes-estuvo-a-la-par-de-todos.jpg\" class=\"ff-og-image-inserted\"><\/div>\n<div class=\"video_repositive\"><a class=\"video_sticky\" href=\"javascript:void();\" onclick=\"removeStuckVideo(true);\"><i class=\"far fa-window-close\"><\/i><\/a><\/p>\n<div id=\"j4aWliDjtp4\" class=\"video_telam\" readability=\"6\">\n<div class=\"feature_article_inner\" readability=\"32\">\n<p><h2 class=\"text-center\">Argentina se prepara para el cl\u00e1sico ante Brasil. Video: AFASeleccion<\/h2>\n<\/p>\n<\/div>\n<p>VER VIDEO <i class=\"fas fa-play\"><\/i><\/p>\n<\/div>\n<\/div>\n<p>Lionel Messi volvi\u00f3 a trabajar a buen ritmo en la pr\u00e1ctica vespertina realizada este domingo en el predio de AFA, en Ezeiza, encamin\u00e1ndose hacia la titularidad en el partido del martes ante Brasil, mientras que por segundo d\u00eda consecutivo el volante Leandro Paredes trabaj\u00f3 a la par de sus compa\u00f1eros y <strong>Paulo Dybala, si bien est\u00e1 recuperado de la contusi\u00f3n en el s\u00f3leo de la pierna izquierda, realiz\u00f3 los ejercicios a menor intensidad<\/strong>.<\/p>\n<p>De esta manera el capit\u00e1n argentino, tal como lo hab\u00eda dejado impl\u00edcito el entrenador Lionel Scaloni antes del encuentro frente a Uruguay, se encamina a ser titular en el partido del pr\u00f3ximo martes a las 20.30 en el estadio San Juan del Bicentenario, donde puede sellar su clasificaci\u00f3n anticipada al Mundial de Qatar 2022.<\/p>\n<p>Para que ello se concrete Argentina tendr\u00e1 que ganarle a Brasil y esperar que Colombia no haga lo propio con Paraguay. Por el momento el seleccionado albiceleste tiene como seguro al menos un sitio en el repechaje.<\/p>\n<p>Y para afrontar ese compromiso al que los brasile\u00f1os llegan ya con ese objetivo cumplido en la fecha anterior, cuando doblegaron como locales justamente a los colombianos por 1 a 0, Messi estar\u00e1 desde el arranque.<\/p>\n<p>Esa posibilidad de Argentina obedece a que Colombia tiene la misma cantidad de puntos que Chile y Uruguay, pero estos dos \u00faltimos se quitar\u00e1n puntos entre s\u00ed cuando se enfrenten en la 18va. y \u00faltima fecha de estas Eliminatorias Sudamericanas en Santiago, el martes 29 de marzo.<\/p>\n<p><strong>El que dif\u00edcilmente pueda volver a la titularidad es Paredes,<\/strong> ya que si bien est\u00e1 realizando los trabajos de exigencia con normalidad, es cierto que reci\u00e9n empez\u00f3 a realizarse el s\u00e1bado de esa modalidad, luego de un largo per\u00edodo de restablecimiento de un desgarro en el cu\u00e1driceps derecho que sufri\u00f3 durante la triple fecha de Eliminatorias pasadas, lo que le impidi\u00f3 volver a jugar en su club, Paris Saint Germain.<\/p>\n<p>Ante ese panorama el cuerpo t\u00e9cnico argentino ir\u00e1 \u00abpor la v\u00eda diplom\u00e1tica\u00bb para manejar el regreso a la competencia del ex Boca Juniors, tal como lo hizo con Messi frente a Uruguay, con el objetivo de no tensar las relaciones con el club franc\u00e9s.<\/p>\n<blockquote class=\"twitter-tweet\" readability=\"5.6875\">\n<p lang=\"es\" dir=\"ltr\"><a href=\"https:\/\/twitter.com\/hashtag\/Selecci%C3%B3nMayor?src=hash&amp;ref_src=twsrc%5Etfw\">#Selecci\u00f3nMayor<\/a> Ma\u00f1ana de recuperaci\u00f3n para los que jugaron desde el inicio y trabajos con bal\u00f3n para el resto del plantel.<\/p>\n<p>\u00a1Vamos banda! \ud83d\udcaa\ud83c\udffb <a href=\"https:\/\/twitter.com\/hashtag\/ModoSelecci%C3%B3n?src=hash&amp;ref_src=twsrc%5Etfw\">#ModoSelecci\u00f3n<\/a><a href=\"https:\/\/t.co\/rA07j0qKdg\">pic.twitter.com\/rA07j0qKdg<\/a><\/p>\n<p>\u2014 Selecci\u00f3n Argentina \ud83c\udde6\ud83c\uddf7 (@Argentina) <a href=\"https:\/\/twitter.com\/Argentina\/status\/1459551426049413124?ref_src=twsrc%5Etfw\">November 13, 2021<\/a><\/p><\/blockquote>\n<p>Y respecto de Dybala, el parte m\u00e9dico oficial pospartido con los uruguayos dio cuenta de una \u00absobrecarga muscular en el s\u00f3leo izquierdo\u00bb, pero como esto fue como producto de un golpe y no de un estiramiento, el dolor fue desapareciendo m\u00e1s r\u00e1pidamente con el correr de las horas.<\/p>\n<p><strong>Argentina frente a un Brasil<\/strong> sin el suspendido Casemiro, pero con el enfrentamiento entre los amigos Messi y Neymar, d<strong>esat\u00f3 un vendaval de aficionados pugnando por una entrada en San Juan, donde miles de personas se agolparon en las inmediaciones del estadio San Juan del Bicentenario<\/strong> esperando que la organizaci\u00f3n del encuentro abriera esta noche el expendio de localidades.<\/p>\n<p>Mientras tanto y simult\u00e1neamente <strong>el seleccionado argentino se entren\u00f3 cuando ca\u00eda la noche, desde las 19.15, en el predio de Ezeiza, donde Scaloni no par\u00f3 un equipo titular<\/strong>, pero por lo mencionado, ese conjunto que saltar\u00e1 a la cancha el martes se construye por si solo.<\/p>\n<p>Emiliano Mart\u00ednez; Nahuel Molina, Cristian Romero, Nicol\u00e1s Otamendi y Marcos Acu\u00f1a; Rodrigo De Paul, Guido Rodr\u00edguez y Giovani Lo Celso; Lionel Messi, Lautaro Mart\u00ednez y \u00c1ngel Di Mar\u00eda son y ser\u00e1n, salvo por la excepci\u00f3n circunstancial del ingreso de Rodr\u00edguez por Paredes, ese \u00abonce de memoria\u00bb que Scaloni tiene \u00abin p\u00e9ctore\u00bb y al que quiere darle rodaje de aqu\u00ed al Mundial que comenzar\u00e1 el 21 de noviembre del a\u00f1o pr\u00f3ximo.<\/p>\n<p>Seguramente algo de eso dir\u00e1 Scaloni durante la conferencia de prensa que ofrecer\u00e1 el lunes desde las 11.30 en el predio de AFA, antes del entrenamiento vespertino de las 16 y el posterior viaje a\u00e9reo rumbo a San Juan a las 18.30.<\/p>\n<p>Y quiz\u00e1 ese pueblo cuyano tenga el privilegio, m\u00e1s all\u00e1 de observar el cl\u00e1sico m\u00e1s importante del mundo en s\u00ed, de observar como Argentina se clasifica a un Mundial cuatro fechas antes de la finalizaci\u00f3n de las Eliminatorias, como en aquella con Marcelo Bielsa para Corea-Jap\u00f3n 2002 de hace exactamente 20 a\u00f1os atr\u00e1s, casualmente como ahora una sede asi\u00e1tica. <\/p>\n","protected":false},"excerpt":{"rendered":"<p>Argentina se prepara para el cl\u00e1sico ante Brasil. Video: AFASeleccion VER VIDEO Lionel Messi volvi\u00f3 a trabajar a buen ritmo en la pr\u00e1ctica vespertina realizada este domingo en el predio de AFA, en Ezeiza, encamin\u00e1ndose hacia la titularidad en el partido del martes ante Brasil, mientras que por segundo d\u00eda consecutivo el volante Leandro Paredes [&hellip;]<\/p>\n","protected":false},"author":1,"featured_media":12452,"comment_status":"closed","ping_status":"closed","sticky":false,"template":"","format":"standard","meta":[],"categories":[10],"tags":[],"_links":{"self":[{"href":"http:\/\/nuevacordoba.net\/index.php\/wp-json\/wp\/v2\/posts\/12451"}],"collection":[{"href":"http:\/\/nuevacordoba.net\/index.php\/wp-json\/wp\/v2\/posts"}],"about":[{"href":"http:\/\/nuevacordoba.net\/index.php\/wp-json\/wp\/v2\/types\/post"}],"author":[{"embeddable":true,"href":"http:\/\/nuevacordoba.net\/index.php\/wp-json\/wp\/v2\/users\/1"}],"replies":[{"embeddable":true,"href":"http:\/\/nuevacordoba.net\/index.php\/wp-json\/wp\/v2\/comments?post=12451"}],"version-history":[{"count":0,"href":"http:\/\/nuevacordoba.net\/index.php\/wp-json\/wp\/v2\/posts\/12451\/revisions"}],"wp:featuredmedia":[{"embeddable":true,"href":"http:\/\/nuevacordoba.net\/index.php\/wp-json\/wp\/v2\/media\/12452"}],"wp:attachment":[{"href":"http:\/\/nuevacordoba.net\/index.php\/wp-json\/wp\/v2\/media?parent=12451"}],"wp:term":[{"taxonomy":"category","embeddable":true,"href":"http:\/\/nuevacordoba.net\/index.php\/wp-json\/wp\/v2\/categories?post=12451"},{"taxonomy":"post_tag","embeddable":true,"href":"http:\/\/nuevacordoba.net\/index.php\/wp-json\/wp\/v2\/tags?post=12451"}],"curies":[{"name":"wp","href":"https:\/\/api.w.org\/{rel}","templated":true}]}}