{"id":12468,"date":"2021-11-15T11:55:08","date_gmt":"2021-11-15T11:55:08","guid":{"rendered":"https:\/\/www.bbc.com\/mundo\/noticias-america-latina-59288905"},"modified":"2021-11-15T11:55:08","modified_gmt":"2021-11-15T11:55:08","slug":"3-causas-de-la-derrota-del-peronismo-en-las-elecciones-legislativas-y-que-consecuencias-tiene-para-el-futuro-del-gobierno-de-alberto-fernandez","status":"publish","type":"post","link":"http:\/\/nuevacordoba.net\/index.php\/2021\/11\/15\/3-causas-de-la-derrota-del-peronismo-en-las-elecciones-legislativas-y-que-consecuencias-tiene-para-el-futuro-del-gobierno-de-alberto-fernandez\/","title":{"rendered":"3 causas de la derrota del peronismo en las elecciones legislativas y qu\u00e9 consecuencias tiene para el futuro del gobierno de Alberto Fern\u00e1ndez"},"content":{"rendered":"<div dir=\"ltr\" class=\"e1j2237y5 bbc-q4ibpr e57qer20\">\n<div class=\"bbc-1atl7vu e1c9i7u14\">\n<ul role=\"list\" class=\"bbc-k0l9bd e1c9i7u12\">\n<li role=\"listitem\" class=\"bbc-1a3w4ok e1c9i7u11\">Veronica Smink<\/li>\n<li role=\"listitem\" class=\"bbc-1p92jtu e1c9i7u10\">BBC News Mundo, Argentina<\/li>\n<\/ul>\n<\/div>\n<\/div>\n<p><time datetime=\"2021-11-15\" class=\"bbc-14xtggo e4zesg50\">31 minutos<\/time><\/p>\n<div dir=\"ltr\" class=\"bbc-1ka88fa e57qer20\">\n<figure class=\"bbc-1qdcvv9 e6bmn90\">\n<div dir=\"ltr\" class=\"bbc-172p16q e57qer20\">\n<div dir=\"ltr\" class=\"bbc-189y18v e57qer20\" readability=\"6.5\">\n<div data-e2e=\"image-placeholder\" class=\"bbc-997y1y e1whu0\" readability=\"8\"><img loading=\"lazy\" srcset=\"http:\/\/nuevacordoba.net\/wp-content\/uploads\/2021\/11\/3-causas-de-la-derrota-del-peronismo-en-las-elecciones-legislativas-y-que-consecuencias-tiene-para-el-futuro-del-gobierno-de-alberto-fernandez-5.jpg 240w, http:\/\/nuevacordoba.net\/wp-content\/uploads\/2021\/11\/3-causas-de-la-derrota-del-peronismo-en-las-elecciones-legislativas-y-que-consecuencias-tiene-para-el-futuro-del-gobierno-de-alberto-fernandez-6.jpg 320w, http:\/\/nuevacordoba.net\/wp-content\/uploads\/2021\/11\/3-causas-de-la-derrota-del-peronismo-en-las-elecciones-legislativas-y-que-consecuencias-tiene-para-el-futuro-del-gobierno-de-alberto-fernandez-7.jpg 480w, http:\/\/nuevacordoba.net\/wp-content\/uploads\/2021\/11\/3-causas-de-la-derrota-del-peronismo-en-las-elecciones-legislativas-y-que-consecuencias-tiene-para-el-futuro-del-gobierno-de-alberto-fernandez-8.jpg 624w, http:\/\/nuevacordoba.net\/wp-content\/uploads\/2021\/11\/3-causas-de-la-derrota-del-peronismo-en-las-elecciones-legislativas-y-que-consecuencias-tiene-para-el-futuro-del-gobierno-de-alberto-fernandez-9.jpg 800w\" alt=\"Alberto Fern\u00e1ndez\" src=\"http:\/\/nuevacordoba.net\/wp-content\/uploads\/2021\/11\/3-causas-de-la-derrota-del-peronismo-en-las-elecciones-legislativas-y-que-consecuencias-tiene-para-el-futuro-del-gobierno-de-alberto-fernandez.jpg\" sizes=\"(min-width: 1008px) 645px, 100vw\" width=\"976\" height=\"549\" class=\"eehpdyc0 bbc-100dhyn e1enwo3v0\"><\/p>\n<p role=\"text\" class=\"bbc-1s1cxbv etq3yw90\"><span class=\"bbc-1gnhmg2 e1yt7oin0\">Fuente de la imagen, <\/span><span lang=\"en-GB\">Getty Images<\/span><\/p>\n<\/div>\n<\/div>\n<div dir=\"ltr\" class=\"bbc-3edg7g e57qer20\" readability=\"6.5\"><figcaption dir=\"ltr\" class=\"bbc-1t9zlwf eede9f50\" readability=\"3\"><span class=\"bbc-1gnhmg2 e1yt7oin0\">Pie de foto, <\/span><\/p>\n<p>La alianza del presidente Alberto Fern\u00e1ndez qued\u00f3 nueve puntos por detr\u00e1s de la principal coalici\u00f3n opositora en la C\u00e1mara de Diputados.<\/p>\n<\/figcaption><\/div>\n<\/div>\n<\/figure>\n<\/div>\n<div dir=\"ltr\" class=\"bbc-19j92fr e57qer20\" readability=\"13\">\n<p dir=\"ltr\" class=\"bbc-bm53ic e1cc2ql70\"><b>La coalici\u00f3n gobernante, Frente de Todos (FTD), que agrupa a diferentes vertientes del peronismo, sufri\u00f3 una abultada derrota en las elecciones legislativas del domingo a manos de la oposici\u00f3n de centroderecha, a la que sac\u00f3 del poder en 2019.<\/b><\/p>\n<\/div>\n<div dir=\"ltr\" class=\"bbc-19j92fr e57qer20\" readability=\"11\">\n<p dir=\"ltr\" class=\"bbc-bm53ic e1cc2ql70\">La alianza del presidente Alberto Fern\u00e1ndez qued\u00f3 nueve puntos por detr\u00e1s de la principal coalici\u00f3n opositora, Juntos por el Cambio, en la elecci\u00f3n para renovar la mitad de la C\u00e1mara de Diputados.<\/p>\n<\/div>\n<div dir=\"ltr\" class=\"bbc-19j92fr e57qer20\" readability=\"9\">\n<p dir=\"ltr\" class=\"bbc-bm53ic e1cc2ql70\">Y en la elecci\u00f3n para reemplazar a un tercio de los senadores, el FDT <b>qued\u00f3 20 puntos por detr\u00e1s<\/b> de la fuerza que entre 2015 y 2019 llev\u00f3 a la presidencia a Mauricio Macri. <\/p>\n<\/div>\n<div dir=\"ltr\" class=\"bbc-19j92fr e57qer20\" readability=\"10\">\n<p dir=\"ltr\" class=\"bbc-bm53ic e1cc2ql70\">Con esos resultados, el peronismo perder\u00e1 en diciembre su control del Senado, donde ten\u00eda qu\u00f3rum propio desde el regreso de la democracia en 1983.<\/p>\n<\/div>\n<div dir=\"ltr\" class=\"bbc-19j92fr e57qer20\" readability=\"9\">\n<p dir=\"ltr\" class=\"bbc-bm53ic e1cc2ql70\">En tanto, acort\u00f3 su mayor\u00eda en Diputados, donde ahora tendr\u00e1 dos legisladores m\u00e1s que Juntos.<\/p>\n<\/div>\n<div dir=\"ltr\" class=\"bbc-19j92fr e57qer20\" readability=\"7\">\n<p dir=\"ltr\" class=\"bbc-bm53ic e1cc2ql70\">Esto obligar\u00e1 al gobierno a tener que <b>negociar con la oposici\u00f3n para poder gobernar. <\/b><\/p>\n<\/div>\n<div dir=\"ltr\" class=\"bbc-19j92fr e57qer20\" readability=\"13\">\n<p dir=\"ltr\" class=\"bbc-bm53ic e1cc2ql70\">Aunque el oficialismo hizo esta vez una mejor elecci\u00f3n que en las primarias de septiembre pasado, cuando la magnitud de la derrota caus\u00f3 un enfrentamiento p\u00fablico entre Fern\u00e1ndez y su poderosa vicepresidenta, Cristina Fern\u00e1ndez de Kirchner, la coalici\u00f3n gobernante perdi\u00f3 mucho del apoyo que lo llev\u00f3 al poder en 2019 con el 48% de los votos.<\/p>\n<\/div>\n<div dir=\"ltr\" class=\"bbc-19j92fr e57qer20\" readability=\"7\">\n<p dir=\"ltr\" class=\"bbc-bm53ic e1cc2ql70\">En BBC Mundo te explicamos los tres principales motivos detr\u00e1s de esta derrota.<\/p>\n<\/div>\n<p><h2 id=\"1-La-econom\u00eda\" tabindex=\"-1\" class=\"bbc-l3e97o e14hemmw0\">1. La econom\u00eda<\/h2>\n<\/p>\n<div dir=\"ltr\" class=\"bbc-19j92fr e57qer20\" readability=\"8\">\n<p dir=\"ltr\" class=\"bbc-bm53ic e1cc2ql70\">Sin lugar a dudas, el mayor malestar de los votantes argentinos es con el estado de la econom\u00eda.<\/p>\n<\/div>\n<div dir=\"ltr\" class=\"bbc-19j92fr e57qer20\" readability=\"8\">\n<p dir=\"ltr\" class=\"bbc-bm53ic e1cc2ql70\">El pa\u00eds ven\u00eda de dos a\u00f1os de recesi\u00f3n y una inflaci\u00f3n que superaba el 50% cuando asumi\u00f3 Fern\u00e1ndez hace dos a\u00f1os.<\/p>\n<\/div>\n<div dir=\"ltr\" class=\"bbc-19j92fr e57qer20\" readability=\"11\">\n<p dir=\"ltr\" class=\"bbc-bm53ic e1cc2ql70\">Tambi\u00e9n arrastraba una pesada deuda p\u00fablica, gracias al acuerdo firmado por Macri en 2018 con el Fondo Monetario Internacional (FMI), que convirti\u00f3 al pa\u00eds sudamericano <b>en el mayor deudor de ese organismo.<\/b><\/p>\n<\/div>\n<div dir=\"ltr\" class=\"bbc-19j92fr e57qer20\" readability=\"9\">\n<p dir=\"ltr\" class=\"bbc-bm53ic e1cc2ql70\">Como si ese escenario no fuera lo suficientemente complicado, en marzo de 2020 lleg\u00f3 la pandemia de coronavirus.<\/p>\n<\/div>\n<div dir=\"ltr\" class=\"bbc-19j92fr e57qer20\" readability=\"11\">\n<p dir=\"ltr\" class=\"bbc-bm53ic e1cc2ql70\">Sin acceso a cr\u00e9dito, Fern\u00e1ndez, que llevaba tres meses en el poder, debi\u00f3 apelar a la<b> emisi\u00f3n monetaria<\/b> para hacer frente a la crisis sanitaria y econ\u00f3mica que gener\u00f3 el virus.<\/p>\n<\/div>\n<div dir=\"ltr\" class=\"bbc-19j92fr e57qer20\" readability=\"10\">\n<p dir=\"ltr\" class=\"bbc-bm53ic e1cc2ql70\">Pero los cr\u00edticos del gobierno sostienen que fue su manejo, tanto de la econom\u00eda como de la pandemia, lo que agrav\u00f3 a\u00fan m\u00e1s ambas crisis.<\/p>\n<\/div>\n<div dir=\"ltr\" class=\"bbc-19j92fr e57qer20\" readability=\"9\">\n<p dir=\"ltr\" class=\"bbc-bm53ic e1cc2ql70\">A pesar de todos los problemas que arrastraba el pa\u00eds, Fern\u00e1ndez decidi\u00f3 <b>imponer una de las cuarentenas m\u00e1s largas<\/b> del mundo.<\/p>\n<\/div>\n<div dir=\"ltr\" class=\"bbc-19j92fr e57qer20\" readability=\"9\">\n<p dir=\"ltr\" class=\"bbc-bm53ic e1cc2ql70\">Las restricciones a la circulaci\u00f3n, al uso del transporte p\u00fablico y el cierre de comercios duraron meses.<\/p>\n<\/div>\n<div dir=\"ltr\" class=\"bbc-19j92fr e57qer20\" readability=\"9\">\n<p dir=\"ltr\" class=\"bbc-bm53ic e1cc2ql70\">Incluso con una impresi\u00f3n r\u00e9cord de billetes las ayudas estatales fueron limitadas y no alcanzaron, sobre todo al sector informal que <b>representa m\u00e1s de un tercio de la econom\u00eda<\/b>.<\/p>\n<\/div>\n<div class=\"bbc-sffzb7 e8v25yx0\">\n<div dir=\"ltr\" class=\"bbc-1ka88fa e57qer20\">\n<figure class=\"bbc-1qdcvv9 e6bmn90\">\n<div dir=\"ltr\" class=\"bbc-172p16q e57qer20\">\n<div dir=\"ltr\" class=\"bbc-189y18v e57qer20\" readability=\"6.5\">\n<div data-e2e=\"image-placeholder\" class=\"bbc-997y1y e1whu0\" readability=\"8\"><noscript><img loading=\"lazy\" srcset=\"http:\/\/nuevacordoba.net\/wp-content\/uploads\/2021\/11\/3-causas-de-la-derrota-del-peronismo-en-las-elecciones-legislativas-y-que-consecuencias-tiene-para-el-futuro-del-gobierno-de-alberto-fernandez-10.jpg 240w, http:\/\/nuevacordoba.net\/wp-content\/uploads\/2021\/11\/3-causas-de-la-derrota-del-peronismo-en-las-elecciones-legislativas-y-que-consecuencias-tiene-para-el-futuro-del-gobierno-de-alberto-fernandez-11.jpg 320w, http:\/\/nuevacordoba.net\/wp-content\/uploads\/2021\/11\/3-causas-de-la-derrota-del-peronismo-en-las-elecciones-legislativas-y-que-consecuencias-tiene-para-el-futuro-del-gobierno-de-alberto-fernandez-12.jpg 480w, http:\/\/nuevacordoba.net\/wp-content\/uploads\/2021\/11\/3-causas-de-la-derrota-del-peronismo-en-las-elecciones-legislativas-y-que-consecuencias-tiene-para-el-futuro-del-gobierno-de-alberto-fernandez-13.jpg 624w, http:\/\/nuevacordoba.net\/wp-content\/uploads\/2021\/11\/3-causas-de-la-derrota-del-peronismo-en-las-elecciones-legislativas-y-que-consecuencias-tiene-para-el-futuro-del-gobierno-de-alberto-fernandez-14.jpg 800w\" alt=\"Un hombre mirando ofertas inmobiliarias en Buenos Aires\" src=\"http:\/\/nuevacordoba.net\/wp-content\/uploads\/2021\/11\/3-causas-de-la-derrota-del-peronismo-en-las-elecciones-legislativas-y-que-consecuencias-tiene-para-el-futuro-del-gobierno-de-alberto-fernandez-1.jpg\" sizes=\"(min-width: 1008px) 645px, 100vw\" width=\"976\" height=\"549\" class=\"eehpdyc0 bbc-100dhyn e1enwo3v0\"><\/noscript><\/p>\n<p role=\"text\" class=\"bbc-1s1cxbv etq3yw90\"><span class=\"bbc-1gnhmg2 e1yt7oin0\">Fuente de la imagen, <\/span><span lang=\"en-GB\">Getty Images<\/span><\/p>\n<\/div>\n<\/div>\n<div dir=\"ltr\" class=\"bbc-3edg7g e57qer20\" readability=\"6\"><figcaption dir=\"ltr\" class=\"bbc-1t9zlwf eede9f50\" readability=\"2\"><span class=\"bbc-1gnhmg2 e1yt7oin0\">Pie de foto, <\/span><\/p>\n<p>Los contratos de aquiler en Argentina incluyen aumentos por inflaci\u00f3n.<\/p>\n<\/figcaption><\/div>\n<\/div>\n<\/figure>\n<\/div>\n<\/div>\n<div dir=\"ltr\" class=\"bbc-19j92fr e57qer20\" readability=\"8\">\n<p dir=\"ltr\" class=\"bbc-bm53ic e1cc2ql70\">La decisi\u00f3n de prohibir los despidos -que a\u00fan se mantiene- fue un peso extra que termin\u00f3 de ahogar a muchas empresas y comercios. <\/p>\n<\/div>\n<div dir=\"ltr\" class=\"bbc-19j92fr e57qer20\" readability=\"9\">\n<p dir=\"ltr\" class=\"bbc-bm53ic e1cc2ql70\"><b>M\u00e1s de 40.000 Pymes cerraron sus puertas<\/b>, seg\u00fan la Confederaci\u00f3n Argentina de la Mediana Empresa (CAME). Eso es el doble de las que cerraron durante la crisis de 2001-2002. <\/p>\n<\/div>\n<div dir=\"ltr\" class=\"bbc-19j92fr e57qer20\" readability=\"8\">\n<p dir=\"ltr\" class=\"bbc-bm53ic e1cc2ql70\">Argentina sufri\u00f3 una contracci\u00f3n econ\u00f3mica del 10% en 2020, una de las peores del mundo.<\/p>\n<\/div>\n<div dir=\"ltr\" class=\"bbc-19j92fr e57qer20\" readability=\"12\">\n<p dir=\"ltr\" class=\"bbc-bm53ic e1cc2ql70\">En tanto, el gobierno de Fern\u00e1ndez se tard\u00f3 en llegar a un acuerdo con sus acreedores privados, llevando al pa\u00eds a su noveno default en mayo de 2020, y reci\u00e9n logr\u00f3 reestructurar esa parte de la deuda -unos US$65.000 millones- en agosto de ese a\u00f1o.<\/p>\n<\/div>\n<div dir=\"ltr\" class=\"bbc-19j92fr e57qer20\" readability=\"7\">\n<p dir=\"ltr\" class=\"bbc-bm53ic e1cc2ql70\">Y con el FMI a\u00fan no ha negociado el pago de los US$44.000 millones que el pa\u00eds le debe.<\/p>\n<\/div>\n<div dir=\"ltr\" class=\"bbc-19j92fr e57qer20\" readability=\"10\">\n<p dir=\"ltr\" class=\"bbc-bm53ic e1cc2ql70\">\u00abHaber llegado hasta ac\u00e1 sin un acuerdo con el Fondo es mala praxis\u00bb, opin\u00f3 a BBC Mundo la economista Marina Dal Poggetto, directora ejecutiva de la consultora EcoGo.<\/p>\n<\/div>\n<div dir=\"ltr\" class=\"bbc-19j92fr e57qer20\" readability=\"12\">\n<p dir=\"ltr\" class=\"bbc-bm53ic e1cc2ql70\">Muchos economistas creen que la falta de un acuerdo con el principal acreedor del pa\u00eds, y de un plan econ\u00f3mico claro, <b>ha aumentado la desconfianza en la econom\u00eda argentina<\/b> y en particular en su moneda, el peso.<\/p>\n<\/div>\n<div dir=\"ltr\" class=\"bbc-19j92fr e57qer20\" readability=\"10\">\n<p dir=\"ltr\" class=\"bbc-bm53ic e1cc2ql70\">Esta desconfianza ha hecho que se dispare la cotizaci\u00f3n del d\u00f3lar libre o de mercado -aqu\u00ed conocido como \u00abd\u00f3lar blue\u00bb- que hoy es 100% m\u00e1s caro que el \u00abd\u00f3lar oficial\u00bb, cuya cotizaci\u00f3n y acceso est\u00e1 controlado por el Estado.<\/p>\n<\/div>\n<div dir=\"ltr\" class=\"bbc-19j92fr e57qer20\" readability=\"10\">\n<p dir=\"ltr\" class=\"bbc-bm53ic e1cc2ql70\">Esto no solo ha hecho que viajar al exterior o comprar productos importados se ha tornado prohibitivo para la mayor\u00eda de los argentinos. M\u00e1s problem\u00e1tico a\u00fan es que ha puesto <b>m\u00e1s presi\u00f3n sobre la inflaci\u00f3n<\/b>, el problema econ\u00f3mico que m\u00e1s preocupa a la gente.<\/p>\n<\/div>\n<div dir=\"ltr\" class=\"bbc-19j92fr e57qer20\" readability=\"11\">\n<p dir=\"ltr\" class=\"bbc-bm53ic e1cc2ql70\">Con un alza de precios mensual del 3% o 4% -lo que supera la inflaci\u00f3n anual en muchos pa\u00edses- a cada vez m\u00e1s argentinos les cuesta llegar a fin de mes, y entre el 40% y la mitad de la poblaci\u00f3n hoy est\u00e1 por debajo de la l\u00ednea de pobreza, seg\u00fan las cifras oficiales.<\/p>\n<\/div>\n<p><h2 id=\"2-El-manejo-de-la-pandemia\" tabindex=\"-1\" class=\"bbc-l3e97o e14hemmw0\">2. El manejo de la pandemia<\/h2>\n<\/p>\n<div dir=\"ltr\" class=\"bbc-19j92fr e57qer20\" readability=\"8\">\n<p dir=\"ltr\" class=\"bbc-bm53ic e1cc2ql70\">Muchos argentinos que castigaron al gobierno con su voto no solo le endilgan <b>un mal manejo econ\u00f3mico de la pandemia.<\/b><\/p>\n<\/div>\n<div dir=\"ltr\" class=\"bbc-19j92fr e57qer20\" readability=\"11\">\n<p dir=\"ltr\" class=\"bbc-bm53ic e1cc2ql70\">Tambi\u00e9n lo responsabilizan por los m\u00e1s de 116.000 muertos por coronavirus que tuvo el pa\u00eds, una cifra que, ajustada por poblaci\u00f3n, se asemeja a la cantidad de v\u00edctimas que tuvo Brasil.<\/p>\n<\/div>\n<div dir=\"ltr\" class=\"bbc-1ka88fa e57qer20\">\n<figure class=\"bbc-1qdcvv9 e6bmn90\">\n<div dir=\"ltr\" class=\"bbc-172p16q e57qer20\">\n<div dir=\"ltr\" class=\"bbc-189y18v e57qer20\" readability=\"6.5\">\n<div data-e2e=\"image-placeholder\" class=\"bbc-997y1y e1whu0\" readability=\"8\"><noscript><img loading=\"lazy\" srcset=\"http:\/\/nuevacordoba.net\/wp-content\/uploads\/2021\/11\/3-causas-de-la-derrota-del-peronismo-en-las-elecciones-legislativas-y-que-consecuencias-tiene-para-el-futuro-del-gobierno-de-alberto-fernandez-15.jpg 240w, http:\/\/nuevacordoba.net\/wp-content\/uploads\/2021\/11\/3-causas-de-la-derrota-del-peronismo-en-las-elecciones-legislativas-y-que-consecuencias-tiene-para-el-futuro-del-gobierno-de-alberto-fernandez-16.jpg 320w, http:\/\/nuevacordoba.net\/wp-content\/uploads\/2021\/11\/3-causas-de-la-derrota-del-peronismo-en-las-elecciones-legislativas-y-que-consecuencias-tiene-para-el-futuro-del-gobierno-de-alberto-fernandez-17.jpg 480w, http:\/\/nuevacordoba.net\/wp-content\/uploads\/2021\/11\/3-causas-de-la-derrota-del-peronismo-en-las-elecciones-legislativas-y-que-consecuencias-tiene-para-el-futuro-del-gobierno-de-alberto-fernandez-18.jpg 624w, http:\/\/nuevacordoba.net\/wp-content\/uploads\/2021\/11\/3-causas-de-la-derrota-del-peronismo-en-las-elecciones-legislativas-y-que-consecuencias-tiene-para-el-futuro-del-gobierno-de-alberto-fernandez-19.jpg 800w\" alt=\"Una persona en una avenida solitaria de Buenos Aires con el Obelisco en el fondo\" src=\"http:\/\/nuevacordoba.net\/wp-content\/uploads\/2021\/11\/3-causas-de-la-derrota-del-peronismo-en-las-elecciones-legislativas-y-que-consecuencias-tiene-para-el-futuro-del-gobierno-de-alberto-fernandez-2.jpg\" sizes=\"(min-width: 1008px) 645px, 100vw\" width=\"2000\" height=\"1355\" class=\"eehpdyc0 bbc-100dhyn e1enwo3v0\"><\/noscript><\/p>\n<p role=\"text\" class=\"bbc-1s1cxbv etq3yw90\"><span class=\"bbc-1gnhmg2 e1yt7oin0\">Fuente de la imagen, <\/span><span lang=\"en-GB\">Reuters<\/span><\/p>\n<\/div>\n<\/div>\n<div dir=\"ltr\" class=\"bbc-3edg7g e57qer20\" readability=\"6\"><figcaption dir=\"ltr\" class=\"bbc-1t9zlwf eede9f50\" readability=\"2\"><span class=\"bbc-1gnhmg2 e1yt7oin0\">Pie de foto, <\/span><\/p>\n<p>Argentina tuvo uno de los confinamientos m\u00e1s largos de la regi\u00f3n.<\/p>\n<\/figcaption><\/div>\n<\/div>\n<\/figure>\n<\/div>\n<div dir=\"ltr\" class=\"bbc-19j92fr e57qer20\" readability=\"9\">\n<p dir=\"ltr\" class=\"bbc-bm53ic e1cc2ql70\">Si bien muchos respaldaron la forma en que Fern\u00e1ndez encar\u00f3 la pandemia cuando esta lleg\u00f3 al pa\u00eds -sus niveles de aprobaci\u00f3n llegaron al 80% a finales de marzo de 2020- esa cifra empez\u00f3 a caer fuertemente a medida que pasaban los meses y las restricciones se manten\u00edan.<\/p>\n<\/div>\n<div dir=\"ltr\" class=\"bbc-19j92fr e57qer20\" readability=\"10\">\n<p dir=\"ltr\" class=\"bbc-bm53ic e1cc2ql70\">Una de las cosas que m\u00e1s se le critican al mandatario, desde todos los sectores socioecon\u00f3micos, es su decisi\u00f3n de haber mantenido las escuelas cerradas por cerca de un a\u00f1o y medio.<\/p>\n<\/div>\n<div dir=\"ltr\" class=\"bbc-19j92fr e57qer20\" readability=\"10\">\n<p dir=\"ltr\" class=\"bbc-bm53ic e1cc2ql70\">Argentina tambi\u00e9n estuvo m\u00e1s d<b>e un a\u00f1o sin vuelos comerciales,<\/b> incluyendo los dom\u00e9sticos, m\u00e1s que en cualquier otro lado.<\/p>\n<\/div>\n<div dir=\"ltr\" class=\"bbc-19j92fr e57qer20\" readability=\"7\">\n<p dir=\"ltr\" class=\"bbc-bm53ic e1cc2ql70\">Tambi\u00e9n el retraso para conseguir vacunas caus\u00f3 mucho malestar con el gobierno.<\/p>\n<\/div>\n<div dir=\"ltr\" class=\"bbc-19j92fr e57qer20\" readability=\"10\">\n<p dir=\"ltr\" class=\"bbc-bm53ic e1cc2ql70\">Mientras vecinos como Uruguay y Chile firmaron r\u00e1pidos acuerdos para adquirir la vacuna Pfizer, la primera que se comercializ\u00f3, <b>Argentina tuvo desacuerdos<\/b> con la farmac\u00e9utica estadounidense.<\/p>\n<\/div>\n<div dir=\"ltr\" class=\"bbc-19j92fr e57qer20\" readability=\"9\">\n<p dir=\"ltr\" class=\"bbc-bm53ic e1cc2ql70\">En vez, bas\u00f3 su estrategia de vacunaci\u00f3n en dos de las inoculaciones que m\u00e1s problemas de abastecimiento tuvieron: AstraZeneca y Sputnik V.<\/p>\n<\/div>\n<div dir=\"ltr\" class=\"bbc-19j92fr e57qer20\" readability=\"8\">\n<p dir=\"ltr\" class=\"bbc-bm53ic e1cc2ql70\">Eso hizo que el pa\u00eds tardara mucho en lograr la doble vacunaci\u00f3n de la mayor parte de su poblaci\u00f3n.<\/p>\n<\/div>\n<div dir=\"ltr\" class=\"bbc-19j92fr e57qer20\" readability=\"8\">\n<p dir=\"ltr\" class=\"bbc-bm53ic e1cc2ql70\"><b>Dos esc\u00e1ndalos<\/b> relacionados con la pandemia no ayudaron en lo absoluto a mejorar la imagen del gobierno.<\/p>\n<\/div>\n<div dir=\"ltr\" class=\"bbc-19j92fr e57qer20\" readability=\"11\">\n<p dir=\"ltr\" class=\"bbc-bm53ic e1cc2ql70\">Primero, el llamado \u00abvacunatorio VIP\u00bb, como se conoci\u00f3 a la vacunaci\u00f3n irregular de personalidades allegadas al poder, que llev\u00f3 a la dimisi\u00f3n del ministro de Salud.<\/p>\n<\/div>\n<div dir=\"ltr\" class=\"bbc-19j92fr e57qer20\" readability=\"10\">\n<p dir=\"ltr\" class=\"bbc-bm53ic e1cc2ql70\">Y luego el <b>\u00abOlivos Gate\u00bb<\/b>: la filtraci\u00f3n de im\u00e1genes del presidente celebrando el cumplea\u00f1os de su pareja junto con un grupo de amigos en la residencia presidencial, violando las restricciones sociales que \u00e9l mismo hab\u00eda impuesto.<\/p>\n<\/div>\n<div dir=\"ltr\" class=\"bbc-1ka88fa e57qer20\">\n<figure class=\"bbc-1qdcvv9 e6bmn90\">\n<div dir=\"ltr\" class=\"bbc-172p16q e57qer20\">\n<div dir=\"ltr\" class=\"bbc-189y18v e57qer20\" readability=\"6.5\">\n<div data-e2e=\"image-placeholder\" class=\"bbc-997y1y e1whu0\" readability=\"8\"><noscript><img loading=\"lazy\" srcset=\"http:\/\/nuevacordoba.net\/wp-content\/uploads\/2021\/11\/3-causas-de-la-derrota-del-peronismo-en-las-elecciones-legislativas-y-que-consecuencias-tiene-para-el-futuro-del-gobierno-de-alberto-fernandez-20.jpg 240w, http:\/\/nuevacordoba.net\/wp-content\/uploads\/2021\/11\/3-causas-de-la-derrota-del-peronismo-en-las-elecciones-legislativas-y-que-consecuencias-tiene-para-el-futuro-del-gobierno-de-alberto-fernandez-21.jpg 320w, http:\/\/nuevacordoba.net\/wp-content\/uploads\/2021\/11\/3-causas-de-la-derrota-del-peronismo-en-las-elecciones-legislativas-y-que-consecuencias-tiene-para-el-futuro-del-gobierno-de-alberto-fernandez-22.jpg 480w, http:\/\/nuevacordoba.net\/wp-content\/uploads\/2021\/11\/3-causas-de-la-derrota-del-peronismo-en-las-elecciones-legislativas-y-que-consecuencias-tiene-para-el-futuro-del-gobierno-de-alberto-fernandez-23.jpg 624w, http:\/\/nuevacordoba.net\/wp-content\/uploads\/2021\/11\/3-causas-de-la-derrota-del-peronismo-en-las-elecciones-legislativas-y-que-consecuencias-tiene-para-el-futuro-del-gobierno-de-alberto-fernandez-24.jpg 800w\" alt=\"Mar\u00eda Eugenia Vidal.\" src=\"http:\/\/nuevacordoba.net\/wp-content\/uploads\/2021\/11\/3-causas-de-la-derrota-del-peronismo-en-las-elecciones-legislativas-y-que-consecuencias-tiene-para-el-futuro-del-gobierno-de-alberto-fernandez-3.jpg\" sizes=\"(min-width: 1008px) 645px, 100vw\" width=\"976\" height=\"549\" class=\"eehpdyc0 bbc-100dhyn e1enwo3v0\"><\/noscript><\/p>\n<p role=\"text\" class=\"bbc-1s1cxbv etq3yw90\"><span class=\"bbc-1gnhmg2 e1yt7oin0\">Fuente de la imagen, <\/span><span lang=\"en-GB\">Getty Images<\/span><\/p>\n<\/div>\n<\/div>\n<div dir=\"ltr\" class=\"bbc-3edg7g e57qer20\" readability=\"6.5\"><figcaption dir=\"ltr\" class=\"bbc-1t9zlwf eede9f50\" readability=\"3\"><span class=\"bbc-1gnhmg2 e1yt7oin0\">Pie de foto, <\/span><\/p>\n<p>La oposici\u00f3n de centroderecha celebr\u00f3 la victoria que le dieron los primeros resultados de la noche.<\/p>\n<\/figcaption><\/div>\n<\/div>\n<\/figure>\n<\/div>\n<p><h2 id=\"3-Las-peleas-internas\" tabindex=\"-1\" class=\"bbc-l3e97o e14hemmw0\">3. Las peleas internas<\/h2>\n<\/p>\n<div dir=\"ltr\" class=\"bbc-19j92fr e57qer20\" readability=\"11\">\n<p dir=\"ltr\" class=\"bbc-bm53ic e1cc2ql70\">Si bien la uni\u00f3n del peronismo fue clave para lograr vencer a Macri en 2019, los cortocircuitos entre los diferentes l\u00edderes que forman la coalici\u00f3n gubernamental -en particular entre el presidente y su vice- han complicado la gesti\u00f3n del gobierno, limando su popularidad.<\/p>\n<\/div>\n<div dir=\"ltr\" class=\"bbc-19j92fr e57qer20\" readability=\"11\">\n<p dir=\"ltr\" class=\"bbc-bm53ic e1cc2ql70\">El polit\u00f3logo Juan Germano, director de la firma Isonom\u00eda Consultores, le dijo a BBC Mundo que la alianza peronista result\u00f3 \u00abmuy efectiva desde lo electoral, pero muy poco efectiva para gobernar\u00bb.<\/p>\n<\/div>\n<div dir=\"ltr\" class=\"bbc-19j92fr e57qer20\" readability=\"13\">\n<p dir=\"ltr\" class=\"bbc-bm53ic e1cc2ql70\">Por su parte, Facundo Nejamkis, director de la consultora Opina Argentina, se\u00f1al\u00f3 que \u00abhay un problema de conducci\u00f3n bifronte en el gobierno que no s\u00e9 si alg\u00fan pa\u00eds del mundo puede tolerar, pero la Argentina evidentemente tiene dificultades con eso\u00bb.<\/p>\n<\/div>\n<div dir=\"ltr\" class=\"bbc-19j92fr e57qer20\" readability=\"12\">\n<p dir=\"ltr\" class=\"bbc-bm53ic e1cc2ql70\">\u00abHasta que el Frente de Todos no logre resolver el problema de las diferencias internas, y hacia ad\u00f3nde debe ir la gesti\u00f3n del gobierno, esas diferencias y esas tensiones se trasladan al conjunto de la sociedad\u00bb, afirm\u00f3.<\/p>\n<\/div>\n<div dir=\"ltr\" class=\"bbc-1ka88fa e57qer20\">\n<figure class=\"bbc-1qdcvv9 e6bmn90\">\n<div dir=\"ltr\" class=\"bbc-172p16q e57qer20\">\n<div dir=\"ltr\" class=\"bbc-189y18v e57qer20\">\n<div data-e2e=\"image-placeholder\" class=\"bbc-997y1y e1whu0\"><noscript><img loading=\"lazy\" srcset=\"http:\/\/nuevacordoba.net\/wp-content\/uploads\/2021\/11\/3-causas-de-la-derrota-del-peronismo-en-las-elecciones-legislativas-y-que-consecuencias-tiene-para-el-futuro-del-gobierno-de-alberto-fernandez-25.jpg 240w, http:\/\/nuevacordoba.net\/wp-content\/uploads\/2021\/11\/3-causas-de-la-derrota-del-peronismo-en-las-elecciones-legislativas-y-que-consecuencias-tiene-para-el-futuro-del-gobierno-de-alberto-fernandez-26.jpg 320w, http:\/\/nuevacordoba.net\/wp-content\/uploads\/2021\/11\/3-causas-de-la-derrota-del-peronismo-en-las-elecciones-legislativas-y-que-consecuencias-tiene-para-el-futuro-del-gobierno-de-alberto-fernandez-27.jpg 464w\" alt=\"l\u00ednea\" src=\"http:\/\/nuevacordoba.net\/wp-content\/uploads\/2021\/11\/3-causas-de-la-derrota-del-peronismo-en-las-elecciones-legislativas-y-que-consecuencias-tiene-para-el-futuro-del-gobierno-de-alberto-fernandez-4.jpg\" sizes=\"(min-width: 1008px) 645px, 100vw\" width=\"464\" height=\"2\" class=\"eehpdyc0 bbc-100dhyn e1enwo3v0\"><\/noscript><\/div>\n<\/div>\n<\/div>\n<\/figure>\n<\/div>\n<div dir=\"ltr\" class=\"bbc-19j92fr e57qer20\" readability=\"8\">\n<p dir=\"ltr\" class=\"bbc-bm53ic e1cc2ql70\"><i class=\"bbc-h1y5j7 ewc4zcb0\">Ahora puedes recibir notificaciones de BBC <\/i><i class=\"bbc-h1y5j7 ewc4zcb0\">News <\/i><i class=\"bbc-h1y5j7 ewc4zcb0\">Mundo. Descarga la nueva versi\u00f3n de nuestra app y act\u00edvalas para no perderte nuestro mejor contenido.<\/i><\/p>\n<\/div>\n","protected":false},"excerpt":{"rendered":"<p>Veronica Smink BBC News Mundo, Argentina 31 minutos Fuente de la imagen, Getty Images Pie de foto, La alianza del presidente Alberto Fern\u00e1ndez qued\u00f3 nueve puntos por detr\u00e1s de la principal coalici\u00f3n opositora en la C\u00e1mara de Diputados. La coalici\u00f3n gobernante, Frente de Todos (FTD), que agrupa a diferentes vertientes del peronismo, sufri\u00f3 una abultada [&hellip;]<\/p>\n","protected":false},"author":1,"featured_media":12469,"comment_status":"closed","ping_status":"closed","sticky":false,"template":"","format":"standard","meta":[],"categories":[13],"tags":[],"_links":{"self":[{"href":"http:\/\/nuevacordoba.net\/index.php\/wp-json\/wp\/v2\/posts\/12468"}],"collection":[{"href":"http:\/\/nuevacordoba.net\/index.php\/wp-json\/wp\/v2\/posts"}],"about":[{"href":"http:\/\/nuevacordoba.net\/index.php\/wp-json\/wp\/v2\/types\/post"}],"author":[{"embeddable":true,"href":"http:\/\/nuevacordoba.net\/index.php\/wp-json\/wp\/v2\/users\/1"}],"replies":[{"embeddable":true,"href":"http:\/\/nuevacordoba.net\/index.php\/wp-json\/wp\/v2\/comments?post=12468"}],"version-history":[{"count":0,"href":"http:\/\/nuevacordoba.net\/index.php\/wp-json\/wp\/v2\/posts\/12468\/revisions"}],"wp:featuredmedia":[{"embeddable":true,"href":"http:\/\/nuevacordoba.net\/index.php\/wp-json\/wp\/v2\/media\/12469"}],"wp:attachment":[{"href":"http:\/\/nuevacordoba.net\/index.php\/wp-json\/wp\/v2\/media?parent=12468"}],"wp:term":[{"taxonomy":"category","embeddable":true,"href":"http:\/\/nuevacordoba.net\/index.php\/wp-json\/wp\/v2\/categories?post=12468"},{"taxonomy":"post_tag","embeddable":true,"href":"http:\/\/nuevacordoba.net\/index.php\/wp-json\/wp\/v2\/tags?post=12468"}],"curies":[{"name":"wp","href":"https:\/\/api.w.org\/{rel}","templated":true}]}}