{"id":12483,"date":"2021-11-15T13:26:44","date_gmt":"2021-11-15T13:26:44","guid":{"rendered":"http:\/\/cordobanewsnet.wordpress.com\/?p=6383"},"modified":"2021-11-15T13:26:44","modified_gmt":"2021-11-15T13:26:44","slug":"con-el-triunfo-de-jxc-cambia-el-mapa-politico-del-congreso","status":"publish","type":"post","link":"http:\/\/nuevacordoba.net\/index.php\/2021\/11\/15\/con-el-triunfo-de-jxc-cambia-el-mapa-politico-del-congreso\/","title":{"rendered":"Con el triunfo de JxC cambia el mapa pol\u00edtico del Congreso"},"content":{"rendered":"<div><img src=\"http:\/\/nuevacordoba.net\/wp-content\/uploads\/2021\/11\/con-el-triunfo-de-jxc-cambia-el-mapa-politico-del-congreso.jpg\" class=\"ff-og-image-inserted\"><\/div>\n<p>Juntos por el Cambio se impuso este domingo en los principales distritos del pa\u00eds al igual que en las PASO, elecci\u00f3n que el Gobierno busc\u00f3 revertir sin \u00e9xito en los de peso, lo que le valdr\u00e1 un escenario de extrema polarizaci\u00f3n en el Congreso a partir del 10 de diciembre.<\/p>\n<p>El frente opositor, que ahora ganar\u00e1 terreno en Diputados y el Senado, reedit\u00f3 las victorias en Buenos Aires, CABA, C\u00f3rdoba, Santa Fe y Mendoza, las provincias de mayor importancia electoral.<\/p>\n<p>Por su parte, el oficialismo no logr\u00f3 su objetivo de dar vuelta los resultados clave para lograr mantener la mayor\u00eda en la C\u00e1mara alta y una posici\u00f3n privilegiada en Diputados, aunque s\u00ed pudo recortar la diferencia en Buenos Aires.<\/p>\n<p>Seg\u00fan los resultados oficiales, tambi\u00e9n consigui\u00f3 revertir las derrotas de las PASO en Chaco y Tierra del Fuego, aunque por las pocas bancas que pone en juego, no impactar\u00e1 en el reparto nacional.<\/p>\n<p>Los b\u00fankers de Juntos por el Cambio se mantuvieron en un clima de festejo, con triunfos tambi\u00e9n en Jujuy, La Pampa, Chubut, Corrientes, Entre R\u00edos, Misiones, San Luis y Santa Cruz.<\/p>\n<p>En contraposici\u00f3n, en el comando de campa\u00f1a del oficialismo, ubicado en el barrio porte\u00f1o de Chacarita, estuvo el presidente Alberto Fern\u00e1ndez como protagonista, ya que la vicepresidenta Cristina Kirchner no asisti\u00f3.<\/p>\n<p>Fern\u00e1ndez difundi\u00f3 primero un mensaje grabado, y m\u00e1s tarde habl\u00f3 desde el b\u00fanker del kirchnerismo.<\/p>\n<p>En simult\u00e1neo al discurso del Presidente, el jefe de Gobierno porte\u00f1o, Horacio Rodr\u00edguez Larreta, habl\u00f3 desde el b\u00fanker montado en Costa Salguero, donde resalt\u00f3: \u00abCrecimos y tenemos que seguir creciendo, gracias a la unidad y la amplitud. Insisto en que tenemos que seguir trabajando contra la grieta\u00bb.<\/p>\n<p>Las elecciones en todo el pa\u00eds se desarrollaron con normalidad, sin incidentes ni denuncias de gravedad, pero con la particularidad de la participaci\u00f3n m\u00e1s baja desde el retorno de la democracia, con el 71 por ciento de la asistencia.<\/p>\n<div id=\"jp-post-flair\" class=\"sharedaddy sd-like-enabled sd-sharing-enabled\">\n<div class=\"sharedaddy sd-sharing-enabled\">\n<div class=\"robots-nocontent sd-block sd-social sd-social-icon-text sd-sharing\">\n<h3 class=\"sd-title\">Share this:<\/h3>\n<\/div>\n<\/div>\n<div class=\"sharedaddy sd-block sd-like jetpack-likes-widget-wrapper jetpack-likes-widget-unloaded\" id=\"like-post-wrapper-143108178-6383-6193250f7f852\" data-src=\"\/\/widgets.wp.com\/likes\/index.html?ver=20211111#blog_id=143108178&amp;post_id=6383&amp;origin=cordobanewsnet.wordpress.com&amp;obj_id=143108178-6383-6193250f7f852\" data-name=\"like-post-frame-143108178-6383-6193250f7f852\" data-title=\"Me gusta o Compartir\">\n<h3 class=\"sd-title\">Me gusta esto:<\/h3>\n<p><span class=\"button\"><span>Me gusta<\/span><\/span> <span class=\"loading\">Cargando&#8230;<\/span><\/p>\n<p><span class=\"sd-text-color\"><\/span><\/div>\n<p><h3 class=\"jp-relatedposts-headline\"><em>Relacionado<\/em><\/h3>\n<\/p>\n<\/div>\n","protected":false},"excerpt":{"rendered":"<p>Juntos por el Cambio se impuso este domingo en los principales distritos del pa\u00eds al igual que en las PASO, elecci\u00f3n que el Gobierno busc\u00f3 revertir sin \u00e9xito en los de peso, lo que le valdr\u00e1 un escenario de extrema polarizaci\u00f3n en el Congreso a partir del 10 de diciembre. El frente opositor, que ahora [&hellip;]<\/p>\n","protected":false},"author":1,"featured_media":12484,"comment_status":"closed","ping_status":"closed","sticky":false,"template":"","format":"standard","meta":[],"categories":[14],"tags":[],"_links":{"self":[{"href":"http:\/\/nuevacordoba.net\/index.php\/wp-json\/wp\/v2\/posts\/12483"}],"collection":[{"href":"http:\/\/nuevacordoba.net\/index.php\/wp-json\/wp\/v2\/posts"}],"about":[{"href":"http:\/\/nuevacordoba.net\/index.php\/wp-json\/wp\/v2\/types\/post"}],"author":[{"embeddable":true,"href":"http:\/\/nuevacordoba.net\/index.php\/wp-json\/wp\/v2\/users\/1"}],"replies":[{"embeddable":true,"href":"http:\/\/nuevacordoba.net\/index.php\/wp-json\/wp\/v2\/comments?post=12483"}],"version-history":[{"count":0,"href":"http:\/\/nuevacordoba.net\/index.php\/wp-json\/wp\/v2\/posts\/12483\/revisions"}],"wp:featuredmedia":[{"embeddable":true,"href":"http:\/\/nuevacordoba.net\/index.php\/wp-json\/wp\/v2\/media\/12484"}],"wp:attachment":[{"href":"http:\/\/nuevacordoba.net\/index.php\/wp-json\/wp\/v2\/media?parent=12483"}],"wp:term":[{"taxonomy":"category","embeddable":true,"href":"http:\/\/nuevacordoba.net\/index.php\/wp-json\/wp\/v2\/categories?post=12483"},{"taxonomy":"post_tag","embeddable":true,"href":"http:\/\/nuevacordoba.net\/index.php\/wp-json\/wp\/v2\/tags?post=12483"}],"curies":[{"name":"wp","href":"https:\/\/api.w.org\/{rel}","templated":true}]}}