{"id":12511,"date":"2021-11-16T10:44:59","date_gmt":"2021-11-16T10:44:59","guid":{"rendered":"http:\/\/nuevacordoba.net\/index.php\/2021\/11\/16\/neymar-no-jugara-ante-argentina-por-una-molestia-en-su-pierna-izquierda\/"},"modified":"2021-11-16T10:44:59","modified_gmt":"2021-11-16T10:44:59","slug":"neymar-no-jugara-ante-argentina-por-una-molestia-en-su-pierna-izquierda","status":"publish","type":"post","link":"http:\/\/nuevacordoba.net\/index.php\/2021\/11\/16\/neymar-no-jugara-ante-argentina-por-una-molestia-en-su-pierna-izquierda\/","title":{"rendered":"Neymar no jugar\u00e1 ante Argentina por una molestia en su pierna izquierda"},"content":{"rendered":"<figure class=\"mb-3\"><img src=\"http:\/\/nuevacordoba.net\/wp-content\/uploads\/2021\/11\/neymar-no-jugara-ante-argentina-por-una-molestia-en-su-pierna-izquierda.jpg\" alt=\"Neymar sera reemplazado por Vinicius Junior el delantero de Real Madrid\"><figcaption> Neymar ser\u00eda reemplazado por Vinicius Junior, el delantero de Real Madrid. <\/figcaption><\/figure>\n<p>Neymar fue desafectado por lesi\u00f3n del choque entre Argentina y Brasil por las eliminatorias sudamericanas para el Mundial de Qatar 2022, que se jugar\u00e1 este martes en el estadio del Bicentenario de San Juan, inform\u00f3 un comunicado de la Confederaci\u00f3n Brasile\u00f1a de F\u00fatbol (CBF).<\/p>\n<p>El futbolista del Paris Saint Germain de Francia<strong> \u00abse quej\u00f3 de dolores en la regi\u00f3n del abductor del muslo izquierdo\u00bb,<\/strong> luego del entrenamiento realizado este lunes en el centro de entrenamiento de Palmeiras, el \u00faltimo antes de viajar a San Juan.<\/p>\n<blockquote class><p>Brasil formar\u00eda con&nbsp;Alisson, Danilo, \u00c9der Milit\u00e3o, Marquinhos y Alex Sandro; Fabinho, Fred y Lucas Paquet\u00e1; Raphinha, Matheus Cunha y Vinicius J\u00fanior<\/p><\/blockquote>\n<p><strong>\u00abLa comisi\u00f3n t\u00e9cnica opt\u00f3 por preservar al jugador,<\/strong> que no viajar\u00e1 con la delegaci\u00f3n de la selecci\u00f3n brasile\u00f1a hacia San Juan\u00bb, dice el comunicado de la CBF enviado a la prensa.<\/p>\n<p>Ya clasificado para el Mundial de Qatar 2022, el equipo del entrenador Tite pretende utilizar a Vinicius Junior de titular en lugar de Neymar, quien el mi\u00e9rcoles deber\u00e1 partir hacia Francia para incorporarse a su club.<\/p>\n<p>Seg\u00fan la cadena Globo, la probable formaci\u00f3n sin Neymar es la siguiente: <strong>Alisson, Danilo, \u00c9der Milit\u00e3o, Marquinhos y Alex Sandro; Fabinho, Fred y Lucas Paquet\u00e1; Raphinha, Matheus Cunha y Vinicius J\u00fanior.<\/strong><\/p>\n<p>Brasil tiene 34 unidades, seis m\u00e1s que Argentina, a\u00fan no clasificada. <\/p>\n","protected":false},"excerpt":{"rendered":"<p>Neymar ser\u00eda reemplazado por Vinicius Junior, el delantero de Real Madrid. Neymar fue desafectado por lesi\u00f3n del choque entre Argentina y Brasil por las eliminatorias sudamericanas para el Mundial de Qatar 2022, que se jugar\u00e1 este martes en el estadio del Bicentenario de San Juan, inform\u00f3 un comunicado de la Confederaci\u00f3n Brasile\u00f1a de F\u00fatbol (CBF). [&hellip;]<\/p>\n","protected":false},"author":1,"featured_media":12512,"comment_status":"closed","ping_status":"closed","sticky":false,"template":"","format":"standard","meta":[],"categories":[10],"tags":[],"_links":{"self":[{"href":"http:\/\/nuevacordoba.net\/index.php\/wp-json\/wp\/v2\/posts\/12511"}],"collection":[{"href":"http:\/\/nuevacordoba.net\/index.php\/wp-json\/wp\/v2\/posts"}],"about":[{"href":"http:\/\/nuevacordoba.net\/index.php\/wp-json\/wp\/v2\/types\/post"}],"author":[{"embeddable":true,"href":"http:\/\/nuevacordoba.net\/index.php\/wp-json\/wp\/v2\/users\/1"}],"replies":[{"embeddable":true,"href":"http:\/\/nuevacordoba.net\/index.php\/wp-json\/wp\/v2\/comments?post=12511"}],"version-history":[{"count":0,"href":"http:\/\/nuevacordoba.net\/index.php\/wp-json\/wp\/v2\/posts\/12511\/revisions"}],"wp:featuredmedia":[{"embeddable":true,"href":"http:\/\/nuevacordoba.net\/index.php\/wp-json\/wp\/v2\/media\/12512"}],"wp:attachment":[{"href":"http:\/\/nuevacordoba.net\/index.php\/wp-json\/wp\/v2\/media?parent=12511"}],"wp:term":[{"taxonomy":"category","embeddable":true,"href":"http:\/\/nuevacordoba.net\/index.php\/wp-json\/wp\/v2\/categories?post=12511"},{"taxonomy":"post_tag","embeddable":true,"href":"http:\/\/nuevacordoba.net\/index.php\/wp-json\/wp\/v2\/tags?post=12511"}],"curies":[{"name":"wp","href":"https:\/\/api.w.org\/{rel}","templated":true}]}}