{"id":12533,"date":"2021-11-15T22:13:59","date_gmt":"2021-11-15T22:13:59","guid":{"rendered":"https:\/\/www.ole.com.ar\/futbol-ascenso\/gimnasia-defensores_0_VWuGHkATY.html"},"modified":"2021-11-15T22:13:59","modified_gmt":"2021-11-15T22:13:59","slug":"gimnasia-se-metio-en-la-copa-y-amargo-a-defe","status":"publish","type":"post","link":"http:\/\/nuevacordoba.net\/index.php\/2021\/11\/15\/gimnasia-se-metio-en-la-copa-y-amargo-a-defe\/","title":{"rendered":"Gimnasia se meti\u00f3 en la Copa y amarg\u00f3 a Defe"},"content":{"rendered":"<div><img src=\"http:\/\/nuevacordoba.net\/wp-content\/uploads\/2021\/11\/gimnasia-se-metio-en-la-copa-y-amargo-a-defe.jpg\" class=\"ff-og-image-inserted\"><\/div>\n<p>Despu\u00e9s de un flojito cierre de campeonato, Defensores de Belgrano buscaba aferrarse al \u00faltimo objetivo que se puso en el inicio de la temporada. Pero ni siquiera eso pudo lograr. Es que perdi\u00f3 en el Bajo contra Gimnasia de Jujuy y no se pudo clasificar a la pr\u00f3xima edici\u00f3n de la Copa Argentina. As\u00ed, se truncaron todas las metas que ten\u00eda en la mente. Muy poquito, che.<\/p>\n<p>Para meterse en el torneo federal, el Drag\u00f3n deb\u00eda ganar en su cancha y esperar que Trist\u00e1n Su\u00e1rez perdiera en su visita a Santamarina de Tandil. Sin embargo, los de Ezeiza igualaron y, como si fuera poco, los de Felipe de la Riva perdieron. El 1-0 del Lobo fue por medio de Joaqu\u00edn Quinteros, a los 27 minutos del primer tiempo. As\u00ed, los del Jujuy finalizaron en la sexta posici\u00f3n, a s\u00f3lo un punto de puestos de Reducido. S\u00ed, estuvo ah\u00ed de luchar por el segundo ascenso a la Liga Profesional, algo que termin\u00f3 lament\u00e1ndose.<\/p>\n<p><opta-widget sport=\"football\" widget=\"timeline\" competition=\"627\" season=\"2021\" match=\"2234035\" template=\"normal\" live=\"true\" orientation=\"horizontal\" vertical_timebar_height=\"260\" show_match_header=\"true\" show_score=\"true\" show_crests=\"true\" show_assists=\"all\" show_team_formation=\"true\" show_clock=\"true\" show_period_dividers=\"true\" show_halftime_score=\"false\" show_date=\"true\" date_format=\"dddd D MMMM YYYY\" show_attendance=\"true\" show_images=\"true\" show_referee=\"true\" show_venue=\"true\" show_cards=\"all\" show_goals=\"true\" show_penalties_missed=\"true\" show_subs=\"false\" show_goals_combined=\"false\" show_shootouts=\"false\" show_competition_name=\"true\" competition_naming=\"full\" team_naming=\"full\" player_naming=\"full\" show_live=\"true\" show_logo=\"false\" show_title=\"true\" breakpoints=\"400, 700\"><\/opta-widget><opta-widget sport=\"football\" widget=\"matchstats\" competition=\"627\" season=\"2021\" match=\"2234035\" template=\"lineups\" live=\"true\" side=\"both\" column_count=\"1\" side_by_side=\"true\" show_match_header=\"true\" show_score=\"true\" show_halftime_score=\"false\" show_crests=\"false\" show_team_formation=\"true\" show_competition_name=\"true\" show_date=\"false\" date_format=\"dddd D MMMM YYYY\" order_by=\"position\" group_by_position=\"false\" show_position=\"true\" show_images=\"false\" show_key=\"false\" show_starters=\"true\" show_goalkeepers=\"true\" show_defenders=\"true\" show_midfielders=\"true\" show_forwards=\"true\" show_subs=\"true\" show_unused_subs=\"false\" show_managers=\"true\" show_captain=\"false\" show_match_events=\"true\" competition_naming=\"full\" team_naming=\"full\" player_naming=\"full\" show_live=\"false\" show_logo=\"false\" show_title=\"true\" breakpoints=\"400, 700\"><\/opta-widget><opta-widget widget=\"commentary\" competition=\"627\" season=\"2021\" match=\"2234035\" template=\"normal\" live=\"true\" data_type=\"auto\" order_by=\"time_descending\" show_event_icons=\"true\" show_minor_events=\"true\" fixed_height_comments=\"300\" show_live=\"true\" show_logo=\"false\" show_title=\"true\" breakpoints=\"400\" sport=\"football\"><\/opta-widget><opta-widget sport=\"football\" widget=\"heatmap\" competition=\"627\" season=\"2021\" match=\"2234035\" preselected_player template=\"normal\" live=\"true\" show_maps=\"all\" orientation=\"horizontal\" side=\"both\" dimension=\"2D\" one_direction=\"false\" show_match_header=\"true\" show_score=\"true\" show_halftime_score=\"false\" show_crests=\"false\" show_team_formation=\"true\" show_competition_name=\"true\" show_date=\"true\" date_format=\"dddd D MMMM YYYY\" show_team_sheets=\"true\" show_subs=\"true\" show_position=\"true\" show_timecontrols=\"true\" show_timecontrols_buttons=\"true\" show_timecontrols_bar=\"true\" show_tooltips=\"false\" competition_naming=\"full\" team_naming=\"full\" player_naming=\"full\" show_logo=\"false\" show_title=\"true\" breakpoints=\"400, 700\"><\/opta-widget><opta-widget widget=\"standings\" competition=\"627\" season=\"2021\" template=\"normal\" live=\"true\" default_nav=\"1\" side=\"combined\" data_detail=\"default\" show_key=\"true\" show_crests=\"true\" points_in_first_column=\"true\" lose_before_draw=\"false\" competition_naming=\"full\" team_naming=\"full\" date_format=\"dddd D MMMM YYYY\" sorting=\"false\" show_live=\"false\" show_relegation_average=\"true\" show_logo=\"true\" show_title=\"true\" breakpoints=\"382\" sport=\"football\"><\/opta-widget> <\/p>\n<div class=\"entry-tags\">\n<h2>TEMAS QUE APARECEN EN ESTA NOTA<\/h2>\n<\/p><\/div>\n","protected":false},"excerpt":{"rendered":"<p>Despu\u00e9s de un flojito cierre de campeonato, Defensores de Belgrano buscaba aferrarse al \u00faltimo objetivo que se puso en el inicio de la temporada. Pero ni siquiera eso pudo lograr. Es que perdi\u00f3 en el Bajo contra Gimnasia de Jujuy y no se pudo clasificar a la pr\u00f3xima edici\u00f3n de la Copa Argentina. As\u00ed, se [&hellip;]<\/p>\n","protected":false},"author":1,"featured_media":12534,"comment_status":"closed","ping_status":"closed","sticky":false,"template":"","format":"standard","meta":[],"categories":[10],"tags":[],"_links":{"self":[{"href":"http:\/\/nuevacordoba.net\/index.php\/wp-json\/wp\/v2\/posts\/12533"}],"collection":[{"href":"http:\/\/nuevacordoba.net\/index.php\/wp-json\/wp\/v2\/posts"}],"about":[{"href":"http:\/\/nuevacordoba.net\/index.php\/wp-json\/wp\/v2\/types\/post"}],"author":[{"embeddable":true,"href":"http:\/\/nuevacordoba.net\/index.php\/wp-json\/wp\/v2\/users\/1"}],"replies":[{"embeddable":true,"href":"http:\/\/nuevacordoba.net\/index.php\/wp-json\/wp\/v2\/comments?post=12533"}],"version-history":[{"count":0,"href":"http:\/\/nuevacordoba.net\/index.php\/wp-json\/wp\/v2\/posts\/12533\/revisions"}],"wp:featuredmedia":[{"embeddable":true,"href":"http:\/\/nuevacordoba.net\/index.php\/wp-json\/wp\/v2\/media\/12534"}],"wp:attachment":[{"href":"http:\/\/nuevacordoba.net\/index.php\/wp-json\/wp\/v2\/media?parent=12533"}],"wp:term":[{"taxonomy":"category","embeddable":true,"href":"http:\/\/nuevacordoba.net\/index.php\/wp-json\/wp\/v2\/categories?post=12533"},{"taxonomy":"post_tag","embeddable":true,"href":"http:\/\/nuevacordoba.net\/index.php\/wp-json\/wp\/v2\/tags?post=12533"}],"curies":[{"name":"wp","href":"https:\/\/api.w.org\/{rel}","templated":true}]}}