{"id":12535,"date":"2021-11-16T11:38:10","date_gmt":"2021-11-16T11:38:10","guid":{"rendered":"http:\/\/nuevacordoba.net\/index.php\/2021\/11\/16\/con-tres-funciones-presentan-el-filme-postumo-de-pino-solanas\/"},"modified":"2021-11-16T11:38:10","modified_gmt":"2021-11-16T11:38:10","slug":"con-tres-funciones-presentan-el-filme-postumo-de-pino-solanas","status":"publish","type":"post","link":"http:\/\/nuevacordoba.net\/index.php\/2021\/11\/16\/con-tres-funciones-presentan-el-filme-postumo-de-pino-solanas\/","title":{"rendered":"Con tres funciones, presentan el filme p\u00f3stumo de \u00abPino\u00bb Solanas"},"content":{"rendered":"<div><img src=\"http:\/\/nuevacordoba.net\/wp-content\/uploads\/2021\/11\/con-tres-funciones-presentan-el-filme-postumo-de-pino-solanas.jpg\" class=\"ff-og-image-inserted\"><\/div>\n<div class=\"volanta\"> Espect\u00e1culos | <\/p>\n<p>PREESTRENO<\/p>\n<\/div>\n<h2 class=\"my-2 speak\"> Con tres funciones, presentan el filme p\u00f3stumo de \u00abPino\u00bb Solanas <\/h2>\n<p class=\"speak\"> El \u00faltimo trabajo documental del director de \u00abSur\u00bb y \u00abEl exilio de Gardel\u00bb se podr\u00e1 ver en el Centro Cultural Kirchner, adem\u00e1s de la web del Festival Internacional de Cine de Mar del Plata, donde se proyectar\u00e1 este jueves en la gala inaugural. <\/p>\n","protected":false},"excerpt":{"rendered":"<p>Espect\u00e1culos | PREESTRENO Con tres funciones, presentan el filme p\u00f3stumo de \u00abPino\u00bb Solanas El \u00faltimo trabajo documental del director de \u00abSur\u00bb y \u00abEl exilio de Gardel\u00bb se podr\u00e1 ver en el Centro Cultural Kirchner, adem\u00e1s de la web del Festival Internacional de Cine de Mar del Plata, donde se proyectar\u00e1 este jueves en la gala [&hellip;]<\/p>\n","protected":false},"author":1,"featured_media":12536,"comment_status":"closed","ping_status":"closed","sticky":false,"template":"","format":"standard","meta":[],"categories":[9],"tags":[],"_links":{"self":[{"href":"http:\/\/nuevacordoba.net\/index.php\/wp-json\/wp\/v2\/posts\/12535"}],"collection":[{"href":"http:\/\/nuevacordoba.net\/index.php\/wp-json\/wp\/v2\/posts"}],"about":[{"href":"http:\/\/nuevacordoba.net\/index.php\/wp-json\/wp\/v2\/types\/post"}],"author":[{"embeddable":true,"href":"http:\/\/nuevacordoba.net\/index.php\/wp-json\/wp\/v2\/users\/1"}],"replies":[{"embeddable":true,"href":"http:\/\/nuevacordoba.net\/index.php\/wp-json\/wp\/v2\/comments?post=12535"}],"version-history":[{"count":0,"href":"http:\/\/nuevacordoba.net\/index.php\/wp-json\/wp\/v2\/posts\/12535\/revisions"}],"wp:featuredmedia":[{"embeddable":true,"href":"http:\/\/nuevacordoba.net\/index.php\/wp-json\/wp\/v2\/media\/12536"}],"wp:attachment":[{"href":"http:\/\/nuevacordoba.net\/index.php\/wp-json\/wp\/v2\/media?parent=12535"}],"wp:term":[{"taxonomy":"category","embeddable":true,"href":"http:\/\/nuevacordoba.net\/index.php\/wp-json\/wp\/v2\/categories?post=12535"},{"taxonomy":"post_tag","embeddable":true,"href":"http:\/\/nuevacordoba.net\/index.php\/wp-json\/wp\/v2\/tags?post=12535"}],"curies":[{"name":"wp","href":"https:\/\/api.w.org\/{rel}","templated":true}]}}