{"id":12539,"date":"2021-11-16T17:39:09","date_gmt":"2021-11-16T17:39:09","guid":{"rendered":"http:\/\/nuevacordoba.net\/index.php\/2021\/11\/16\/el-pais-vasco-primera-region-espanola-en-volver-a-las-restricciones\/"},"modified":"2021-11-16T17:39:09","modified_gmt":"2021-11-16T17:39:09","slug":"el-pais-vasco-primera-region-espanola-en-volver-a-las-restricciones","status":"publish","type":"post","link":"http:\/\/nuevacordoba.net\/index.php\/2021\/11\/16\/el-pais-vasco-primera-region-espanola-en-volver-a-las-restricciones\/","title":{"rendered":"El Pa\u00eds Vasco, primera regi\u00f3n espa\u00f1ola en volver a las restricciones"},"content":{"rendered":"<figure class=\"mb-3\"><img src=\"http:\/\/nuevacordoba.net\/wp-content\/uploads\/2021\/11\/el-pais-vasco-primera-region-espanola-en-volver-a-las-restricciones.jpg\" alt=\"El Pas Vasco con 17437 casos junto con la regin de Navarra con 20342 marcan las mayores incidencias de Espaa\"><figcaption> El Pa\u00eds Vasco con 174,37 casos, junto con la regi\u00f3n de Navarra con 203,42, marcan las mayores incidencias de Espa\u00f1a. <\/figcaption><\/figure>\n<p>La consejera de Salud del Gobierno Vasco, Gotzone Sagardui, anunci\u00f3 una serie de medidas para contener la expansi\u00f3n del coronavirus en la regi\u00f3n, cuyo crecimiento est\u00e1 a la vanguardia de los repuntes en Espa\u00f1a.<\/p>\n<p><strong>\u00abEs esencial frenar la progresi\u00f3n de la pandemia antes de que pase a mayores\u00bb<\/strong>, alert\u00f3 la responsable de la Sanidad vasca en la rueda de prensa posterior al Consejo de Gobierno regional.<\/p>\n<p>B\u00e1sicamente, el Ejecutivo regional vasco pedir\u00e1 a todos los ayuntamientos del territorio, en los que la incidencia acumulada sea superior a los 150 casos, que suspendan los actos multitudinarios, rese\u00f1\u00f3 la agencia de noticias Sputnik.<\/p>\n<p>La incidencia acumulada es el n\u00famero de nuevos casos declarados en los \u00faltimos 14 d\u00edas por cada 100.0000 habitantes, es el principal indicador para medir el desarrollo de la pandemia en Espa\u00f1a y la mayor\u00eda de pa\u00edses europeos.<\/p>\n<p>El Pa\u00eds Vasco (174,37 casos), junto con la vecina regi\u00f3n de Navarra (203,42), ambas en el norte peninsular, marcan las mayores incidencias de Espa\u00f1a y son los dos \u00fanicos territorios que se sit\u00faan por encima de los 150 casos de incidencia, el nivel en el que se considera alto el riesgo de contagio.<\/p>\n<h2 class>Pasaporte Covid<\/h2>\n<p>Junto con toda una serie de restricciones relacionadas con los actos p\u00fablicos y las aglomeraciones, el Ejecutivo vasco anunci\u00f3 que consultar\u00e1 al Tribunal Superior de la regi\u00f3n por la legalidad de exigir en la hoteler\u00eda el llamado \u00abpasaporte Covid\u00bb, el certificado de vacunaci\u00f3n europeo ideado inicialmente para viajar.<\/p>\n<p>La idea de vincular el pasaporte Covid al acceso a determinados locales de hoteler\u00eda, ya se aplica en la regi\u00f3n espa\u00f1ola de Galicia con los locales de ocio nocturno y en Europa es Alemania uno de los pa\u00edses que m\u00e1s usos pr\u00e1cticos le est\u00e1 dando en la vida cotidiana, dado que lo pide para entrar a bares y restaurantes. <\/p>\n","protected":false},"excerpt":{"rendered":"<p>El Pa\u00eds Vasco con 174,37 casos, junto con la regi\u00f3n de Navarra con 203,42, marcan las mayores incidencias de Espa\u00f1a. La consejera de Salud del Gobierno Vasco, Gotzone Sagardui, anunci\u00f3 una serie de medidas para contener la expansi\u00f3n del coronavirus en la regi\u00f3n, cuyo crecimiento est\u00e1 a la vanguardia de los repuntes en Espa\u00f1a. \u00abEs [&hellip;]<\/p>\n","protected":false},"author":1,"featured_media":12540,"comment_status":"closed","ping_status":"closed","sticky":false,"template":"","format":"standard","meta":[],"categories":[13],"tags":[],"_links":{"self":[{"href":"http:\/\/nuevacordoba.net\/index.php\/wp-json\/wp\/v2\/posts\/12539"}],"collection":[{"href":"http:\/\/nuevacordoba.net\/index.php\/wp-json\/wp\/v2\/posts"}],"about":[{"href":"http:\/\/nuevacordoba.net\/index.php\/wp-json\/wp\/v2\/types\/post"}],"author":[{"embeddable":true,"href":"http:\/\/nuevacordoba.net\/index.php\/wp-json\/wp\/v2\/users\/1"}],"replies":[{"embeddable":true,"href":"http:\/\/nuevacordoba.net\/index.php\/wp-json\/wp\/v2\/comments?post=12539"}],"version-history":[{"count":0,"href":"http:\/\/nuevacordoba.net\/index.php\/wp-json\/wp\/v2\/posts\/12539\/revisions"}],"wp:featuredmedia":[{"embeddable":true,"href":"http:\/\/nuevacordoba.net\/index.php\/wp-json\/wp\/v2\/media\/12540"}],"wp:attachment":[{"href":"http:\/\/nuevacordoba.net\/index.php\/wp-json\/wp\/v2\/media?parent=12539"}],"wp:term":[{"taxonomy":"category","embeddable":true,"href":"http:\/\/nuevacordoba.net\/index.php\/wp-json\/wp\/v2\/categories?post=12539"},{"taxonomy":"post_tag","embeddable":true,"href":"http:\/\/nuevacordoba.net\/index.php\/wp-json\/wp\/v2\/tags?post=12539"}],"curies":[{"name":"wp","href":"https:\/\/api.w.org\/{rel}","templated":true}]}}