{"id":12550,"date":"2021-11-16T12:54:48","date_gmt":"2021-11-16T12:54:48","guid":{"rendered":"http:\/\/cordobanewsnet.wordpress.com\/?p=6386"},"modified":"2021-11-16T12:54:48","modified_gmt":"2021-11-16T12:54:48","slug":"buenos-aires-no-sera-obligatorio-el-uso-de-barbijos-en-los-ninos-de-hasta-tercer-ano-inclusive","status":"publish","type":"post","link":"http:\/\/nuevacordoba.net\/index.php\/2021\/11\/16\/buenos-aires-no-sera-obligatorio-el-uso-de-barbijos-en-los-ninos-de-hasta-tercer-ano-inclusive\/","title":{"rendered":"Buenos Aires: no ser\u00e1 obligatorio el uso de barbijos en los ni\u00f1os de hasta tercer a\u00f1o inclusive"},"content":{"rendered":"<p><!-- \/featured-media --> <\/p>\n<div class=\"post-content clear\" readability=\"58.427184466019\">\n<p>El uso de barbijos ni\u00f1as y ni\u00f1os del nivel inicial (jard\u00edn de infantes) y para primer ciclo de primaria (primer, segundo y tercer grado) dejar\u00e1 de ser obligatorio dentro de las aulas a partir de ma\u00f1ana en las escuelas porte\u00f1as tanto p\u00fablicas como privadas, anunci\u00f3 el Gobierno de la ciudad de Buenos Aires.<\/p>\n<p>\u00abLa evidencia nos muestra que podemos dar un paso m\u00e1s que es fundamental en el aprendizaje de los chicos. A partir de ma\u00f1ana no es obligatorio el uso de tapabocas para los chicos que est\u00e1n en el jard\u00edn y primer ciclo de la primaria\u00bb, indic\u00f3 el jefe de Gobierno porte\u00f1o,&nbsp;Horacio Rodr\u00edguez Larreta, durante el anuncio realizado en una escuela del barrio de Palermo, junto con los ministros Soledad Acu\u00f1a (Educaci\u00f3n) y Fern\u00e1n Quir\u00f3s (Salud).<\/p>\n<p>En ese marco, Larreta argument\u00f3: \u00abEs una edad fundamental en la que los chicos aprenden a leer y a escribir y despu\u00e9s de hablarlo mucho con nuestro equipo y especialistas vimos que el tapaboca es una barrera en la comunicaci\u00f3n con el docente y eso le dificulta la alfabetizaci\u00f3n. Por eso, ahora que la situaci\u00f3n sanitaria est\u00e1 mejor y que el clima lo permite, tomamos esta decisi\u00f3n de que no sea obligatorio para los m\u00e1s chicos\u00bb.<\/p>\n<p>El 20 de octubre el Gobierno porte\u00f1o ya hab\u00eda flexibilizado el uso del tapabocas para las actividades al aire libre de los alumnos de todos los niveles; no obstante,&nbsp;<strong>el uso de tapabocas contin\u00faa siendo obligatorio desde 4 grado en adelante dentro de las aulas.<\/strong><\/p>\n<div id=\"jp-post-flair\" class=\"sharedaddy sd-like-enabled sd-sharing-enabled\">\n<div class=\"sharedaddy sd-sharing-enabled\">\n<div class=\"robots-nocontent sd-block sd-social sd-social-icon-text sd-sharing\">\n<h3 class=\"sd-title\">Share this:<\/h3>\n<\/div>\n<\/div>\n<div class=\"sharedaddy sd-block sd-like jetpack-likes-widget-wrapper jetpack-likes-widget-unloaded\" id=\"like-post-wrapper-143108178-6386-61940cf70e3ec\" data-src=\"\/\/widgets.wp.com\/likes\/index.html?ver=20211111#blog_id=143108178&amp;post_id=6386&amp;origin=cordobanewsnet.wordpress.com&amp;obj_id=143108178-6386-61940cf70e3ec\" data-name=\"like-post-frame-143108178-6386-61940cf70e3ec\" data-title=\"Me gusta o Compartir\">\n<h3 class=\"sd-title\">Me gusta esto:<\/h3>\n<p><span class=\"button\"><span>Me gusta<\/span><\/span> <span class=\"loading\">Cargando&#8230;<\/span><\/p>\n<p><span class=\"sd-text-color\"><\/span><\/div>\n<p><h3 class=\"jp-relatedposts-headline\"><em>Relacionado<\/em><\/h3>\n<\/p>\n<\/div><\/div>\n<p><!--\/.post-content--> <\/p>\n<footer class=\"post-meta-container clear\" readability=\"0.39106145251397\">\n<div class=\"entry-author author-avatar-show\" readability=\"13.114754098361\">\n<div class=\"author-avatar\"> <img loading=\"lazy\" alt src=\"http:\/\/nuevacordoba.net\/wp-content\/uploads\/2021\/11\/buenos-aires-no-sera-obligatorio-el-uso-de-barbijos-en-los-ninos-de-hasta-tercer-ano-inclusive.png\" class=\"avatar avatar-90\" height=\"90\" width=\"90\"> <\/div>\n<p><!-- .author-avatar --> <\/p>\n<p><h2 class=\"author-title\">Publicado por <span class=\"author-name\">Redacci\u00f3n<\/span><\/h2>\n<\/p>\n<p><!-- .author-heading --> <\/p>\n<p class=\"author-bio\"> <a class=\"author-link\" href=\"https:\/\/cordobanewsnet.wordpress.com\/author\/prettomatias\/\" rel=\"author\"> Ver todas las entradas de Redacci\u00f3n <\/a> <\/p>\n<p><!-- .author-bio --> <\/div>\n<p><!-- .entry-auhtor --> <\/footer>\n<p> <!-- \/post-meta-container --> <!-- #respond --> <\/p>\n","protected":false},"excerpt":{"rendered":"<p>El uso de barbijos ni\u00f1as y ni\u00f1os del nivel inicial (jard\u00edn de infantes) y para primer ciclo de primaria (primer, segundo y tercer grado) dejar\u00e1 de ser obligatorio dentro de las aulas a partir de ma\u00f1ana en las escuelas porte\u00f1as tanto p\u00fablicas como privadas, anunci\u00f3 el Gobierno de la ciudad de Buenos Aires. \u00abLa evidencia [&hellip;]<\/p>\n","protected":false},"author":1,"featured_media":12551,"comment_status":"closed","ping_status":"closed","sticky":false,"template":"","format":"standard","meta":[],"categories":[14],"tags":[],"_links":{"self":[{"href":"http:\/\/nuevacordoba.net\/index.php\/wp-json\/wp\/v2\/posts\/12550"}],"collection":[{"href":"http:\/\/nuevacordoba.net\/index.php\/wp-json\/wp\/v2\/posts"}],"about":[{"href":"http:\/\/nuevacordoba.net\/index.php\/wp-json\/wp\/v2\/types\/post"}],"author":[{"embeddable":true,"href":"http:\/\/nuevacordoba.net\/index.php\/wp-json\/wp\/v2\/users\/1"}],"replies":[{"embeddable":true,"href":"http:\/\/nuevacordoba.net\/index.php\/wp-json\/wp\/v2\/comments?post=12550"}],"version-history":[{"count":0,"href":"http:\/\/nuevacordoba.net\/index.php\/wp-json\/wp\/v2\/posts\/12550\/revisions"}],"wp:featuredmedia":[{"embeddable":true,"href":"http:\/\/nuevacordoba.net\/index.php\/wp-json\/wp\/v2\/media\/12551"}],"wp:attachment":[{"href":"http:\/\/nuevacordoba.net\/index.php\/wp-json\/wp\/v2\/media?parent=12550"}],"wp:term":[{"taxonomy":"category","embeddable":true,"href":"http:\/\/nuevacordoba.net\/index.php\/wp-json\/wp\/v2\/categories?post=12550"},{"taxonomy":"post_tag","embeddable":true,"href":"http:\/\/nuevacordoba.net\/index.php\/wp-json\/wp\/v2\/tags?post=12550"}],"curies":[{"name":"wp","href":"https:\/\/api.w.org\/{rel}","templated":true}]}}