{"id":12572,"date":"2021-11-16T21:04:59","date_gmt":"2021-11-16T21:04:59","guid":{"rendered":"https:\/\/es.digitaltrends.com\/?p=891932"},"modified":"2021-11-16T21:04:59","modified_gmt":"2021-11-16T21:04:59","slug":"harry-potter-return-to-hogwarts-reunira-a-todo-el-elenco-original","status":"publish","type":"post","link":"http:\/\/nuevacordoba.net\/index.php\/2021\/11\/16\/harry-potter-return-to-hogwarts-reunira-a-todo-el-elenco-original\/","title":{"rendered":"Harry Potter: Return to Hogwarts reunir\u00e1 a todo el elenco original"},"content":{"rendered":"<p>Para celebrar los 20 a\u00f1os del estreno de la primera pel\u00edcula de <em><a href=\"https:\/\/es.digitaltrends.com\/entretenimiento\/hbo-max-estaria-desarrollando-serie-harry-potter\/\">Harry Potter<\/a>, <\/em>HBO prepara un especial que reunir\u00e1 a todos los actores de la saga que comenz\u00f3 en 2001.<\/p>\n<p>El especial se llamar\u00e1 <em>Harry Potter 20th Anniversary: Return to Hogwarts<\/em> y entre los nombres que se dar\u00e1n cita en la reuni\u00f3n est\u00e1 el tr\u00edo principal compuesto por Daniel Radcliffe, Emma Watson y Rupert Grin.<\/p>\n<p>A ellos se les unir\u00e1n Helena Bonham Carter, Robbie Coltrane, Ralph Fiennes, Jason Isaacs, Gary Oldman, Imelda Staunton, Tom Felton, James Phelps, Oliver Phelps, Mark Williams, Bonnie Wright, Alfred Enoch, Matthew Lewis, Evanna Lynch e Ian Hart.<\/p>\n<p>Segun Warner, este especial ser\u00e1 una retrospectiva a modo de \u201ctributo a todos aquellos cuya vida fue impactada por este verdadero fen\u00f3meno cultural\u201d y eso incluye tanto a las personas que trabajaron en la producci\u00f3n de las pel\u00edculas como tambi\u00e9n a los fan\u00e1ticos que siguen disfrut\u00e1ndolas incluso tiempo despu\u00e9s de haber concluido la saga.<\/p>\n<figure class=\"aligncenter\"><img src=\"http:\/\/nuevacordoba.net\/wp-content\/uploads\/2021\/11\/harry-potter-return-to-hogwarts-reunira-a-todo-el-elenco-original.gif\" data-dt-lazy-src=\"https:\/\/icdn.dtcn.com\/image\/digitaltrends_es\/harry-potter-and-the-prisoner-of-azkaban-720x720.jpg\" onerror=\"dti_load_error(this)\" class=\"size-large wp-image-790897 dt-lazy-load dt-lazy-pending\" alt><\/figure>\n<p>El especial se filmar\u00e1 en algunos de los sets originales de las pel\u00edculas y estar\u00e1 producido por Warner Bros. Unscripted Television, una divisi\u00f3n de la compa\u00f1\u00eda que se dedica a documentales o contenidos que no caben en el formato tradicional de series de televisi\u00f3n o pel\u00edculas.<\/p>\n<p><em>Harry Potter<\/em> es un nombre importante dentro de las franquicias de Warner y todas sus divisiones asociadas. En fechas recientes, todas las pel\u00edculas <a href=\"https:\/\/es.digitaltrends.com\/entretenimiento\/harry-potter-hbo-max-septiembre\/\">fueron agregadas a HBO Max<\/a>, mientras que se prepara una tercera parte de <em>Fantastic Beasts<\/em>, que se estrenar\u00e1 en abril de 2022 y que llegar\u00e1 tanto a salas de cine como al servicio de suscripci\u00f3n.<\/p>\n<p><em>Return to Hogwarts<\/em> ser\u00e1 otra reuni\u00f3n <a href=\"https:\/\/es.digitaltrends.com\/entretenimiento\/jennifer-aniston-deprimente-grabar-friends-the-reunion\/\">similar a la de <em>Friends<\/em><\/a>, que fue en general bien recibida por los fan\u00e1ticos de la obra terminada hace m\u00e1s de una d\u00e9cada.<\/p>\n<h4 class=\"h-editors-recs-title\"> Recomendaciones del editor\t<\/h4>\n<p> <span id=\"publisher-md\" itemprop=\"publisher\" itemscope itemtype=\"https:\/\/schema.org\/Organization\"> <span itemprop=\"url\" itemtype=\"https:\/\/schema.org\/Url\" content=\"https:\/\/es.digitaltrends.com\"> <span itemprop=\"logo\" itemscope itemtype=\"https:\/\/schema.org\/ImageObject\"> <meta itemprop=\"url\" content=\"https:\/\/cdn.dtcn.com\/dt\/dt-logo-small.png\"> <meta itemprop=\"width\" content=\"0\"> <meta itemprop=\"height\" content=\"0\"> <\/span> <meta itemprop=\"name\" content=\"Digital Trends Espa\u00f1ol\"> <\/span> <span itemprop=\"image\" itemscope itemtype=\"https:\/\/schema.org\/ImageObject\"> <meta itemprop=\"url\" content=\"https:\/\/icdn.dtcn.com\/image\/digitaltrends_es\/harry-potter-and-the-prisoner-of-azkaban-2.jpg\"> <\/span> <\/span><\/p>\n","protected":false},"excerpt":{"rendered":"<p>Para celebrar los 20 a\u00f1os del estreno de la primera pel\u00edcula de Harry Potter, HBO prepara un especial que reunir\u00e1 a todos los actores de la saga que comenz\u00f3 en 2001. El especial se llamar\u00e1 Harry Potter 20th Anniversary: Return to Hogwarts y entre los nombres que se dar\u00e1n cita en la reuni\u00f3n est\u00e1 el [&hellip;]<\/p>\n","protected":false},"author":1,"featured_media":12573,"comment_status":"open","ping_status":"closed","sticky":false,"template":"","format":"standard","meta":[],"categories":[7],"tags":[],"_links":{"self":[{"href":"http:\/\/nuevacordoba.net\/index.php\/wp-json\/wp\/v2\/posts\/12572"}],"collection":[{"href":"http:\/\/nuevacordoba.net\/index.php\/wp-json\/wp\/v2\/posts"}],"about":[{"href":"http:\/\/nuevacordoba.net\/index.php\/wp-json\/wp\/v2\/types\/post"}],"author":[{"embeddable":true,"href":"http:\/\/nuevacordoba.net\/index.php\/wp-json\/wp\/v2\/users\/1"}],"replies":[{"embeddable":true,"href":"http:\/\/nuevacordoba.net\/index.php\/wp-json\/wp\/v2\/comments?post=12572"}],"version-history":[{"count":0,"href":"http:\/\/nuevacordoba.net\/index.php\/wp-json\/wp\/v2\/posts\/12572\/revisions"}],"wp:featuredmedia":[{"embeddable":true,"href":"http:\/\/nuevacordoba.net\/index.php\/wp-json\/wp\/v2\/media\/12573"}],"wp:attachment":[{"href":"http:\/\/nuevacordoba.net\/index.php\/wp-json\/wp\/v2\/media?parent=12572"}],"wp:term":[{"taxonomy":"category","embeddable":true,"href":"http:\/\/nuevacordoba.net\/index.php\/wp-json\/wp\/v2\/categories?post=12572"},{"taxonomy":"post_tag","embeddable":true,"href":"http:\/\/nuevacordoba.net\/index.php\/wp-json\/wp\/v2\/tags?post=12572"}],"curies":[{"name":"wp","href":"https:\/\/api.w.org\/{rel}","templated":true}]}}