{"id":1282,"date":"2021-02-21T23:17:02","date_gmt":"2021-02-21T23:17:02","guid":{"rendered":"http:\/\/nuevacordoba.net\/index.php\/2021\/02\/21\/juez-va-a-la-justicia-tenemos-sospechas-fundadas-de-que-en-cordoba-hubo-vacunatorios-vip\/"},"modified":"2021-02-21T23:17:02","modified_gmt":"2021-02-21T23:17:02","slug":"juez-va-a-la-justicia-tenemos-sospechas-fundadas-de-que-en-cordoba-hubo-vacunatorios-vip","status":"publish","type":"post","link":"http:\/\/nuevacordoba.net\/index.php\/2021\/02\/21\/juez-va-a-la-justicia-tenemos-sospechas-fundadas-de-que-en-cordoba-hubo-vacunatorios-vip\/","title":{"rendered":"Juez va a la Justicia: \u00abTenemos sospechas fundadas de que en C\u00f3rdoba hubo vacunatorios VIP\u00bb"},"content":{"rendered":"<div><img src=\"http:\/\/nuevacordoba.net\/wp-content\/uploads\/2021\/02\/juez-va-a-la-justicia-tenemos-sospechas-fundadas-de-que-en-cordoba-hubo-vacunatorios-vip.jpg\" class=\"ff-og-image-inserted\"><\/div>\n<p>Este lunes, el senador Ernesto Mart\u00ednez y el diputado Luis Juez presentar\u00e1n, a las 11 en Tribunales Federales, una enuncia para que el COE informe qui\u00e9nes fueron los destinatarios de las vacunas contra el Covid que llegaron a la provincia de C\u00f3rdoba.&nbsp;<\/p>\n<p>\u00abEntendemos que la competencia es federal. Es el Gobierno nacional el que adquiri\u00f3 las vacunas. A partir del programa de vacunaci\u00f3n nacional, estableci\u00f3 un reparto equitativo para los equipos de Salud, y el resto del personal. Por lo que entendemos que el patrimonio que se ha puesto en juego, y el dinero que se utiliz\u00f3, es del Estado nacional\u00bb, explic\u00f3 Juez.<\/p>\n<p>El senador pedir\u00e1 el lunes que, de manera inmediata, el fiscal de turno exija que el Gobierno provincial, a trav\u00e9s del ministerio de Salud, ponga a disposici\u00f3n de la ciudadan\u00eda la lista completa de los vacunados en C\u00f3rdoba.<\/p>\n<div class=\"block-ad-node\">\n<div>\n<p> <span>Publicidad<\/span> <\/p>\n<\/div>\n<\/div>\n<p>\u00abTenemos sospechas fundadas de que en C\u00f3rdoba hubo vacunatorios VIP\u00bb, afirm\u00f3 Juez.<\/p>\n<p>\u00abPersonas que no est\u00e1n en ning\u00fan protocolo, ni a ning\u00fan tipo de prioridad, han accedido a la vacuna, violando el derecho fundamental m\u00e1s b\u00e1sico que el de la salud de los m\u00e1s necesitados\u00bb, agreg\u00f3 el diputado de Juntos por el Cambio.<\/p>\n<p>\u00abComo la sospecha est\u00e1 claramente acreditada, le vamos a pedir al fiscal que, sin perder tiempo alguno, le solicite a la autoridad el listado completo de todas las vacunas distribuidas en C\u00f3rdoba\u00bb, expres\u00f3 Juez.<\/p>\n<div class=\"ctaNewsNotaContainer\" readability=\"6.5\">\n<div class=\"newsletterTextContainer\" readability=\"33\">\n<p> S\u00cdNTESIS POL\u00cdTICA<\/p>\n<p> Informaci\u00f3n exclusiva y el mejor an\u00e1lisis, los lunes en tu correo.<\/p>\n<form method=\"post\" action-xhr=\"https:\/\/www.lavoz.com.ar\/newsletters\/sintesis-politica\/signup\" id=\"newsletter-signup\" class=\"newsletterForm\" target=\"_blank\" custom-validation-reporting=\"as-you-go\" on=\"submit:AMP.setState({formLoading:true});submit-success:AMP.setState({formSuccess:true})\">\n<div submit-success class=\"is-paddingless-l\" readability=\"6\"> <template type=\"amp-mustache\" readability=\"2\"><\/p>\n<p> <strong>\u00a1Gracias por suscribirte!<\/strong><\/p>\n<p> <\/template><\/div>\n<div submit-error class=\"is-paddingless-l\" readability=\"6.5\"> <template type=\"amp-mustache\" readability=\"3\"><\/p>\n<p> <strong>Ha ocurrido un error, por favor intente nuevamente m\u00e1s tarde.<\/strong><\/p>\n<p> <\/template><\/div>\n<\/form>\n<\/div>\n<\/div>\n<div>\n<p> <span>Publicidad<\/span> <\/p>\n<\/div>\n","protected":false},"excerpt":{"rendered":"<p>Este lunes, el senador Ernesto Mart\u00ednez y el diputado Luis Juez presentar\u00e1n, a las 11 en Tribunales Federales, una enuncia para que el COE informe qui\u00e9nes fueron los destinatarios de las vacunas contra el Covid que llegaron a la provincia de C\u00f3rdoba.&nbsp; \u00abEntendemos que la competencia es federal. Es el Gobierno nacional el que adquiri\u00f3 [&hellip;]<\/p>\n","protected":false},"author":1,"featured_media":1283,"comment_status":"closed","ping_status":"closed","sticky":false,"template":"","format":"standard","meta":[],"categories":[12],"tags":[],"_links":{"self":[{"href":"http:\/\/nuevacordoba.net\/index.php\/wp-json\/wp\/v2\/posts\/1282"}],"collection":[{"href":"http:\/\/nuevacordoba.net\/index.php\/wp-json\/wp\/v2\/posts"}],"about":[{"href":"http:\/\/nuevacordoba.net\/index.php\/wp-json\/wp\/v2\/types\/post"}],"author":[{"embeddable":true,"href":"http:\/\/nuevacordoba.net\/index.php\/wp-json\/wp\/v2\/users\/1"}],"replies":[{"embeddable":true,"href":"http:\/\/nuevacordoba.net\/index.php\/wp-json\/wp\/v2\/comments?post=1282"}],"version-history":[{"count":0,"href":"http:\/\/nuevacordoba.net\/index.php\/wp-json\/wp\/v2\/posts\/1282\/revisions"}],"wp:featuredmedia":[{"embeddable":true,"href":"http:\/\/nuevacordoba.net\/index.php\/wp-json\/wp\/v2\/media\/1283"}],"wp:attachment":[{"href":"http:\/\/nuevacordoba.net\/index.php\/wp-json\/wp\/v2\/media?parent=1282"}],"wp:term":[{"taxonomy":"category","embeddable":true,"href":"http:\/\/nuevacordoba.net\/index.php\/wp-json\/wp\/v2\/categories?post=1282"},{"taxonomy":"post_tag","embeddable":true,"href":"http:\/\/nuevacordoba.net\/index.php\/wp-json\/wp\/v2\/tags?post=1282"}],"curies":[{"name":"wp","href":"https:\/\/api.w.org\/{rel}","templated":true}]}}