{"id":1286,"date":"2021-02-22T03:02:49","date_gmt":"2021-02-22T03:02:49","guid":{"rendered":"https:\/\/puntoapunto.com.ar\/?p=273238"},"modified":"2021-02-22T03:02:49","modified_gmt":"2021-02-22T03:02:49","slug":"mercado-automotriz-cuales-son-las-claves-para-2021","status":"publish","type":"post","link":"http:\/\/nuevacordoba.net\/index.php\/2021\/02\/22\/mercado-automotriz-cuales-son-las-claves-para-2021\/","title":{"rendered":"Mercado automotriz: \u00bfcu\u00e1les son las claves para 2021?"},"content":{"rendered":"<p><!-- image --><\/p>\n<div class=\"td-post-featured-image\"><a href=\"https:\/\/s3.us-west-2.amazonaws.com\/puntoapunto.com.ar\/wp-content\/uploads\/2021\/02\/18105856\/Apertura-informe.jpg\" data-caption><img loading=\"lazy\" width=\"696\" height=\"463\" class=\"entry-thumb td-modal-image\" src=\"http:\/\/nuevacordoba.net\/wp-content\/uploads\/2021\/02\/mercado-automotriz-cuales-son-las-claves-para-2021.jpg\" srcset=\"http:\/\/nuevacordoba.net\/wp-content\/uploads\/2021\/02\/mercado-automotriz-cuales-son-las-claves-para-2021.jpg 696w, http:\/\/nuevacordoba.net\/wp-content\/uploads\/2021\/02\/mercado-automotriz-cuales-son-las-claves-para-2021-5.jpg 300w, http:\/\/nuevacordoba.net\/wp-content\/uploads\/2021\/02\/mercado-automotriz-cuales-son-las-claves-para-2021-6.jpg 1024w, http:\/\/nuevacordoba.net\/wp-content\/uploads\/2021\/02\/mercado-automotriz-cuales-son-las-claves-para-2021-7.jpg 768w, http:\/\/nuevacordoba.net\/wp-content\/uploads\/2021\/02\/mercado-automotriz-cuales-son-las-claves-para-2021-8.jpg 1536w, http:\/\/nuevacordoba.net\/wp-content\/uploads\/2021\/02\/mercado-automotriz-cuales-son-las-claves-para-2021-9.jpg 2048w, http:\/\/nuevacordoba.net\/wp-content\/uploads\/2021\/02\/mercado-automotriz-cuales-son-las-claves-para-2021-10.jpg 150w, http:\/\/nuevacordoba.net\/wp-content\/uploads\/2021\/02\/mercado-automotriz-cuales-son-las-claves-para-2021-11.jpg 1068w, http:\/\/nuevacordoba.net\/wp-content\/uploads\/2021\/02\/mercado-automotriz-cuales-son-las-claves-para-2021-12.jpg 631w\" sizes=\"(max-width: 696px) 100vw, 696px\" alt title=\"Apertura informe\"><\/a><\/div>\n<p> <!-- content --> <!-- A generated by theme --> <!-- end A --> <\/p>\n<p>El <strong><a href=\"https:\/\/puntoapunto.com.ar\/tag\/programa-operativo\/\" class=\"st_tag internal_tag\" rel=\"tag\" title=\"Posts tagged with Programa Operativo\">Programa Operativo<\/a><\/strong> (P.O.) 2021 de cada una de las terminales automotrices radicadas en <strong><a href=\"https:\/\/puntoapunto.com.ar\/tag\/cordoba\/\" class=\"st_tag internal_tag\" rel=\"tag\" title=\"Posts tagged with c\u00f3rdoba\">C\u00f3rdoba<\/a><\/strong> es muy auspicioso. Luego de un 2020 que pintaba bien, el <strong>mercado automotriz<\/strong> empez\u00f3 a tambalear por el cimbronazo de la<strong> pandemia<\/strong> y sobre el segundo semestre acomod\u00f3 el cuerpo, por lo que el desaf\u00edo este a\u00f1o es crecer de forma sostenible.<\/p>\n<p>Todos coinciden en que el a\u00f1o pasado se cerr\u00f3 bien, pero ahora la industria automotriz buscar\u00e1 aprovechar la reactivaci\u00f3n que ya se siente en algunos sectores de la econom\u00eda y convertirse, si todo sigue seg\u00fan lo planeado, en protagonistas de esa misma reactivaci\u00f3n.<\/p>\n<h4>Con presencia en C\u00f3rdoba<\/h4>\n<p>Un sondeo que realiz\u00f3 <strong><a href=\"https:\/\/puntoapunto.com.ar\/\">Punto a Punto<\/a><\/strong> por las plantas productivas de <strong>C\u00f3rdoba<\/strong> confirma las buenas expectativas. En conjunto, <strong><a href=\"https:\/\/www.fiat.com.ar\/\">Fiat Argentina<\/a><\/strong>, <strong><a href=\"https:\/\/puntoapunto.com.ar\/tag\/renault\/\" class=\"st_tag internal_tag\" rel=\"tag\" title=\"Posts tagged with Renault\">Renault<\/a><\/strong>, <strong><a href=\"https:\/\/puntoapunto.com.ar\/tag\/nissan\/\" class=\"st_tag internal_tag\" rel=\"tag\" title=\"Posts tagged with Nissan\">Nissan<\/a><\/strong> e <strong><a href=\"https:\/\/puntoapunto.com.ar\/tag\/iveco\/\" class=\"st_tag internal_tag\" rel=\"tag\" title=\"Posts tagged with Iveco\">Iveco<\/a><\/strong> completaron el 2020 con una producci\u00f3n en torno a las 69.000 unidades, nada mal pensando que hacia marzo, abril y mayo la actividad automotriz estaba muy ralentizada por impacto de las medidas de aislamiento para reducir los contagios de<strong> Covid-19<\/strong>.<\/p>\n<p>Este a\u00f1o, las previsiones iniciales e incluso conversadoras de algunas marcas llevan las perspectivas de fabricaci\u00f3n de modelos \u201ccordobeses\u201d a un total de entre 115.000 y 120.000 unidades, es decir un aumento superior al 80% de lo generado el a\u00f1o pasado.<\/p>\n<p>Entre las claves, adem\u00e1s de la esperada recuperaci\u00f3n del mercado dom\u00e9stico, se mencionan una fuerte tracci\u00f3n de <strong>Brasil<\/strong>, el principal mercado de exportaci\u00f3n, la buena performance que est\u00e1n teniendo modelos como el <a href=\"https:\/\/puntoapunto.com.ar\/tag\/cronos\/\" class=\"st_tag internal_tag\" rel=\"tag\" title=\"Posts tagged with Cronos\">Cronos<\/a>, l\u00edder de ventas, y la creciente aceptaci\u00f3n de las pick-ups cordobesas <strong><a href=\"https:\/\/puntoapunto.com.ar\/tag\/frontier\/\" class=\"st_tag internal_tag\" rel=\"tag\" title=\"Posts tagged with Frontier\">Frontier<\/a><\/strong> y <strong>Alaskan<\/strong>. En este \u00faltimo aspecto tambi\u00e9n hay otras consideraciones. Hace rato que la producci\u00f3n de <strong>pick-ups<\/strong> es entendida como estrat\u00e9gica para las terminales y tambi\u00e9n para el Estado.<\/p>\n<h4>Red de proveedores para pick-ups<\/h4>\n<p>El gobierno de la Provincia, a trav\u00e9s de su <strong>ministerio de Industria<\/strong>, volvi\u00f3 a ratificar recientemente la intenci\u00f3n de apoyar la generaci\u00f3n de un cl\u00faster de proveedores locales para la fabricaci\u00f3n de <strong>pick-ups<\/strong>. Desde esa cartera se apunt\u00f3 que se van a generar reuniones con las c\u00e1maras que nuclean al sector para trabajar en el desarrollo de objetivos para los pr\u00f3ximos cinco a\u00f1os de la <strong>industria automotriz<\/strong> y <strong>autopartista<\/strong> de<strong> C\u00f3rdoba<\/strong>, \u201ccomo as\u00ed tambi\u00e9n convocaremos a las terminales de nuestra Provincia y del pa\u00eds para fomentar la red de proveedores cordobeses sobretodo en cuanto al pl\u00e1stico, el software y la electr\u00f3nica que hoy se est\u00e1n necesitando en las automotrices\u201d.<\/p>\n<p>\u201cEstamos entregando mucha promoci\u00f3n industrial en el <strong><a href=\"https:\/\/puntoapunto.com.ar\/tag\/sector-automotriz\/\" class=\"st_tag internal_tag\" rel=\"tag\" title=\"Posts tagged with sector automotriz\">sector automotriz<\/a><\/strong> que viene muy bien. Venimos trabajando mucho en el esquema de sustituci\u00f3n de importaciones, de generar proveedores locales\u201d, ratificaron a <strong>Punto a Punto<\/strong> desde <strong>Industria<\/strong>.<\/p>\n<p><img loading=\"lazy\" class=\"alignnone wp-image-273248\" src=\"http:\/\/nuevacordoba.net\/wp-content\/uploads\/2021\/02\/mercado-automotriz-cuales-son-las-claves-para-2021-1.jpg\" alt=\"Renault Alaskan, una de las promesas del mercado automotriz de C\u00f3rdoba\" width=\"505\" height=\"284\" srcset=\"http:\/\/nuevacordoba.net\/wp-content\/uploads\/2021\/02\/mercado-automotriz-cuales-son-las-claves-para-2021-1.jpg 300w, http:\/\/nuevacordoba.net\/wp-content\/uploads\/2021\/02\/mercado-automotriz-cuales-son-las-claves-para-2021-13.jpg 1024w, http:\/\/nuevacordoba.net\/wp-content\/uploads\/2021\/02\/mercado-automotriz-cuales-son-las-claves-para-2021-14.jpg 768w, http:\/\/nuevacordoba.net\/wp-content\/uploads\/2021\/02\/mercado-automotriz-cuales-son-las-claves-para-2021-15.jpg 150w, http:\/\/nuevacordoba.net\/wp-content\/uploads\/2021\/02\/mercado-automotriz-cuales-son-las-claves-para-2021-16.jpg 696w, http:\/\/nuevacordoba.net\/wp-content\/uploads\/2021\/02\/mercado-automotriz-cuales-son-las-claves-para-2021-17.jpg 1068w, http:\/\/nuevacordoba.net\/wp-content\/uploads\/2021\/02\/mercado-automotriz-cuales-son-las-claves-para-2021-18.jpg 747w, http:\/\/nuevacordoba.net\/wp-content\/uploads\/2021\/02\/mercado-automotriz-cuales-son-las-claves-para-2021-19.jpg 1280w\" sizes=\"(max-width: 505px) 100vw, 505px\"><\/p>\n<h4>Los n\u00fameros para 2021<\/h4>\n<p>Las terminales radicadas en <strong>C\u00f3rdoba<\/strong> manejan auspiciosos n\u00fameros para este a\u00f1o:<\/p>\n<p>\u2022 <strong>Fiat<\/strong>, que produjo 36.000 unidades del<strong> Cronos<\/strong> en 2020, proyecta como m\u00ednimo unas 60.000 para este a\u00f1o.<\/p>\n<p>\u2022 El binomio <strong>Renault\/Nissan<\/strong>, que producen en<strong> Santa Isabel<\/strong> los modelos<strong> Sandero<\/strong>, <strong>Sandero Stepway<\/strong>,<strong> Logan<\/strong>, <strong>Kangoo<\/strong> y las <strong>pick-ups Frontier<\/strong> y<strong> Nissan<\/strong> produjeron 32.000 veh\u00edculos el a\u00f1o pasado. Para este a\u00f1o estiman rondar las 50.000 unidades.<\/p>\n<p>\u2022 La f\u00e1brica de camiones b, que sac\u00f3 cerca de 1000 unidades en 2020 multiplicar\u00e1 varias veces su producci\u00f3n y llegar\u00eda a 3800 este a\u00f1o.<\/p>\n<h4>Exportaciones<\/h4>\n<p>Los env\u00edos al mercado externo tambi\u00e9n ser\u00e1n clave. Como siempre, <strong>Brasil<\/strong> concentra casi en su totalidad las ventas. Por caso, <strong>Nissan<\/strong> produjo 11.791 unidades de la <strong>Frontier<\/strong> y 7159 fueron a ese destino. En el caso del <strong>Cronos<\/strong>, uno de los referentes del mercado actual, se estima que el 35% vaya al mercado brasilero.<\/p>\n<h4>Provisi\u00f3n<\/h4>\n<p>Por ahora, las terminales coinciden en que a\u00fan no hay problemas graves de falta de piezas; aunque s\u00ed alguna demora en la capacidad productiva de ciertos proveedores locales. A la vez, desde Industria remarcan que una de las gestiones en que m\u00e1s se trabaja es en el acompa\u00f1amiento para que las pymes locales avancen con la producci\u00f3n de nuevas piezas y concretar la siempre buscada sustituci\u00f3n de importaciones.<\/p>\n<p><a href=\"https:\/\/bit.ly\/3qwftsE\" target=\"_blank\" rel=\"noopener\"><img loading=\"lazy\" class=\"alignnone wp-image-263999 size-medium\" src=\"http:\/\/nuevacordoba.net\/wp-content\/uploads\/2021\/02\/mercado-automotriz-cuales-son-las-claves-para-2021-2.jpg\" alt width=\"300\" height=\"64\" srcset=\"http:\/\/nuevacordoba.net\/wp-content\/uploads\/2021\/02\/mercado-automotriz-cuales-son-las-claves-para-2021-2.jpg 300w, http:\/\/nuevacordoba.net\/wp-content\/uploads\/2021\/02\/mercado-automotriz-cuales-son-las-claves-para-2021-20.jpg 732w\" sizes=\"(max-width: 300px) 100vw, 300px\"><\/a><\/p>\n<p><a href=\"https:\/\/bit.ly\/3dqPr6u\" target=\"_blank\" rel=\"noopener\"><img loading=\"lazy\" class=\"alignnone wp-image-264021 size-medium\" src=\"http:\/\/nuevacordoba.net\/wp-content\/uploads\/2021\/02\/mercado-automotriz-cuales-son-las-claves-para-2021-3.jpg\" alt width=\"300\" height=\"73\" srcset=\"http:\/\/nuevacordoba.net\/wp-content\/uploads\/2021\/02\/mercado-automotriz-cuales-son-las-claves-para-2021-3.jpg 300w, http:\/\/nuevacordoba.net\/wp-content\/uploads\/2021\/02\/mercado-automotriz-cuales-son-las-claves-para-2021-21.jpg 724w\" sizes=\"(max-width: 300px) 100vw, 300px\"><\/a><\/p>\n<p><a href=\"https:\/\/bit.ly\/3baq0Di\"><img loading=\"lazy\" class=\"alignnone wp-image-264023 size-medium\" src=\"http:\/\/nuevacordoba.net\/wp-content\/uploads\/2021\/02\/mercado-automotriz-cuales-son-las-claves-para-2021-4.jpg\" alt width=\"300\" height=\"73\" srcset=\"http:\/\/nuevacordoba.net\/wp-content\/uploads\/2021\/02\/mercado-automotriz-cuales-son-las-claves-para-2021-4.jpg 300w, http:\/\/nuevacordoba.net\/wp-content\/uploads\/2021\/02\/mercado-automotriz-cuales-son-las-claves-para-2021-22.jpg 720w\" sizes=\"(max-width: 300px) 100vw, 300px\"><\/a><\/p>\n<p> <!-- A generated by theme --> <!-- end A --> <\/p>\n","protected":false},"excerpt":{"rendered":"<p>El Programa Operativo (P.O.) 2021 de cada una de las terminales automotrices radicadas en C\u00f3rdoba es muy auspicioso. Luego de un 2020 que pintaba bien, el mercado automotriz empez\u00f3 a tambalear por el cimbronazo de la pandemia y sobre el segundo semestre acomod\u00f3 el cuerpo, por lo que el desaf\u00edo este a\u00f1o es crecer de [&hellip;]<\/p>\n","protected":false},"author":1,"featured_media":1287,"comment_status":"open","ping_status":"closed","sticky":false,"template":"","format":"standard","meta":[],"categories":[14],"tags":[],"_links":{"self":[{"href":"http:\/\/nuevacordoba.net\/index.php\/wp-json\/wp\/v2\/posts\/1286"}],"collection":[{"href":"http:\/\/nuevacordoba.net\/index.php\/wp-json\/wp\/v2\/posts"}],"about":[{"href":"http:\/\/nuevacordoba.net\/index.php\/wp-json\/wp\/v2\/types\/post"}],"author":[{"embeddable":true,"href":"http:\/\/nuevacordoba.net\/index.php\/wp-json\/wp\/v2\/users\/1"}],"replies":[{"embeddable":true,"href":"http:\/\/nuevacordoba.net\/index.php\/wp-json\/wp\/v2\/comments?post=1286"}],"version-history":[{"count":0,"href":"http:\/\/nuevacordoba.net\/index.php\/wp-json\/wp\/v2\/posts\/1286\/revisions"}],"wp:featuredmedia":[{"embeddable":true,"href":"http:\/\/nuevacordoba.net\/index.php\/wp-json\/wp\/v2\/media\/1287"}],"wp:attachment":[{"href":"http:\/\/nuevacordoba.net\/index.php\/wp-json\/wp\/v2\/media?parent=1286"}],"wp:term":[{"taxonomy":"category","embeddable":true,"href":"http:\/\/nuevacordoba.net\/index.php\/wp-json\/wp\/v2\/categories?post=1286"},{"taxonomy":"post_tag","embeddable":true,"href":"http:\/\/nuevacordoba.net\/index.php\/wp-json\/wp\/v2\/tags?post=1286"}],"curies":[{"name":"wp","href":"https:\/\/api.w.org\/{rel}","templated":true}]}}