{"id":1300,"date":"2021-02-23T03:23:38","date_gmt":"2021-02-23T03:23:38","guid":{"rendered":"http:\/\/nuevacordoba.net\/index.php\/2021\/02\/23\/sampaoli-se-despide-del-atletico-mineiro-dirigiria-al-olympique-de-marsella\/"},"modified":"2021-02-23T03:23:38","modified_gmt":"2021-02-23T03:23:38","slug":"sampaoli-se-despide-del-atletico-mineiro-dirigiria-al-olympique-de-marsella","status":"publish","type":"post","link":"http:\/\/nuevacordoba.net\/index.php\/2021\/02\/23\/sampaoli-se-despide-del-atletico-mineiro-dirigiria-al-olympique-de-marsella\/","title":{"rendered":"Sampaoli se despide del Atl\u00e9tico Mineiro; dirigir\u00eda al Olympique de Marsella"},"content":{"rendered":"<div class=\"image\" id=\"image\" readability=\"10\"> <img src=\"http:\/\/nuevacordoba.net\/wp-content\/uploads\/2021\/02\/sampaoli-se-despide-del-atletico-mineiro-dirigiria-al-olympique-de-marsella.jpg\" alt=\"Despu\u00e9s de la selecci\u00f3n argentina, Sampaoli dirigi\u00f3 al Santos y al Atl\u00e9tico Mineiro, ambos de Brasil.\" title=\"Despu\u00e9s de la selecci\u00f3n argentina, Sampaoli dirigi\u00f3 al Santos y al Atl\u00e9tico Mineiro, ambos de Brasil.\"><\/p>\n<p>Despu\u00e9s de la selecci\u00f3n argentina, Sampaoli dirigi\u00f3 al Santos y al Atl\u00e9tico Mineiro, ambos de Brasil.<\/p>\n<\/div>\n<p>El entrenador argentino Jorge Sampaoli ensay\u00f3 este lunes su adi\u00f3s de Atl\u00e9tico Mineiro de Brasil a trav\u00e9s de un comunicado y confirm\u00f3 que el pr\u00f3ximo jueves dirigir\u00e1 por \u00faltima vez al equipo que contrat\u00f3 recientemente a Ignacio Fern\u00e1ndez.<\/p>\n<p>\u00abLleg\u00f3 el final. El jueves ser\u00e1 el \u00faltimo partido. <strong>Me queda la nostalgia de no haber podido dirigir con el estadio lleno<\/strong>. S\u00e9 que nos hubi\u00e9ramos emocionado mucho. Quer\u00eda vivir esos videos que hab\u00eda visto de una hinchada alentando sin parar\u00bb, escribi\u00f3 Sampaoli en un texto al que Agencia T\u00e9lam tuvo acceso.<\/p>\n<p>\u00ab<strong>Quiero agradecerle a todo el club. A los jugadores, por su entrega.<\/strong> A todos los empleados de la instituci\u00f3n por dejar el alma por este proyecto. A los directivos por danos grandes condiciones para poder trabajar. A la ciudad, por tratarnos tan bien\u00bb, continu\u00f3 el ex DT del seleccionado argentino.<\/p>\n<p>\u00abEl Galo est\u00e1 destinado a pelear grandes cosas. <strong>S\u00e9 que los triunfos ocurrir\u00e1n<\/strong>. Los quiero mucho y les deseo que sigan caminando con el coraz\u00f3n como gu\u00eda\u00bb, indic\u00f3 el entrenador oriundo de Casilda.<\/p>\n<p>Sampaoli, quien tiene muchas chances de convertirse en <strong>nuevo DT de Olympique de Marsella de Francia<\/strong>, se\u00f1al\u00f3 que su equipo tuvo \u00abvalent\u00eda de jugar adentro y afuera de casa\u00bb y que nunca renunci\u00f3 \u00aba pensar en el arco rival\u00bb.<\/p>\n<p>Su trayectoria en Atl\u00e9tico Mineiro comenz\u00f3 en marzo del 2020 (en agosto obtuvo el Campeonato Mineiro) y pele\u00f3 el Brasileirao hasta que en las \u00faltimas fechas se qued\u00f3 sin posibilidades.<\/p>\n<p>Sampaoli se despedir\u00e1 del Mineiro el pr\u00f3ximo jueves cuando finalice el compromiso ante Palmeiras por la 38va. y \u00faltima fecha del Brasileirao. <\/p>\n","protected":false},"excerpt":{"rendered":"<p>Despu\u00e9s de la selecci\u00f3n argentina, Sampaoli dirigi\u00f3 al Santos y al Atl\u00e9tico Mineiro, ambos de Brasil. El entrenador argentino Jorge Sampaoli ensay\u00f3 este lunes su adi\u00f3s de Atl\u00e9tico Mineiro de Brasil a trav\u00e9s de un comunicado y confirm\u00f3 que el pr\u00f3ximo jueves dirigir\u00e1 por \u00faltima vez al equipo que contrat\u00f3 recientemente a Ignacio Fern\u00e1ndez. \u00abLleg\u00f3 [&hellip;]<\/p>\n","protected":false},"author":1,"featured_media":1301,"comment_status":"closed","ping_status":"closed","sticky":false,"template":"","format":"standard","meta":[],"categories":[10],"tags":[],"_links":{"self":[{"href":"http:\/\/nuevacordoba.net\/index.php\/wp-json\/wp\/v2\/posts\/1300"}],"collection":[{"href":"http:\/\/nuevacordoba.net\/index.php\/wp-json\/wp\/v2\/posts"}],"about":[{"href":"http:\/\/nuevacordoba.net\/index.php\/wp-json\/wp\/v2\/types\/post"}],"author":[{"embeddable":true,"href":"http:\/\/nuevacordoba.net\/index.php\/wp-json\/wp\/v2\/users\/1"}],"replies":[{"embeddable":true,"href":"http:\/\/nuevacordoba.net\/index.php\/wp-json\/wp\/v2\/comments?post=1300"}],"version-history":[{"count":0,"href":"http:\/\/nuevacordoba.net\/index.php\/wp-json\/wp\/v2\/posts\/1300\/revisions"}],"wp:featuredmedia":[{"embeddable":true,"href":"http:\/\/nuevacordoba.net\/index.php\/wp-json\/wp\/v2\/media\/1301"}],"wp:attachment":[{"href":"http:\/\/nuevacordoba.net\/index.php\/wp-json\/wp\/v2\/media?parent=1300"}],"wp:term":[{"taxonomy":"category","embeddable":true,"href":"http:\/\/nuevacordoba.net\/index.php\/wp-json\/wp\/v2\/categories?post=1300"},{"taxonomy":"post_tag","embeddable":true,"href":"http:\/\/nuevacordoba.net\/index.php\/wp-json\/wp\/v2\/tags?post=1300"}],"curies":[{"name":"wp","href":"https:\/\/api.w.org\/{rel}","templated":true}]}}