{"id":1341,"date":"2021-02-24T03:23:35","date_gmt":"2021-02-24T03:23:35","guid":{"rendered":"http:\/\/nuevacordoba.net\/index.php\/2021\/02\/24\/el-nuevo-presidente-del-globo-va-por-el-sueno-de-ser-campeones\/"},"modified":"2021-02-24T03:23:35","modified_gmt":"2021-02-24T03:23:35","slug":"el-nuevo-presidente-del-globo-va-por-el-sueno-de-ser-campeones","status":"publish","type":"post","link":"http:\/\/nuevacordoba.net\/index.php\/2021\/02\/24\/el-nuevo-presidente-del-globo-va-por-el-sueno-de-ser-campeones\/","title":{"rendered":"El nuevo presidente del \u00abGlobo\u00bb va por el sue\u00f1o de ser campeones"},"content":{"rendered":"<div class=\"image\" id=\"image\" readability=\"7\"> <img src=\"http:\/\/nuevacordoba.net\/wp-content\/uploads\/2021\/02\/el-nuevo-presidente-del-globo-va-por-el-sueno-de-ser-campeones.jpg\" alt=\"David Garz\u00f3n (en el centro) fue elegido este domingo presidente de Hurac\u00e1n.\" title=\"David Garz\u00f3n (en el centro) fue elegido este domingo presidente de Hurac\u00e1n.\"><\/p>\n<p>David Garz\u00f3n (en el centro) fue elegido este domingo presidente de Hurac\u00e1n.<\/p>\n<\/div>\n<p>David Garz\u00f3n asumi\u00f3 este martes&nbsp; oficialmente el cargo de presidente de Hurac\u00e1n en reemplazo de Alejandro Nadur, quien estuvo al frente del club durante casi diez a\u00f1os, y prometi\u00f3 que trabajar\u00e1 para que el equipo vuelva a ganar un t\u00edtulo.<\/p>\n<p>En un acto realizado en el estadio Tom\u00e1s Adolfo Duc\u00f3, asumieron Garz\u00f3n y las nuevas autoridades de la Comisi\u00f3n Directiva que el pasado domingo ganaron las elecciones por una ajustada diferencia de 23 votos.<\/p>\n<p>\u00abQuiero terminar mi gesti\u00f3n como campe\u00f3n. Ojal\u00e1 pueda lograrlo y vamos a trabajar para eso\u00bb, expres\u00f3 el flamante presidente del \u00abGlobo\u00bb, quien destron\u00f3 a Nadur el pasado domingo en los comicios que tambi\u00e9n se llevaron a cabo en el Palacio.<\/p>\n<p>El ahora extitular de Hurac\u00e1n estuvo presente en el acto, ya que asumi\u00f3 en su cargo como vocal titular por la minor\u00eda de la nueva Comisi\u00f3n Directiva.<\/p>\n<div class=\"js-code\" readability=\"6.4477611940299\">\n<blockquote class=\"twitter-tweet\" readability=\"7.2537313432836\">\n<p lang=\"es\" dir=\"ltr\"><a href=\"https:\/\/twitter.com\/hashtag\/Hurac%C3%A1n?src=hash&amp;ref_src=twsrc%5Etfw\">#Hurac\u00e1n<\/a> \ud83c\udf88\ud83d\uddf3 Finaliz\u00f3 el recuento de votos. <\/p>\n<p>Felicitaciones a la Lista Blanca encabezada por David Garz\u00f3n, Gustavo Mendelovich y Abel Poza tras haber conseguido el triunfo en los comicios. <a href=\"https:\/\/t.co\/hBk2Wy7Tbf\">pic.twitter.com\/hBk2Wy7Tbf<\/a><\/p>\n<p>\u2014 CA Hurac\u00e1n (@CAHuracan) <a href=\"https:\/\/twitter.com\/CAHuracan\/status\/1363652669274025988?ref_src=twsrc%5Etfw\">February 22, 2021<\/a><\/p><\/blockquote><\/div>\n<p>Luego de la ceremonia protocolar, Garz\u00f3n brind\u00f3 una conferencia de prensa y m\u00e1s all\u00e1 del entusiasmo admiti\u00f3 estar \u00abpreocupado\u00bb por la actual situaci\u00f3n del club.<\/p>\n<p>\u00abLa realidad es que no tenemos informaci\u00f3n oficial de la situaci\u00f3n econ\u00f3mica y financiera del club. Estoy preocupado, pero tenemos todo para sacar a Hurac\u00e1n adelante. Esperamos y deseamos no encontrarnos nada m\u00e1s de lo que imaginamos\u00bb, remarc\u00f3 Garz\u00f3n.<\/p>\n<p>En cuanto a lo deportivo, el nuevo titular confirm\u00f3 que Mario Bolatti, exjugador del club y mundialista con Argentina en Sud\u00e1frica 2010, asumir\u00e1 la pr\u00f3xima semana como nuevo secretario t\u00e9cnico.<\/p>\n<p>Por la ma\u00f1ana, Garz\u00f3n y los vicepresidentes Gustavo Mendelovich y Abel Poza se presentaron ante el plantel dirigido por Israel Damonte y les expresaron su \u00abrespaldo y aliento\u00bb.<\/p>\n<p>\u00abTuvimos una charla muy linda con todo el plantel. Les transmitimos nuestro respaldo y aliento y nos pusimos a disposici\u00f3n. Queremos mucha presencia dirigencial en el d\u00eda a d\u00eda\u00bb, indic\u00f3 Garz\u00f3n.<\/p>\n<p>En este sentido, Mendelovich, quien estar\u00e1 a cargo del f\u00fatbol profesional, inform\u00f3 que habl\u00f3 con el mediocampista Esteban Rol\u00f3n, quien finalmente no pudo cumplir su deseo de ser transferido a Boca Juniors.<\/p>\n<p>\u00abLe dije lo importante que era para el club y que esperamos mucho de \u00e9l. Que, m\u00e1s all\u00e1 de lo que pas\u00f3 con Boca, iba a tener el apoyo nuestro. Esperamos contar con \u00e9l\u00bb, cont\u00f3 Mendelovich.<\/p>\n<p>Entre las nuevas autoridades que integrar\u00e1n la nueva Comisi\u00f3n Directiva estar\u00e1n Maia Daer, hija de H\u00e9ctor, secretario de la CGT; Patricia Gonz\u00e1lez, esposa de Antonio \u00abTurco\u00bb Mohamed; y N\u00e9stor Vicente, excandidato a presidente de la Naci\u00f3n (1989) y titular del \u00abGlobo\u00bb entre 2003 y 2004, quienes asumieron como vocales titulares. <\/p>\n","protected":false},"excerpt":{"rendered":"<p>David Garz\u00f3n (en el centro) fue elegido este domingo presidente de Hurac\u00e1n. David Garz\u00f3n asumi\u00f3 este martes&nbsp; oficialmente el cargo de presidente de Hurac\u00e1n en reemplazo de Alejandro Nadur, quien estuvo al frente del club durante casi diez a\u00f1os, y prometi\u00f3 que trabajar\u00e1 para que el equipo vuelva a ganar un t\u00edtulo. En un acto [&hellip;]<\/p>\n","protected":false},"author":1,"featured_media":1342,"comment_status":"closed","ping_status":"closed","sticky":false,"template":"","format":"standard","meta":[],"categories":[10],"tags":[],"_links":{"self":[{"href":"http:\/\/nuevacordoba.net\/index.php\/wp-json\/wp\/v2\/posts\/1341"}],"collection":[{"href":"http:\/\/nuevacordoba.net\/index.php\/wp-json\/wp\/v2\/posts"}],"about":[{"href":"http:\/\/nuevacordoba.net\/index.php\/wp-json\/wp\/v2\/types\/post"}],"author":[{"embeddable":true,"href":"http:\/\/nuevacordoba.net\/index.php\/wp-json\/wp\/v2\/users\/1"}],"replies":[{"embeddable":true,"href":"http:\/\/nuevacordoba.net\/index.php\/wp-json\/wp\/v2\/comments?post=1341"}],"version-history":[{"count":0,"href":"http:\/\/nuevacordoba.net\/index.php\/wp-json\/wp\/v2\/posts\/1341\/revisions"}],"wp:featuredmedia":[{"embeddable":true,"href":"http:\/\/nuevacordoba.net\/index.php\/wp-json\/wp\/v2\/media\/1342"}],"wp:attachment":[{"href":"http:\/\/nuevacordoba.net\/index.php\/wp-json\/wp\/v2\/media?parent=1341"}],"wp:term":[{"taxonomy":"category","embeddable":true,"href":"http:\/\/nuevacordoba.net\/index.php\/wp-json\/wp\/v2\/categories?post=1341"},{"taxonomy":"post_tag","embeddable":true,"href":"http:\/\/nuevacordoba.net\/index.php\/wp-json\/wp\/v2\/tags?post=1341"}],"curies":[{"name":"wp","href":"https:\/\/api.w.org\/{rel}","templated":true}]}}