{"id":1360,"date":"2021-02-24T03:24:24","date_gmt":"2021-02-24T03:24:24","guid":{"rendered":"http:\/\/nuevacordoba.net\/index.php\/2021\/02\/24\/asume-vazquez-tras-la-puja-en-el-concejo\/"},"modified":"2021-02-24T03:24:24","modified_gmt":"2021-02-24T03:24:24","slug":"asume-vazquez-tras-la-puja-en-el-concejo","status":"publish","type":"post","link":"http:\/\/nuevacordoba.net\/index.php\/2021\/02\/24\/asume-vazquez-tras-la-puja-en-el-concejo\/","title":{"rendered":"Asume V\u00e1zquez, tras la puja en el Concejo"},"content":{"rendered":"<div><img src=\"http:\/\/nuevacordoba.net\/wp-content\/uploads\/2021\/02\/asume-vazquez-tras-la-puja-en-el-concejo.jpg\" class=\"ff-og-image-inserted\"><\/div>\n<p>El concejal Marcos V\u00e1zquez ser\u00e1 oficializado hoy como presidente de la bancada oficialista Hacemos por C\u00f3rdoba en el Concejo Deliberante capitalino.<\/p>\n<p>De esta forma, el intendente Mart\u00edn Llaryora buscar\u00e1 dejar atr\u00e1s la tensi\u00f3n que fue en aumento entre los concejales peronistas, que resist\u00edan la designaci\u00f3n de Nicol\u00e1s Piloni. La confirmaci\u00f3n se esperaba para este martes, pero se realizar\u00e1 en conjunto con el anuncio de la renovaci\u00f3n de las autoridades del Concejo: Sandra Trigo seguir\u00e1 como presidenta provisoria y Bernardo Knipscheer como presidente.<\/p>\n<p>V\u00e1zquez es del grupo de cuatro concejales que responden pol\u00edticamente a Llaryora. All\u00ed est\u00e1n adem\u00e1s Piloni, Ileana Quaglino y Pedro Altamira Zarazaga, quien deja su cargo en el CPC de Arg\u00fcello para sumarse al Legislativo en reemplazo de Juan Domingo Viola.<\/p>\n<p>Siguiendo con V\u00e1zquez, junto a Quaglino provienen del espacio del legislador Juan Manuel Cid. Ocup\u00f3 la vicepresidencia de la bancada, detr\u00e1s de Viola. Tuvo un muy bajo perfil en 2020.&nbsp;<\/p>\n<div class=\"block-ad-node\">\n<div>\n<p> <span>Publicidad<\/span> <\/p>\n<\/div>\n<\/div>\n<p>Seg\u00fan su antecedentes publicados en la p\u00e1gina del Concejo, es diplomado en Gobernabilidad, Gerencia Pol\u00edtica y Gesti\u00f3n P\u00fablica.<\/p>\n<p>Su territorio es la seccional Tercera, que abarca a barrio Alberdi. Representa a ese distrito en la Junta Capital del Partido Justicialista.<\/p>\n<p>Trabaj\u00f3 en el Tribunal de Cuentas como jefe de \u00e1rea. Y entre 2013 y 2015 fue director de Pyme en el Ministerio de Industria provincial, cuando Llaryora era ministro de esa repartici\u00f3n.<\/p>\n<p>Altas fuentes municipales explicaron que la elecci\u00f3n de V\u00e1zquez se explica por la necesidad de apaciguar las aguas en el Concejo. \u00abTenemos que estar enfocados en la gesti\u00f3n, y no podemos andar perdiendo tiempo en cuestiones internas de los concejales\u00bb, remarcaron desde el Palacio 6 de Julio.<\/p>\n<p>Todo indicaba que Piloni iba a ser el presidente. Incluso, fuentes del bloque oficialista comentaron que se estuvo preparando para asumir el cargo con el objetivo de llevar adelante una f\u00e9rrea defensa de la gesti\u00f3n de Llaryora en la Municipalidad.<\/p>\n<div class=\"block-ad-node\">\n<div>\n<p> <span>Publicidad<\/span> <\/p>\n<\/div>\n<\/div>\n<p>Pero la resistencia de su compa\u00f1ero de bancada Diego Casado fue creciendo de manera acelerada. Tanto que el lunes anticip\u00f3 en el programa Realidad 21, de Canal C, que iba a \u00abdesgastar\u00bb a Piloni si es que lo designaban como titular de la bancada oficialista. \u00abSupongamos que lo pongan a este pibe, al radical, va a hacer que este concejal lo salga a desgastar, lo voy a desgastar\u00bb, dijo Casado.<\/p>\n<p>Adem\u00e1s, el concejal asegur\u00f3 que formar\u00eda bloque aparte con su compa\u00f1ero de bancada Gustavo Pedrocca.<\/p>\n<p>Los dos, adem\u00e1s, apoyaron expl\u00edcitamente a V\u00e1zquez, a quien casado valor\u00f3 como \u00abperonista surgido de la militancia territorial\u00bb, en contraposici\u00f3n de Piloni, al que hab\u00eda tildado peyorativamente de \u00abradical\u00bb.<\/p>\n<div class=\"block-ad-node\">\n<div>\n<p> <span>Publicidad<\/span> <\/p>\n<\/div>\n<\/div>\n<p>Calmar las aguas<\/p>\n<p>La orden es apaciguar las aguas en el oficialismo. Hacemos por C\u00f3rdoba es un espacio en el que conviven los cuatro llaryoristas (V\u00e1zquez, Piloni, Quaglino y Altamirano); los delasotistas Knipscheer, Valeria Bustamante y Mar\u00eda Eva Ontivero (tambi\u00e9n est\u00e1 el viceintendente Daniel Passerini); y los nueve ediles viguistas: Casado, Pedrocca,&nbsp;Juan Mart\u00edn C\u00f3rdoba, Soledad Ferraro, \u00c9rika Mercado, Pablo Ovejeros, Rossana P\u00e9rez, Natalia Qui\u00f1onez y Sandra Trigo.<\/p>\n<p>V\u00e1zquez deber\u00e1 asumir la responsabilidad de mantener la uni\u00f3n en el bloque tras el ataque a Piloni por parte de Casado, defender a la gesti\u00f3n Llaryora en un a\u00f1o electoral y, adem\u00e1s, negociar con la oposici\u00f3n cuando se necesiten mayor\u00edas agravadas.&nbsp;<\/p>\n<div class=\"ctaNewsNotaContainer\" readability=\"6.5\">\n<div class=\"newsletterTextContainer\" readability=\"33\">\n<p> S\u00cdNTESIS POL\u00cdTICA<\/p>\n<p> Informaci\u00f3n exclusiva y el mejor an\u00e1lisis, los lunes en tu correo.<\/p>\n<form method=\"post\" action-xhr=\"https:\/\/www.lavoz.com.ar\/newsletters\/sintesis-politica\/signup\" id=\"newsletter-signup\" class=\"newsletterForm\" target=\"_blank\" custom-validation-reporting=\"as-you-go\" on=\"submit:AMP.setState({formLoading:true});submit-success:AMP.setState({formSuccess:true})\">\n<div submit-success class=\"is-paddingless-l\" readability=\"6\"> <template type=\"amp-mustache\" readability=\"2\"><\/p>\n<p> <strong>\u00a1Gracias por suscribirte!<\/strong><\/p>\n<p> <\/template><\/div>\n<div submit-error class=\"is-paddingless-l\" readability=\"6.5\"> <template type=\"amp-mustache\" readability=\"3\"><\/p>\n<p> <strong>Ha ocurrido un error, por favor intente nuevamente m\u00e1s tarde.<\/strong><\/p>\n<p> <\/template><\/div>\n<\/form>\n<\/div>\n<\/div>\n<div class=\"column is-inline-block\" readability=\"5.1111111111111\">\n<div class=\"notification is-padding-lr\" readability=\"5.962962962963\"> <a class=\"no-decoration is-font-bold\" href=\"https:\/\/www.lavoz.com.ar\/edicion-impresa\">Edici\u00f3n Impresa<\/a><\/p>\n<p class=\"is-font-sans-serif\">El texto original de este art\u00edculo fue publicado el 24\/02\/2021 en nuestra edici\u00f3n impresa.<\/p>\n<\/div>\n<\/div>\n<div>\n<p> <span>Publicidad<\/span> <\/p>\n<\/div>\n","protected":false},"excerpt":{"rendered":"<p>El concejal Marcos V\u00e1zquez ser\u00e1 oficializado hoy como presidente de la bancada oficialista Hacemos por C\u00f3rdoba en el Concejo Deliberante capitalino. De esta forma, el intendente Mart\u00edn Llaryora buscar\u00e1 dejar atr\u00e1s la tensi\u00f3n que fue en aumento entre los concejales peronistas, que resist\u00edan la designaci\u00f3n de Nicol\u00e1s Piloni. La confirmaci\u00f3n se esperaba para este martes, [&hellip;]<\/p>\n","protected":false},"author":1,"featured_media":1361,"comment_status":"closed","ping_status":"closed","sticky":false,"template":"","format":"standard","meta":[],"categories":[12],"tags":[],"_links":{"self":[{"href":"http:\/\/nuevacordoba.net\/index.php\/wp-json\/wp\/v2\/posts\/1360"}],"collection":[{"href":"http:\/\/nuevacordoba.net\/index.php\/wp-json\/wp\/v2\/posts"}],"about":[{"href":"http:\/\/nuevacordoba.net\/index.php\/wp-json\/wp\/v2\/types\/post"}],"author":[{"embeddable":true,"href":"http:\/\/nuevacordoba.net\/index.php\/wp-json\/wp\/v2\/users\/1"}],"replies":[{"embeddable":true,"href":"http:\/\/nuevacordoba.net\/index.php\/wp-json\/wp\/v2\/comments?post=1360"}],"version-history":[{"count":0,"href":"http:\/\/nuevacordoba.net\/index.php\/wp-json\/wp\/v2\/posts\/1360\/revisions"}],"wp:featuredmedia":[{"embeddable":true,"href":"http:\/\/nuevacordoba.net\/index.php\/wp-json\/wp\/v2\/media\/1361"}],"wp:attachment":[{"href":"http:\/\/nuevacordoba.net\/index.php\/wp-json\/wp\/v2\/media?parent=1360"}],"wp:term":[{"taxonomy":"category","embeddable":true,"href":"http:\/\/nuevacordoba.net\/index.php\/wp-json\/wp\/v2\/categories?post=1360"},{"taxonomy":"post_tag","embeddable":true,"href":"http:\/\/nuevacordoba.net\/index.php\/wp-json\/wp\/v2\/tags?post=1360"}],"curies":[{"name":"wp","href":"https:\/\/api.w.org\/{rel}","templated":true}]}}